{"id":452092,"date":"2025-10-10T08:42:10","date_gmt":"2025-10-10T08:42:10","guid":{"rendered":"https:\/\/www.europesays.com\/fr\/452092\/"},"modified":"2025-10-10T08:42:10","modified_gmt":"2025-10-10T08:42:10","slug":"grippe-covid-rhume-le-geste-essentiel-a-ne-pas-oublier-de-faire-quand-on-revient-des-courses","status":"publish","type":"post","link":"https:\/\/www.europesays.com\/fr\/452092\/","title":{"rendered":"Grippe, Covid, rhume : LE geste essentiel \u00e0 ne pas oublier de faire quand on revient des courses"},"content":{"rendered":"<p><strong>\u00c0 l&rsquo;automne, la saison des virus reprend ses droits. Aux portes des supermarch\u00e9s, un ennemi invisible se faufile \u00e0 notre insu dans nos sacs de courses : bact\u00e9ries, virus et autres micro-organismes s&rsquo;y installent, profitant de la moindre n\u00e9gligence d&rsquo;hygi\u00e8ne. Conna\u00eetre le geste essentiel \u00e0 adopter en rentrant des courses pourrait bien faire la diff\u00e9rence pour traverser l&rsquo;automne et l&rsquo;hiver en meilleure sant\u00e9.<\/strong><\/p>\n<p>Les sacs r\u00e9utilisables : nos bons alli\u00e9s qui cachent parfois de mauvaises surprises<\/p>\n<p>Impossible aujourd&rsquo;hui d&rsquo;imaginer faire ses courses sans ce fid\u00e8le compagnon. Les sacs r\u00e9utilisables ont envahi les caisses des supermarch\u00e9s, rempla\u00e7ant avec brio les sacs jetables dont l&rsquo;impact environnemental n&rsquo;est plus \u00e0 prouver. Gr\u00e2ce \u00e0 eux, <strong>chaque consommateur agit concr\u00e8tement<\/strong> en faveur de la plan\u00e8te, limitant d\u00e9chets et gaspillage. Mais derri\u00e8re cette victoire \u00e9cologique se cachent parfois des surprises inattendues pour la sant\u00e9\u2026<\/p>\n<p>Le boom des sacs r\u00e9utilisables : \u00e9cologie, \u00e9conomie, mais \u00e0 quel prix pour la sant\u00e9 ?<\/p>\n<p>Vendus \u00e0 tout petit prix, robustes, parfois jolis, ils sont con\u00e7us pour durer et pour s\u00e9duire. En France, la chasse aux sacs plastiques \u00e0 usage unique a encourag\u00e9 des millions de personnes \u00e0 adopter ces sacs multifonctions. R\u00e9sultat : on les glisse syst\u00e9matiquement dans la voiture, on les range au bureau ou on les suspend dans l&rsquo;entr\u00e9e. Mais qui pense \u00e0 les <strong>nettoyer r\u00e9guli\u00e8rement<\/strong> ? Loin d&rsquo;\u00eatre anodine, cette question prend tout son sens lorsque l&rsquo;on sait que leur surface accueille une multitude de micro-organismes \u00e0 chaque utilisation.<\/p>\n<p>Ce que cachent les poign\u00e9es : bact\u00e9ries, virus et autres compagnons ind\u00e9sirables<\/p>\n<p>Poign\u00e9es, fonds et recoins retiennent bien plus que le souvenir des derni\u00e8res emplettes. Salet\u00e9s, microbes r\u00e9sistants, gouttes de yaourt, jus de viande, restes de terre d&rsquo;un poireau ou taches d&rsquo;un fruit ab\u00eem\u00e9\u2026 Rien de plus simple que de transporter, sans le vouloir, des bact\u00e9ries vers son domicile. Au fil des semaines, sans lavage adapt\u00e9, le sac r\u00e9utilisable se transforme en v\u00e9ritable <strong>nid \u00e0 germes<\/strong>, pr\u00eat \u00e0 contaminer mains, plans de travail et r\u00e9frig\u00e9rateurs.<\/p>\n<p>Grippe, covid, rhume : pourquoi nos sacs de courses peuvent faire le lit des maladies<\/p>\n<p>En octobre, les pathologies respiratoires reprennent de la vigueur. Grippe, covid-19, virus de l&rsquo;hiver\u2026 Autant de <strong>menaces pour la sant\u00e9<\/strong>, en particulier chez les personnes fragiles. Les foyers s&#8217;emploient \u00e0 renforcer leurs gestes barri\u00e8res, mais oublient parfois que certains dangers peuvent se glisser jusque dans leur cuisine\u2026<\/p>\n<p> Les virus survivent-ils vraiment sur les sacs ? D\u00e9cryptage d&rsquo;un vrai-faux ami<\/p>\n<p>La question inqui\u00e8te \u00e0 juste titre : les virus peuvent-ils survivre sur les sacs r\u00e9utilisables ? La r\u00e9ponse n&rsquo;est pas si simple. Si leur dur\u00e9e de vie varie selon le type de surface et les conditions (temp\u00e9rature, humidit\u00e9), il est \u00e9tabli que certains agents pathog\u00e8nes persistent pendant plusieurs heures, voire parfois plusieurs jours. <strong>Sacs en tissu, en polypropyl\u00e8ne ou en jute<\/strong> accueillent indiff\u00e9remment bact\u00e9ries et virus, qui affectionnent les coins humides et sombres. Un geste d&rsquo;hygi\u00e8ne n\u00e9glig\u00e9 ouvre la porte aux petits maux de la saison.<\/p>\n<p>Aliments frais, terreux : quand le contenu du sac acc\u00e9l\u00e8re la prolif\u00e9ration invisible<\/p>\n<p>L&rsquo;automne, c&rsquo;est la saison des l\u00e9gumes racines, des champignons, des fruits juteux\u2026 Autant d&rsquo;aliments qui laissent des traces sur les sacs. <strong>L&rsquo;humidit\u00e9 et les r\u00e9sidus organiques<\/strong> cr\u00e9ent un terrain de jeu id\u00e9al pour la multiplication des germes. Entre un filet de poireaux terreux et une barquette de viande, le sac cumule les risques d&rsquo;\u00eatre contamin\u00e9\u2026 et de transmettre, \u00e0 la premi\u00e8re occasion, ces microbes aux mains et surfaces de la cuisine.<\/p>\n<p> Le geste essentiel \u00e0 adopter d\u00e8s le retour \u00e0 la maison<\/p>\n<p>Face \u00e0 ce constat, il existe un geste simple, efficace et pourtant souvent oubli\u00e9 : <strong>laver soigneusement ses sacs r\u00e9utilisables<\/strong> d\u00e8s le retour \u00e0 la maison. Ce r\u00e9flexe prot\u00e8ge la famille des virus saisonniers et limite consid\u00e9rablement la prolif\u00e9ration des bact\u00e9ries.<\/p>\n<p>Un r\u00e9flexe simple mais oubli\u00e9 : pourquoi laver ses sacs change tout<\/p>\n<p>Lorsque l&rsquo;on rentre charg\u00e9 de provisions, l&rsquo;urgence est souvent de ranger les produits frais au r\u00e9frig\u00e9rateur. Mais un passage rapide du sac sous l&rsquo;eau savonneuse ou \u00e0 la machine \u00e0 laver suffit \u00e0 \u00e9liminer l&rsquo;immense majorit\u00e9 des germes. <strong>Un sac propre, c&rsquo;est bien plus qu&rsquo;une question d&rsquo;hygi\u00e8ne : c&rsquo;est une v\u00e9ritable barri\u00e8re contre la transmission des maladies.<\/strong> Une habitude \u00e0 int\u00e9grer \u00e0 sa routine hebdomadaire, surtout en p\u00e9riode d&rsquo;\u00e9pid\u00e9mie !<\/p>\n<p>Mieux vaut pr\u00e9venir : quelles contaminations pouvons-nous r\u00e9ellement \u00e9viter ?<\/p>\n<p>Laver ses sacs r\u00e9duit nettement le risque de voir prolif\u00e9rer bact\u00e9ries pathog\u00e8nes, staphylocoques ou salmonelles tout comme les virus du rhume ou de la grippe. On prot\u00e8ge ainsi les plus vuln\u00e9rables, les enfants comme les seniors, des infections qui, sans \u00eatre spectaculaires, peuvent consid\u00e9rablement entamer le <a href=\"https:\/\/journaldesseniors.20minutes.fr\/sante\/ce-complement-magique-est-votre-meilleur-allie-pour-passer-lhiver-et-chasser-fatigue-et-rhumes\/\" target=\"_blank\" rel=\"noopener\">bien-\u00eatre durant la saison froide<\/a>.<\/p>\n<p> L&rsquo;art de bien laver et entretenir ses sacs r\u00e9utilisables<\/p>\n<p>\u00c0 chaque sac sa m\u00e9thode : l&rsquo;essentiel est de choisir la bonne technique pour conserver leur efficacit\u00e9 sans les ab\u00eemer. Un sac entretenu, c&rsquo;est une <strong>\u00e9conomie substantielle<\/strong> \u00e0 long terme\u2026 et l&rsquo;assurance d&rsquo;une hygi\u00e8ne irr\u00e9prochable.<\/p>\n<p>Tissu, plastique, jute : \u00e0 chaque type son mode d&#8217;emploi pour l&rsquo;hygi\u00e8ne<\/p>\n<p><strong>Les sacs en tissu (coton, polyester\u2026)<\/strong> passent sans probl\u00e8me \u00e0 la machine, \u00e0 30 \u00b0C ou 40 \u00b0C, avec une lessive classique. S\u00e9chage \u00e0 l&rsquo;air libre conseill\u00e9, en \u00e9vitant le s\u00e8che-linge pour ne pas risquer de les d\u00e9former.<\/p>\n<p><strong>Les sacs en plastique \u00e9pais ou en polypropyl\u00e8ne<\/strong> se lavent facilement \u00e0 l&rsquo;eau savonneuse, avec une \u00e9ponge d\u00e9di\u00e9e. Inutile d&rsquo;insister trop vigoureusement afin de ne pas compromettre leur imperm\u00e9abilit\u00e9.<\/p>\n<p><strong>Pour les mod\u00e8les en jute ou naturels<\/strong>, un brossage \u00e0 sec ou un passage rapide \u00e0 l&rsquo;eau l\u00e9g\u00e8rement savonneuse suffit, en veillant \u00e0 bien les laisser s\u00e9cher \u00e0 l&rsquo;air, \u00e0 plat.<\/p>\n<p>Fr\u00e9quence, astuces et erreurs \u00e0 \u00e9viter pour un sac impeccablement propre<\/p>\n<p>Un lavage hebdomadaire est id\u00e9al, surtout l&rsquo;hiver ou apr\u00e8s le transport de produits humides ou salissants. <strong>Mieux vaut avoir plusieurs sacs pour assurer une rotation efficace et \u00e9viter la tentation de remplir un sac sale en attendant \u00ab\u00a0le prochain lavage\u00a0\u00bb<\/strong>. \u00c9vitez \u00e9galement de stocker vos sacs dans le coffre de la voiture : la chaleur ou l&rsquo;humidit\u00e9 sont propices au d\u00e9veloppement de micro-organismes persistants.<\/p>\n<p>R\u00e9utiliser ses sacs en toute s\u00e9curit\u00e9 : les bons gestes \u00e0 adopter au quotidien<\/p>\n<p>Prot\u00e9ger sa sant\u00e9 ne tient parfois qu&rsquo;\u00e0 quelques r\u00e9flexes d&rsquo;organisation, tant au supermarch\u00e9 qu&rsquo;\u00e0 la maison. Une <strong>vigilance constante<\/strong> qui permet de garder la conscience tranquille.<\/p>\n<p>S\u00e9paration des produits : comment organiser ses courses d\u00e8s le rayon<\/p>\n<p>Un petit effort au moment de remplir le chariot : <strong>s\u00e9parer produits alimentaires frais, secs et m\u00e9nagers<\/strong> dans des sacs diff\u00e9rents limite les risques de contamination crois\u00e9e. Fruits et l\u00e9gumes terreux d&rsquo;un c\u00f4t\u00e9, viandes et poissons emball\u00e9s d&rsquo;un autre, produits d&rsquo;entretien \u00e0 part\u2026 On gagne en efficacit\u00e9 lors du rangement et tout le monde b\u00e9n\u00e9ficie d&rsquo;une meilleure s\u00e9curit\u00e9.<\/p>\n<p> O\u00f9 stocker et transporter ses sacs pour limiter la prolif\u00e9ration des germes ?<\/p>\n<p>Il est conseill\u00e9 de <strong>ranger les sacs propres dans un endroit sec et ventil\u00e9<\/strong>, \u00e0 l&rsquo;abri de l&rsquo;humidit\u00e9 et de la chaleur excessive. Accroch\u00e9s \u00e0 un porte-manteau ou rang\u00e9s dans un contenant a\u00e9r\u00e9, ils \u00e9viteront la multiplication discr\u00e8te des champignons ou bact\u00e9ries.<\/p>\n<p> Et demain ? Vers des courses plus saines et responsables<\/p>\n<p>Adopter les bons r\u00e9flexes au quotidien, c&rsquo;est la garantie de profiter pleinement des atouts des sacs r\u00e9utilisables, sans sacrifier la sant\u00e9 de la famille ni l&rsquo;efficacit\u00e9 \u00e9cologique de ses emplettes. Le <strong>changement d&rsquo;habitude<\/strong> n&rsquo;est pas si compliqu\u00e9, et devient m\u00eame un automatisme plaisant avec un minimum d&rsquo;organisation !<\/p>\n<p> Synth\u00e8se des bons r\u00e9flexes \u00e0 retenir<\/p>\n<ul>\n<li>Laver syst\u00e9matiquement ses sacs r\u00e9utilisables d\u00e8s le retour des courses.<\/li>\n<li>S\u00e9parer les produits selon leur nature pour limiter les contaminations.<\/li>\n<li>S\u00e9cher soigneusement sacs et cabas apr\u00e8s chaque lavage.<\/li>\n<li>Renouveler ou remplacer les mod\u00e8les trop us\u00e9s, d\u00e9chir\u00e9s ou difficiles \u00e0 nettoyer.<\/li>\n<\/ul>\n<p> Conseils pratiques pour aller plus loin et prot\u00e9ger sa famille \u00e0 chaque course<\/p>\n<p>Penser \u00e0 emporter un petit savon d\u00e9tachant, choisir des mat\u00e9riaux faciles \u00e0 nettoyer, planifier le rangement au retour\u2026 Chacun peut affiner ses m\u00e9thodes selon ses besoins. <strong>En prenant soin de ses accessoires \u00e9cologiques, on sublime leur utilit\u00e9, on prot\u00e8ge la plan\u00e8te et on prend soin des siens en un seul geste<\/strong>.<\/p>\n<p>D&rsquo;un simple lavage de sac peut na\u00eetre la diff\u00e9rence entre une entr\u00e9e dans l&rsquo;hiver en pleine forme et une vague de petits maux \u00e9vitables. Les habitudes \u00e9voluent, les courses aussi\u2026 Pourquoi ne pas adopter ce r\u00e9flexe indispensable et insuffler plus de sant\u00e9 dans notre quotidien ?<\/p>\n","protected":false},"excerpt":{"rendered":"\u00c0 l&rsquo;automne, la saison des virus reprend ses droits. Aux portes des supermarch\u00e9s, un ennemi invisible se faufile&hellip;\n","protected":false},"author":2,"featured_media":452093,"comment_status":"","ping_status":"","sticky":false,"template":"","format":"standard","meta":{"footnotes":""},"categories":[10],"tags":[1011,27,72,56,71],"class_list":{"0":"post-452092","1":"post","2":"type-post","3":"status-publish","4":"format-standard","5":"has-post-thumbnail","7":"category-sante","8":"tag-fr","9":"tag-france","10":"tag-health","11":"tag-push","12":"tag-sante"},"share_on_mastodon":{"url":"https:\/\/pubeurope.com\/@fr\/115348985868831800","error":""},"_links":{"self":[{"href":"https:\/\/www.europesays.com\/fr\/wp-json\/wp\/v2\/posts\/452092","targetHints":{"allow":["GET"]}}],"collection":[{"href":"https:\/\/www.europesays.com\/fr\/wp-json\/wp\/v2\/posts"}],"about":[{"href":"https:\/\/www.europesays.com\/fr\/wp-json\/wp\/v2\/types\/post"}],"author":[{"embeddable":true,"href":"https:\/\/www.europesays.com\/fr\/wp-json\/wp\/v2\/users\/2"}],"replies":[{"embeddable":true,"href":"https:\/\/www.europesays.com\/fr\/wp-json\/wp\/v2\/comments?post=452092"}],"version-history":[{"count":0,"href":"https:\/\/www.europesays.com\/fr\/wp-json\/wp\/v2\/posts\/452092\/revisions"}],"wp:featuredmedia":[{"embeddable":true,"href":"https:\/\/www.europesays.com\/fr\/wp-json\/wp\/v2\/media\/452093"}],"wp:attachment":[{"href":"https:\/\/www.europesays.com\/fr\/wp-json\/wp\/v2\/media?parent=452092"}],"wp:term":[{"taxonomy":"category","embeddable":true,"href":"https:\/\/www.europesays.com\/fr\/wp-json\/wp\/v2\/categories?post=452092"},{"taxonomy":"post_tag","embeddable":true,"href":"https:\/\/www.europesays.com\/fr\/wp-json\/wp\/v2\/tags?post=452092"}],"curies":[{"name":"wp","href":"https:\/\/api.w.org\/{rel}","templated":true}]}}