{"id":452094,"date":"2025-10-10T08:43:14","date_gmt":"2025-10-10T08:43:14","guid":{"rendered":"https:\/\/www.europesays.com\/fr\/452094\/"},"modified":"2025-10-10T08:43:14","modified_gmt":"2025-10-10T08:43:14","slug":"actualite-djokovic-se-pose-des-questions-jai-limpression-que-mon-corps-subit-constamment-des-changements","status":"publish","type":"post","link":"https:\/\/www.europesays.com\/fr\/452094\/","title":{"rendered":"Actualit\u00e9 > Djokovic se pose des questions : \u00ab\u00a0J&rsquo;ai l&rsquo;impression que mon corps subit constamment des changements\u00a0\u00bb"},"content":{"rendered":"<p>Hier, sur certaines s\u00e9quences, Novak semblait vrai\u00adment \u00e0 l\u2019agonie, son visage avait les traits plus que tir\u00e9s comme s\u2019il avait pris dix ans de\u00a0plus.\u00a0<\/p>\n<p>Il faut dire que la fatigue s\u2019ac\u00adcu\u00admule alors que les condi\u00adtions de jeu sont toujours aussi \u00e9prouvantes.\u00a0<\/p>\n<p>Apr\u00e8s sa victoire, le Serbe faisait un constat \u00e9difiant, \u00e0 chaque match de nouvelles souf\u00adfrances apparaissent.<\/p>\n<p><strong>\u00ab\u202fJ\u2019ai l\u2019im\u00adpres\u00adsion que mon corps subit constam\u00adment des chan\u00adge\u00adments dans presque tous les matchs que je joue actuel\u00adle\u00adment. J\u2019essaie de g\u00e9rer d\u2019autres probl\u00e8mes au jour le jour, et j\u2019es\u00adp\u00e8re que tout cela s\u2019am\u00e9\u00adlio\u00adrera au fil du tournoi. J\u2019ai un jour de repos avant les demi\u2010finales, ce qui est vrai\u00adment positif. Je vais revenir avec le bon \u00e9tat d\u2019es\u00adprit et la volont\u00e9 de gagner\u202f\u00bb<\/strong><\/p>\n<p class=\"post-published-date\" style=\"color: silver; font-size: 75%; text-align: left;\">Publi\u00e9 le vendredi 10 octobre 2025 \u00e0 08:45<\/p>\n","protected":false},"excerpt":{"rendered":"Hier, sur certaines s\u00e9quences, Novak semblait vrai\u00adment \u00e0 l\u2019agonie, son visage avait les traits plus que tir\u00e9s comme&hellip;\n","protected":false},"author":2,"featured_media":171743,"comment_status":"","ping_status":"","sticky":false,"template":"","format":"standard","meta":{"footnotes":""},"categories":[9],"tags":[105,1011,27,60],"class_list":{"0":"post-452094","1":"post","2":"type-post","3":"status-publish","4":"format-standard","5":"has-post-thumbnail","7":"category-sports","8":"tag-djokovic","9":"tag-fr","10":"tag-france","11":"tag-sports"},"share_on_mastodon":{"url":"https:\/\/pubeurope.com\/@fr\/115348990142373814","error":""},"_links":{"self":[{"href":"https:\/\/www.europesays.com\/fr\/wp-json\/wp\/v2\/posts\/452094","targetHints":{"allow":["GET"]}}],"collection":[{"href":"https:\/\/www.europesays.com\/fr\/wp-json\/wp\/v2\/posts"}],"about":[{"href":"https:\/\/www.europesays.com\/fr\/wp-json\/wp\/v2\/types\/post"}],"author":[{"embeddable":true,"href":"https:\/\/www.europesays.com\/fr\/wp-json\/wp\/v2\/users\/2"}],"replies":[{"embeddable":true,"href":"https:\/\/www.europesays.com\/fr\/wp-json\/wp\/v2\/comments?post=452094"}],"version-history":[{"count":0,"href":"https:\/\/www.europesays.com\/fr\/wp-json\/wp\/v2\/posts\/452094\/revisions"}],"wp:featuredmedia":[{"embeddable":true,"href":"https:\/\/www.europesays.com\/fr\/wp-json\/wp\/v2\/media\/171743"}],"wp:attachment":[{"href":"https:\/\/www.europesays.com\/fr\/wp-json\/wp\/v2\/media?parent=452094"}],"wp:term":[{"taxonomy":"category","embeddable":true,"href":"https:\/\/www.europesays.com\/fr\/wp-json\/wp\/v2\/categories?post=452094"},{"taxonomy":"post_tag","embeddable":true,"href":"https:\/\/www.europesays.com\/fr\/wp-json\/wp\/v2\/tags?post=452094"}],"curies":[{"name":"wp","href":"https:\/\/api.w.org\/{rel}","templated":true}]}}