{"id":452095,"date":"2025-10-10T08:44:21","date_gmt":"2025-10-10T08:44:21","guid":{"rendered":"https:\/\/www.europesays.com\/fr\/452095\/"},"modified":"2025-10-10T08:44:21","modified_gmt":"2025-10-10T08:44:21","slug":"audiences-enquete-en-famille-la-nouvelle-serie-de-tf1-avec-clementine-celarie-et-bernard-le-coq-a-t-elle-confirme-ses-bons-debuts","status":"publish","type":"post","link":"https:\/\/www.europesays.com\/fr\/452095\/","title":{"rendered":"Audiences : \u00ab\u00a0Enqu\u00eate en famille\u00a0\u00bb, la nouvelle s\u00e9rie de TF1 avec Cl\u00e9mentine C\u00e9lari\u00e9 et Bernard Le Coq, a-t-elle confirm\u00e9 ses bons d\u00e9buts ?"},"content":{"rendered":"<p>            <img loading=\"lazy\" decoding=\"async\" src=\"https:\/\/www.europesays.com\/fr\/wp-content\/uploads\/2025\/04\/89-665d8e735540a-35x35-1.jpg\" class=\"author-article-picture\" width=\"35\" height=\"35\"\/><\/p>\n<p>                Par<br \/>\n                                    <a class=\"author-article-bio-link\" href=\"https:\/\/www.ozap.com\/auteur\/lea-stassinet_a89\" rel=\"nofollow noopener\" target=\"_blank\">L\u00e9a Stassinet<\/a><br \/>\n                                                    | Journaliste<\/p>\n<p>\n                Venue du royaume d'\u00a0\u00bbIntervilles\u00a0\u00bb (Mont-de-Marsan), L\u00e9a Stassinet a \u00e9t\u00e9 berc\u00e9e par la \u00ab\u00a0Nouvelle Star\u00a0\u00bb. Elle ne rate jamais les C\u00e9sar ni l\u2019Eurovision, synonymes de soir\u00e9e pronostics entre amis. Passionn\u00e9e de tennis et de politique, elle suit toutes les soir\u00e9es \u00e9lectorales, sauf pendant Roland-Garros.\n            <\/p>\n<p>\n    \u00ab\u00a0Enqu\u00eate en famille\u00a0\u00bb, \u00ab\u00a0Robert Badinter, la vie avant tout\u00a0\u00bb, \u00ab\u00a0Pri\u00e8re d&rsquo;enqu\u00eater\u00a0\u00bb, \u00ab\u00a0Le meilleur p\u00e2tissier\u00a0\u00bb&#8230; Les audiences de la soir\u00e9e du jeudi 9 octobre 2025.\n<\/p>\n<p>                            <img loading=\"lazy\" decoding=\"async\" class=\"player-thumbnail\" src=\"https:\/\/www.europesays.com\/fr\/wp-content\/uploads\/2025\/10\/bbd67a7ea2ca6e3a-580x326-2.jpg\" width=\"580\" height=\"326\"\/><\/p>\n<p>                    Comment sont mesur\u00e9es les audiences t\u00e9l\u00e9 ?<\/p>\n<p>La suite apr\u00e8s la publicit\u00e9<\/p>\n<p>                            <img decoding=\"async\" class=\"article-audience-img\" src=\"https:\/\/www.europesays.com\/fr\/wp-content\/uploads\/2025\/04\/1.jpg\" alt=\"TF1\"\/><\/p>\n<p>\n                    ENQUETE EN FAMILLE<br \/>\n                    SERIE\n                <\/p>\n<p>\n                    3 184 000 t\u00e9l\u00e9spectateurs\n                <\/p>\n<p>                            <img decoding=\"async\" class=\"article-audience-img\" src=\"https:\/\/www.europesays.com\/fr\/wp-content\/uploads\/2025\/04\/3.jpg\" alt=\"France 3\"\/><\/p>\n<p>\n                    PRIERE D&rsquo;ENQUETER : BONNE CHERE ET MAUVAIS SANG<br \/>\n                    TELEFILM\n                <\/p>\n<p>\n                    1 903 000 t\u00e9l\u00e9spectateurs\n                <\/p>\n<p>                            <img decoding=\"async\" class=\"article-audience-img\" src=\"https:\/\/www.europesays.com\/fr\/wp-content\/uploads\/2025\/04\/6.jpg\" alt=\"M6\"\/><\/p>\n<p>\n                    LE MEILLEUR PATISSIER<br \/>\n                    JEU\n                <\/p>\n<p>\n                    1 667 000 t\u00e9l\u00e9spectateurs\n                <\/p>\n<p>                            <img decoding=\"async\" class=\"article-audience-img\" src=\"https:\/\/www.europesays.com\/fr\/wp-content\/uploads\/2025\/04\/13.jpg\" alt=\"TMC\"\/><\/p>\n<p>\n                    CANAP 2012<br \/>\n                    HUMOUR\n                <\/p>\n<p>\n                    1 203 000 t\u00e9l\u00e9spectateurs\n                <\/p>\n<p>                            <img decoding=\"async\" class=\"article-audience-img\" src=\"https:\/\/www.europesays.com\/fr\/wp-content\/uploads\/2025\/04\/2.jpg\" alt=\"France 2\"\/><\/p>\n<p>\n                    BADINTER : LA VIE AVANT TOUT<br \/>\n                    DOCUMENTAIRE\n                <\/p>\n<p>\n                    957 000 t\u00e9l\u00e9spectateurs\n                <\/p>\n<p>    M\u00e9diam\u00e9trie &#8211; M\u00e9diamat ; reproduction interdite, tous droits r\u00e9serv\u00e9s par M\u00e9diam\u00e9trie<\/p>\n<p>C&rsquo;est un duo qui fonctionne. Ce jeudi soir, les nouvelles aventures de <a href=\"https:\/\/www.ozap.com\/personnalite\/clementine-celarie_e1204\" rel=\"nofollow noopener\" target=\"_blank\">Cl\u00e9mentine C\u00e9lari\u00e9<\/a> et Bernard Le Coq, qui incarnent les parents bien envahissants d&rsquo;une capitaine de police incarn\u00e9e par Na\u00efma Rodric, ont diverti <strong>2,85 millions<\/strong> de t\u00e9l\u00e9spectateurs en moyenne, ce qui a permis \u00e0 TF1 de se classer en t\u00eate des audiences. Les \u00e9pisodes 3 et 4 d'\u00a0\u00bbEnqu\u00eates en famille\u00a0\u00bb ont ainsi rassembl\u00e9 <strong>18,3%<\/strong> du public pr\u00e9sent devant sa t\u00e9l\u00e9vision et <strong>17,4%<\/strong> des Femmes responsables des achats \u00e2g\u00e9es de moins de 50 ans (FRDA-50).<\/p>\n<p>La semaine derni\u00e8re, le lancement de cette s\u00e9rie polici\u00e8re avait attir\u00e9 <a href=\"https:\/\/www.ozap.com\/actu\/audiences-quel-score-pour-le-lancement-denquete-en-famille-la-nouvelle-serie-de-tf1-avec-clementine-celarie-et-bernard-le-coq\/651867\" rel=\"nofollow noopener\" target=\"_blank\">3,62 millions<\/a> de curieux en moyenne, ce qui correspondait \u00e0 une part d&rsquo;audience de 22,7% sur l&rsquo;ensemble du public et de 18,8% sur les FRDA-50.<\/p>\n<p>France 2 sous le million avec son documentaire sur Robert Badinter<\/p>\n<p>Deuxi\u00e8me, France 3 proposait une autre s\u00e9rie polici\u00e8re. Cet \u00e9pisode en rediffusion de la seule et unique saison de \u00ab\u00a0Pri\u00e8re d&rsquo;enqu\u00eater\u00a0\u00bb, port\u00e9e par Sabrina Ouazani et Mathieu Spinosi, a intrigu\u00e9 <strong>1,90 million <\/strong>de t\u00e9l\u00e9spectateurs. Cela repr\u00e9sente<strong> 11,2% <\/strong>du public \u00e2g\u00e9 de 4 ans et plus et <strong>2,9%<\/strong> des FRDA-50, cible non prioritaire pour France 3. Le 27 juillet 2023, la premi\u00e8re diffusion de cet \u00e9pisode intitul\u00e9 \u00ab\u00a0Bonne ch\u00e8re et mauvais sang\u00a0\u00bb avait f\u00e9d\u00e9r\u00e9 3,55 millions de t\u00e9l\u00e9spectateurs, soit 20,0% du public \u00e2g\u00e9 de 4 ans et plus.<\/p>\n<p>M6 poursuivait de son c\u00f4t\u00e9 la diffusion de <a href=\"https:\/\/www.ozap.com\/actu\/le-meilleur-patissier-decouvrez-les-visages-des-14-candidats-de-la-saison-14-la-derniere-de-mercotte\/651263\" rel=\"nofollow noopener\" target=\"_blank\">la saison 14 du \u00ab\u00a0Meilleur p\u00e2tissier\u00a0\u00bb<\/a>. Le concours arbitr\u00e9 par Cyril Lignac et <a href=\"https:\/\/www.ozap.com\/actu\/j-ai-decide-d-arreter-par-decence-mercotte-quitte-le-meilleur-patissier-sur-m6\/651240\" rel=\"nofollow noopener\" target=\"_blank\">Mercotte<\/a> et pr\u00e9sent\u00e9 par La\u00ebtitia Milot a d&rsquo;abord fait saliver <strong>1,67 million<\/strong> de gourmands entre 21h13 et 22h00. Cela repr\u00e9sente <strong>9,3%<\/strong> de l&rsquo;ensemble du public et <strong>18,4%<\/strong> des FRDA-50. La deuxi\u00e8me partie du programme a conserv\u00e9 l&rsquo;attention de <strong>1,55 million<\/strong> de t\u00e9l\u00e9spectateurs, soit <strong>11,7% <\/strong>du public \u00e2g\u00e9 de 4 ans et plus et <strong>23,2%<\/strong> des FRDA-50. La cha\u00eene est leader sur cette cible. Il y a une semaine, la pr\u00e9c\u00e9dente soir\u00e9e avant d&rsquo;abord r\u00e9uni 1,53 million de fans de l&rsquo;\u00e9mission, soit 8,5% du public et 17,3% des FRDA-50, puis 1,44 million \u00e9taient rest\u00e9s jusqu&rsquo;au bout, soit 10,7% de l&rsquo;ensemble du public et 20,4% des FRDA-50.<\/p>\n<p>France 2 diffusait de son c\u00f4t\u00e9 un documentaire en rediffusion, \u00ab\u00a0Robert Badinter, la vie avant tout\u00a0\u00bb. Une programmation li\u00e9e \u00e0 la panth\u00e9onisation de l&rsquo;ancien ministre de la Justice, qui a men\u00e9 un combat acharn\u00e9 pour l&rsquo;abolition de la peine de mort en France, devenue r\u00e9alit\u00e9 le 9 octobre 1981. C&rsquo;est ce jour-ci qui a \u00e9t\u00e9 choisi pour le faire entrer au Panth\u00e9on. Ce documentaire sign\u00e9 Romain Icard et r\u00e9alis\u00e9 en 2021 a int\u00e9ress\u00e9 <strong>957.000<\/strong> t\u00e9l\u00e9spectateurs, soit<strong> 5,8% <\/strong>des individus pr\u00e9sents devant leur t\u00e9l\u00e9vision et <strong>2,7%<\/strong> des FRDA-50. Il \u00e9tait suivi d&rsquo;un autre documentaire, celui-ci in\u00e9dit, \u00ab\u00a0Badinter contre la peine de mort &#8211; Le proc\u00e8s Patrick Henry\u00a0\u00bb, r\u00e9alis\u00e9 par Caroline du Saint. Le 9 f\u00e9vrier 2024, jour de la mort de l&rsquo;homme politique, la pr\u00e9c\u00e9dente diffusion de \u00ab\u00a0Robert Badinter, la vie avant tout\u00a0\u00bb avait f\u00e9d\u00e9r\u00e9 \u00e0 l&rsquo;\u00e9poque sur France 5 <a href=\"https:\/\/www.ozap.com\/actu\/audiences-quel-score-pour-les-victoires-de-la-musique-2024-sur-france-2-face-aux-20-ans-du-grand-concours-sur-tf1\/642440\" rel=\"nofollow noopener\" target=\"_blank\">786.000<\/a> t\u00e9l\u00e9spectateurs, soit 4,3% du public (1,0% des FRDA-50).<\/p>\n<p>                            <img decoding=\"async\" class=\"article-audience-img\" src=\"https:\/\/www.europesays.com\/fr\/wp-content\/uploads\/2025\/04\/336.jpg\" alt=\"W9\"\/><\/p>\n<p>\n                    Y A QUE LA VERITE QUI COMPTE<br \/>\n                    MAGAZINE\n                <\/p>\n<p>\n                    810 000 t\u00e9l\u00e9spectateurs\n                <\/p>\n<p>                            <img decoding=\"async\" class=\"article-audience-img\" src=\"https:\/\/www.europesays.com\/fr\/wp-content\/uploads\/2025\/04\/43.jpg\" alt=\"TFX\"\/><\/p>\n<p>\n                    BLACKLIGHT<br \/>\n                    FILM\n                <\/p>\n<p>\n                    774 000 t\u00e9l\u00e9spectateurs\n                <\/p>\n<p>                            <img decoding=\"async\" class=\"article-audience-img\" src=\"https:\/\/www.europesays.com\/fr\/wp-content\/uploads\/2025\/04\/533.jpg\" alt=\"Arte\"\/><\/p>\n<p>\n                    REYKJAVIK 112 : COURSE CONTRE LA MORT \\ EPISODE PILOTE<br \/>\n                    SERIE\n                <\/p>\n<p>\n                    775 000 t\u00e9l\u00e9spectateurs\n                <\/p>\n<p>                            <img decoding=\"async\" class=\"article-audience-img\" src=\"https:\/\/www.europesays.com\/fr\/wp-content\/uploads\/2025\/04\/534.jpg\" alt=\"France 5\"\/><\/p>\n<p>\n                    AMAZONES : FEMMES GUERRIERES DE L&rsquo;ANTIQUITE<br \/>\n                    DOCUMENTAIRE\n                <\/p>\n<p>\n                    543 000 t\u00e9l\u00e9spectateurs\n                <\/p>\n<p>                            <img decoding=\"async\" class=\"article-audience-img\" src=\"https:\/\/www.europesays.com\/fr\/wp-content\/uploads\/2025\/04\/723.jpg\" alt=\"TF1 Series Film\"\/><\/p>\n<p>\n                    NEW-YORK SECTION CRIMINELLE \\ LA DERNIERE SOIREE<br \/>\n                    SERIE\n                <\/p>\n<p>\n                    469 000 t\u00e9l\u00e9spectateurs\n                <\/p>\n<p>                            <img decoding=\"async\" class=\"article-audience-img\" src=\"https:\/\/www.europesays.com\/fr\/wp-content\/uploads\/2025\/04\/499.jpg\" alt=\"CSTAR\"\/><\/p>\n<p>\n                    AU COEUR DE L&rsquo;ENQUETE \\ VIOLENCES INTRA-FAMILIALES, AGRESSIONS, TRAFICS D&rsquo;ANIMAUX<br \/>\n                    DOCUMENTAIRE\n                <\/p>\n<p>\n                    307 000 t\u00e9l\u00e9spectateurs\n                <\/p>\n<p>                            <img decoding=\"async\" class=\"article-audience-img\" src=\"https:\/\/www.europesays.com\/fr\/wp-content\/uploads\/2025\/04\/726.jpg\" alt=\"RMC Story\"\/><\/p>\n<p>\n                    100 JOURS AVEC LES SECOURS \\ ACCIDENTS DOMESTIQUES, INCENDIE ET CHUTES<br \/>\n                    DOCUMENTAIRE\n                <\/p>\n<p>\n                    216 000 t\u00e9l\u00e9spectateurs\n                <\/p>\n<p>                            <img decoding=\"async\" class=\"article-audience-img\" src=\"https:\/\/www.europesays.com\/fr\/wp-content\/uploads\/2025\/04\/728.jpg\" alt=\"Ch\u00e9rie 25\"\/><\/p>\n<p>\n                    SA MERE OU MOI<br \/>\n                    FILM\n                <\/p>\n<p>\n                    211 000 t\u00e9l\u00e9spectateurs\n                <\/p>\n<p>                            <img decoding=\"async\" class=\"article-audience-img\" src=\"https:\/\/www.europesays.com\/fr\/wp-content\/uploads\/2025\/04\/727.jpg\" alt=\"RMC D\u00e9couverte\"\/><\/p>\n<p>\n                    CATASTROPHES NATURELLES : PIEGES AU COEUR  DU CHAOS \\ ATTRAPES PAR LA TORNADE<br \/>\n                    DOCUMENTAIRE\n                <\/p>\n<p>\n                    222 000 t\u00e9l\u00e9spectateurs\n                <\/p>\n<p>                            <img decoding=\"async\" class=\"article-audience-img\" src=\"https:\/\/www.europesays.com\/fr\/wp-content\/uploads\/2025\/04\/725.jpg\" alt=\"6ter\"\/><\/p>\n<p>\n                    9-1-1 LONE STAR \\ ABANDONNE<br \/>\n                    SERIE\n                <\/p>\n<p>\n                    165 000 t\u00e9l\u00e9spectateurs\n                <\/p>\n<p>                            <img decoding=\"async\" class=\"article-audience-img\" src=\"https:\/\/www.europesays.com\/fr\/wp-content\/uploads\/2025\/04\/532.jpg\" alt=\"Gulli\"\/><\/p>\n<p>\n                    THE MIDDLE \\ A LA MEMOIRE DE TANTE GINNY<br \/>\n                    SERIE\n                <\/p>\n<p>\n                    100 000 t\u00e9l\u00e9spectateurs\n                <\/p>\n<p>                            <img decoding=\"async\" class=\"article-audience-img\" src=\"https:\/\/www.europesays.com\/fr\/wp-content\/uploads\/2025\/04\/4.jpg\" alt=\"Canal+\"\/><\/p>\n<p>\n                    THE NARROW ROAD \\ EPISODE PILOTE<br \/>\n                    SERIE\n                <\/p>\n<p>\n                    52 000 t\u00e9l\u00e9spectateurs\n                <\/p>\n<p>    M\u00e9diam\u00e9trie &#8211; M\u00e9diamat ; reproduction interdite, tous droits r\u00e9serv\u00e9s par M\u00e9diam\u00e9trie<\/p>\n<p>Dans le reste de l&rsquo;offre en prime, la premi\u00e8re demi-heure de \u00ab\u00a0Canap 2012\u00a0\u00bb, la r\u00e9trospective de l&rsquo;ann\u00e9e 2012 pr\u00e9sent\u00e9e par Etienne Carbonnier sur TMC, a b\u00e9n\u00e9fici\u00e9 de la rampe de lancement de \u00ab\u00a0Quotidien\u00a0\u00bb et a rassembl\u00e9 <strong>1,20 million<\/strong> de t\u00e9l\u00e9spectateurs entre 21h15 et 21h45. Cela correspond \u00e0 <strong>6,5%<\/strong> du public et <strong>15,4%<\/strong> sur les FRDA-50. La P2 entre 21h50 et 22h40 d\u00e9gringole \u00e0 690.000 t\u00e9l\u00e9spectateurs (4,4% sur les 4+ et 11,3% sur les FRDA-50). Sur W9, le premier \u00e9pisode in\u00e9dit de \u00ab\u00a0Y&rsquo;a que la v\u00e9rit\u00e9 qui compte\u00a0\u00bb, \u00e9mission culte pr\u00e9sent\u00e9e par le duo Laurent Fontaine et Pascal Bataille, a sign\u00e9 son meilleur score depuis son arriv\u00e9e sur la cha\u00eene, avec <strong>810.000<\/strong> curieux, soit <strong>4,8%<\/strong> du public pr\u00e9sent devant sa t\u00e9l\u00e9vision et <strong>6,4%<\/strong> des FRDA-50. Le second num\u00e9ro a conserv\u00e9 l&rsquo;attention de 638.000 t\u00e9l\u00e9spectateurs (4,9% du public et 6,6% des FRDA-50).<\/p>\n","protected":false},"excerpt":{"rendered":"Par L\u00e9a Stassinet | Journaliste Venue du royaume d&rsquo;\u00a0\u00bbIntervilles\u00a0\u00bb (Mont-de-Marsan), L\u00e9a Stassinet a \u00e9t\u00e9 berc\u00e9e par la \u00ab\u00a0Nouvelle&hellip;\n","protected":false},"author":2,"featured_media":452096,"comment_status":"","ping_status":"","sticky":false,"template":"","format":"standard","meta":{"footnotes":""},"categories":[8],"tags":[58,59,1011,27],"class_list":{"0":"post-452095","1":"post","2":"type-post","3":"status-publish","4":"format-standard","5":"has-post-thumbnail","7":"category-divertissement","8":"tag-divertissement","9":"tag-entertainment","10":"tag-fr","11":"tag-france"},"share_on_mastodon":{"url":"https:\/\/pubeurope.com\/@fr\/115348995266702249","error":""},"_links":{"self":[{"href":"https:\/\/www.europesays.com\/fr\/wp-json\/wp\/v2\/posts\/452095","targetHints":{"allow":["GET"]}}],"collection":[{"href":"https:\/\/www.europesays.com\/fr\/wp-json\/wp\/v2\/posts"}],"about":[{"href":"https:\/\/www.europesays.com\/fr\/wp-json\/wp\/v2\/types\/post"}],"author":[{"embeddable":true,"href":"https:\/\/www.europesays.com\/fr\/wp-json\/wp\/v2\/users\/2"}],"replies":[{"embeddable":true,"href":"https:\/\/www.europesays.com\/fr\/wp-json\/wp\/v2\/comments?post=452095"}],"version-history":[{"count":0,"href":"https:\/\/www.europesays.com\/fr\/wp-json\/wp\/v2\/posts\/452095\/revisions"}],"wp:featuredmedia":[{"embeddable":true,"href":"https:\/\/www.europesays.com\/fr\/wp-json\/wp\/v2\/media\/452096"}],"wp:attachment":[{"href":"https:\/\/www.europesays.com\/fr\/wp-json\/wp\/v2\/media?parent=452095"}],"wp:term":[{"taxonomy":"category","embeddable":true,"href":"https:\/\/www.europesays.com\/fr\/wp-json\/wp\/v2\/categories?post=452095"},{"taxonomy":"post_tag","embeddable":true,"href":"https:\/\/www.europesays.com\/fr\/wp-json\/wp\/v2\/tags?post=452095"}],"curies":[{"name":"wp","href":"https:\/\/api.w.org\/{rel}","templated":true}]}}