{"id":452100,"date":"2025-10-10T08:47:12","date_gmt":"2025-10-10T08:47:12","guid":{"rendered":"https:\/\/www.europesays.com\/fr\/452100\/"},"modified":"2025-10-10T08:47:12","modified_gmt":"2025-10-10T08:47:12","slug":"israel-approuve-laccord-avec-le-hamas-pour-liberer-ses-otages-vivants-ou-decedes-retenus-a-gaza","status":"publish","type":"post","link":"https:\/\/www.europesays.com\/fr\/452100\/","title":{"rendered":"Isra\u00ebl approuve l\u2019accord avec le Hamas pour lib\u00e9rer ses otages \u00ab\u00a0vivants ou d\u00e9c\u00e9d\u00e9s\u00a0\u00bb retenus \u00e0 Gaza"},"content":{"rendered":"<p>        <img decoding=\"async\" loading=\"lazy\" src=\"https:\/\/www.europesays.com\/fr\/wp-content\/uploads\/2025\/10\/de3ec27_upload-1-gcb2asq9hgay-afp-20250723-67ma9wg-v1-highres-palestinianisraelconflict.jpg\"  width=\"728\" height=\"409\" alt=\"Le gouvernement isra\u00e9lien a approuv\u00e9 vendredi 10\u00a0octobre la premi\u00e8re phase de l\u2019accord avec le Hamas. (Photo : Des Palestiniens inspectent les d\u00e9g\u00e2ts apr\u00e8s une frappe isra\u00e9lienne sur le camp de r\u00e9fugi\u00e9s de Bureij, le 23\u00a0juillet 2025)\"\/>  <\/p>\n<p>EYAD BABA \/ AFP<\/p>\n<p>Le gouvernement isra\u00e9lien a approuv\u00e9 vendredi 10\u00a0octobre la premi\u00e8re phase de l\u2019accord avec le Hamas. (Photo : Des Palestiniens inspectent les d\u00e9g\u00e2ts apr\u00e8s une frappe isra\u00e9lienne sur le camp de r\u00e9fugi\u00e9s de Bureij, le 23\u00a0juillet 2025)<\/p>\n<p class=\"asset asset-text\">INTERNATIONAL &#8211; Un feu vert symbolique. Mis sous pression par <a href=\"https:\/\/www.huffingtonpost.fr\/international\/article\/pour-elaborer-l-accord-de-paix-a-gaza-ces-pays-arabes-ont-autant-compte-que-donald-trump_255786.html\" target=\"_blank\" rel=\"noopener\">Donald Trump<\/a>, le gouvernement isra\u00e9lien a indiqu\u00e9 dans la nuit de jeudi \u00e0 ce vendredi 10\u00a0octobre avoir approuv\u00e9 la premi\u00e8re phase de l\u2019accord avec le Hamas, qui concerne un <a href=\"https:\/\/www.huffingtonpost.fr\/international\/video\/a-gaza-et-en-israel-l-annonce-d-un-accord-entre-le-hamas-et-l-etat-hebreu-accueillie-par-des-cris-de-joie_255780.html\" target=\"_blank\" rel=\"noopener\">cessez-le-feu \u00e0 Gaza <\/a>et la <a href=\"https:\/\/www.huffingtonpost.fr\/international\/article\/gaza-ce-que-prevoit-l-accord-entre-le-hamas-et-israel-sur-la-liberation-des-otages_255776.html\" target=\"_blank\" rel=\"noopener\">lib\u00e9ration des otages.<\/a><\/p>\n<p class=\"asset asset-text\">\u00ab\u00a0Le gouvernement vient d\u2019approuver le cadre pour la lib\u00e9ration de tous les otages &#8211; qu\u2019ils soient vivants ou d\u00e9c\u00e9d\u00e9s\u00a0\u00bb, a pr\u00e9cis\u00e9 le bureau du gouvernement, permettant l\u2019entr\u00e9e en vigueur de l\u2019accord.<\/p>\n<p class=\"asset asset-text\">Cet accord, conclu la nuit pr\u00e9c\u00e9dente en \u00c9gypte, s\u2019int\u00e8gre dans un plan de paix en vingt points pour Gaza annonc\u00e9 le 29\u00a0septembre par Donald Trump, apr\u00e8s deux ans d\u2019une guerre d\u00e9vastatrice dans l\u2019enclave palestinienne.<\/p>\n<p class=\"asset asset-text\">Selon la D\u00e9fense civile de Gaza, Tsahal a donc commenc\u00e9 son retrait ce vendredi. \u00ab\u00a0Les forces isra\u00e9liennes se sont retir\u00e9es de plusieurs zones de la ville de Gaza\u00a0\u00bb, a ainsi d\u00e9clar\u00e9 Mohammad Al-Moughayyir, le directeur du d\u00e9partement de l\u2019aide humanitaire et de la coop\u00e9ration internationale. A Khan Youn\u00e8s, dans le sud de la bande de Gaza, \u00ab\u00a0les v\u00e9hicules isra\u00e9liens se sont retir\u00e9s des parties sud et centrale de la ville vers les zones est\u00a0\u00bb, a-t-il ajout\u00e9.<\/p>\n<p>                     Cessez-le-feu et retrait de l\u2019arm\u00e9e isra\u00e9lienne    <\/p>\n<p class=\"asset asset-text\">\u00ab\u00a0Dans les 24\u00a0heures suivant la r\u00e9union du Cabinet, le cessez-le-feu \u00e0 Gaza commencera\u00a0\u00bb, avait de son c\u00f4t\u00e9 expliqu\u00e9 Shosh Bedrosian une porte-parole du bureau du Premier ministre isra\u00e9lien, Benjamin Netanyahu, quelques heures plus t\u00f4t, lors d\u2019une conf\u00e9rence de presse.<\/p>\n<p class=\"asset asset-text\">\u00ab\u00a0Tous nos otages, vivants et d\u00e9c\u00e9d\u00e9s, seront lib\u00e9r\u00e9s (au plus tard) 72\u00a0heures (apr\u00e8s l\u2019entr\u00e9e en vigueur du cessez-le-feu), ce qui nous am\u00e8ne \u00e0 lundi\u00a0\u00bb, a ajout\u00e9 \u00e0 l\u2019AFP Shosh Bedrosian. Donald Trump a toutefois observ\u00e9 que les corps de certains otages seraient \u00ab\u00a0un peu difficiles \u00e0 trouver\u00a0\u00bb.<\/p>\n<p class=\"asset asset-text\">Dans les 24\u00a0heures suivant l\u2019entr\u00e9e en vigueur du cessez-le-feu, l\u2019arm\u00e9e isra\u00e9lienne doit aussi se retirer de zones o\u00f9 elle est d\u00e9ploy\u00e9e, mais gardera le contr\u00f4le de 53\u00a0% du territoire de la bande de Gaza, a poursuivi Shosh Bedrosian.<\/p>\n<p>                     Des ministres isra\u00e9liens d\u2019extr\u00eame droite oppos\u00e9s \u00e0 l\u2019accord    <\/p>\n<p class=\"asset asset-text\">Avant d\u2019\u00eatre valid\u00e9 par le gouvernement, l\u2019accord a \u00e9t\u00e9 valid\u00e9 par le cabinet de s\u00e9curit\u00e9 isra\u00e9lien. Le ministre isra\u00e9lien de la S\u00e9curit\u00e9 int\u00e9rieure, class\u00e9e \u00e0 l\u2019extr\u00eame droite, Itamar Ben\u00a0Gvir, s\u2019y est notamment oppos\u00e9.<\/p>\n<p class=\"asset asset-text\">\u00ab\u00a0Le c\u0153ur de chacun d\u2019entre nous se remplit de joie (&#8230;) \u00e0 l\u2019id\u00e9e que tous les otages devraient \u00eatre lib\u00e9r\u00e9s (&#8230;) Cependant, parall\u00e8lement \u00e0 cette joie, il est absolument interdit d\u2019ignorer la question du prix\u00a0: la lib\u00e9ration de milliers de terroristes, dont 250 meurtriers qui devraient \u00eatre rel\u00e2ch\u00e9s des prisons, c\u2019est un prix insupportablement lourd \u00e0 payer\u00a0\u00bb, a \u00e9crit Itamar Ben\u00a0Gvir sur X.<\/p>\n<p class=\"asset asset-text\">Plus t\u00f4t, le ministre isra\u00e9lien des Finances, Bezalel Smotrich, partenaire clef de la majorit\u00e9 de Benjamin Netanyahu, avait d\u00e9clar\u00e9 qu\u2019il voterait contre cet accord avec le Hamas. \u00ab\u00a0Il y a une peur immense des cons\u00e9quences [r\u00e9sultant du fait de] vider les prisons et de la remise en libert\u00e9 de la prochaine g\u00e9n\u00e9ration de dirigeants terroristes (&#8230;)\u00a0\u00bb, avait fustig\u00e9 le ministre d\u2019extr\u00eame droite sur X.<\/p>\n<p>                     Trump attendu au Moyen-Orient    <\/p>\n<p class=\"asset asset-text\">La lib\u00e9ration des captifs \u00ab\u00a0devrait mettre fin \u00e0 la guerre\u00a0\u00bb, a d\u00e9clar\u00e9 le chef de la diplomatie isra\u00e9lienne, Gideon Saar, le n\u00e9gociateur en chef du Hamas, Khalil al-Hayya, affirmant avoir \u00ab\u00a0re\u00e7u des assurances de la part des fr\u00e8res m\u00e9diateurs et de l\u2019administration am\u00e9ricaine, confirmant toutes que la guerre est compl\u00e8tement termin\u00e9e\u00a0\u00bb.<\/p>\n<p class=\"asset asset-text\">\u00ab\u00a0Ce qui s\u2019est pass\u00e9 est un moment historique\u00a0\u00bb, a d\u00e9clar\u00e9 pour sa part le pr\u00e9sident palestinien, Mahmoud Abbas, dans entretien accord\u00e9 \u00e0 une t\u00e9l\u00e9vision isra\u00e9lienne, dans lequel il dit souhaiter \u00ab\u00a0la paix, la s\u00e9curit\u00e9 et la stabilit\u00e9\u00a0\u00bb entre les Palestiniens et Isra\u00ebl.<\/p>\n<p class=\"asset asset-text\">Les n\u00e9gociations pour la deuxi\u00e8me phase du plan Trump devraient commencer \u00ab\u00a0imm\u00e9diatement\u00a0\u00bb dans les prochains jours, selon un responsable du Hamas. Celle-ci porte notamment sur un d\u00e9sarmement du Hamas et un retrait des troupes isra\u00e9liennes. Le pr\u00e9sident am\u00e9ricain a assur\u00e9 jeudi qu\u2019il y aurait de tels \u00ab\u00a0d\u00e9sarmements\u00a0\u00bb et \u00ab\u00a0retrait\u00a0\u00bb, sans toutefois fournir d\u2019\u00e9ch\u00e9ance et pr\u00e9cisant que la priorit\u00e9 \u00e9tait le retour des otages.<\/p>\n<p class=\"asset asset-text\">Donald Trump a \u00e9galement affirm\u00e9 qu\u2019il pr\u00e9voyait de partir pour le Moyen-Orient\u00a0: \u00ab\u00a0Les otages rentreront lundi ou mardi. Je serai probablement l\u00e0. J\u2019esp\u00e8re \u00eatre l\u00e0. Nous pr\u00e9voyons de partir dimanche, et j\u2019ai h\u00e2te d\u2019y \u00eatre.\u00a0\u00bb<\/p>\n","protected":false},"excerpt":{"rendered":"EYAD BABA \/ AFP Le gouvernement isra\u00e9lien a approuv\u00e9 vendredi 10\u00a0octobre la premi\u00e8re phase de l\u2019accord avec le&hellip;\n","protected":false},"author":2,"featured_media":452101,"comment_status":"","ping_status":"","sticky":false,"template":"","format":"standard","meta":{"footnotes":""},"categories":[5],"tags":[11,3259,1011,27,665,14,664,12,19141,28],"class_list":{"0":"post-452100","1":"post","2":"type-post","3":"status-publish","4":"format-standard","5":"has-post-thumbnail","7":"category-international","8":"tag-actualites","9":"tag-conflit-israelo-palestinien","10":"tag-fr","11":"tag-france","12":"tag-gaza","13":"tag-international","14":"tag-israel","15":"tag-news","16":"tag-otages","17":"tag-world"},"share_on_mastodon":{"url":"https:\/\/pubeurope.com\/@fr\/115349006019059506","error":""},"_links":{"self":[{"href":"https:\/\/www.europesays.com\/fr\/wp-json\/wp\/v2\/posts\/452100","targetHints":{"allow":["GET"]}}],"collection":[{"href":"https:\/\/www.europesays.com\/fr\/wp-json\/wp\/v2\/posts"}],"about":[{"href":"https:\/\/www.europesays.com\/fr\/wp-json\/wp\/v2\/types\/post"}],"author":[{"embeddable":true,"href":"https:\/\/www.europesays.com\/fr\/wp-json\/wp\/v2\/users\/2"}],"replies":[{"embeddable":true,"href":"https:\/\/www.europesays.com\/fr\/wp-json\/wp\/v2\/comments?post=452100"}],"version-history":[{"count":0,"href":"https:\/\/www.europesays.com\/fr\/wp-json\/wp\/v2\/posts\/452100\/revisions"}],"wp:featuredmedia":[{"embeddable":true,"href":"https:\/\/www.europesays.com\/fr\/wp-json\/wp\/v2\/media\/452101"}],"wp:attachment":[{"href":"https:\/\/www.europesays.com\/fr\/wp-json\/wp\/v2\/media?parent=452100"}],"wp:term":[{"taxonomy":"category","embeddable":true,"href":"https:\/\/www.europesays.com\/fr\/wp-json\/wp\/v2\/categories?post=452100"},{"taxonomy":"post_tag","embeddable":true,"href":"https:\/\/www.europesays.com\/fr\/wp-json\/wp\/v2\/tags?post=452100"}],"curies":[{"name":"wp","href":"https:\/\/api.w.org\/{rel}","templated":true}]}}