{"id":452107,"date":"2025-10-10T08:51:10","date_gmt":"2025-10-10T08:51:10","guid":{"rendered":"https:\/\/www.europesays.com\/fr\/452107\/"},"modified":"2025-10-10T08:51:10","modified_gmt":"2025-10-10T08:51:10","slug":"saint-etienne-une-cinquantaine-de-postes-a-pourvoir-a-la-galerie-monthieu","status":"publish","type":"post","link":"https:\/\/www.europesays.com\/fr\/452107\/","title":{"rendered":"Saint-\u00c9tienne : une cinquantaine de postes \u00e0 pourvoir \u00e0 la galerie Monthieu"},"content":{"rendered":"<p>Le centre commercial st\u00e9phanois accueille un forum de l&#8217;emploi, ce vendredi 10 octobre, de 14h \u00e0 17h.<\/p>\n<p>Un bon plan si vous \u00eates \u00e0 la recherche d&rsquo;un emploi.<\/p>\n<p>Un forum de recrutement est organis\u00e9, ce vendredi, <b>de 14h \u00e0 17h<\/b>, au sein de la <b>galerie Monthieu<\/b>, \u00e0 <b>Saint-\u00c9tienne<\/b>.<\/p>\n<p>Des offres \u00e0 consulter sur le site de France Travail<\/p>\n<p>Une <b>quinzaine d&rsquo;entreprises<\/b> seront pr\u00e9sentes dans le centre commercial pour proposer une <b>cinquantaine de postes<\/b>. Plusieurs secteurs seront repr\u00e9sent\u00e9s : vente, commerce, coiffure, restauration, m\u00e9tiers de bouche, int\u00e9rim, administration,&#8230;<\/p>\n<p>Vous pouvez vous pr\u00e9senter sur place sans inscription pr\u00e9alable mais avec plusieurs CV. En attendant, vous retrouvez l&rsquo;ensemble des offres sur <a class=\"url\" href=\"https:\/\/www.francetravail.fr\/accueil\/\" target=\"_blank\" rel=\"noopener\">le site de France Travail<\/a> (avec le code MONTHIEU25).<\/p>\n<p><img loading=\"lazy\" decoding=\"async\" src=\"https:\/\/www.europesays.com\/fr\/wp-content\/uploads\/2025\/10\/1760086270_959_img\" width=\"350\" height=\"200\" border=\"0\" title=\"Plusieurs responsables associatifs de la r\u00c3\u00a9gion Auvergne-Rh\u00c3\u00b4ne-Alpes se mobiliseront samedi 11 octobre.\"\/><\/p>\n<p>\u25baSoci\u00e9t\u00e9<\/p>\n<p style=\"font-size: 22px;\"><b>\u00ab\u00a0\u00c7a ne tient plus\u00a0\u00bb : les associations d&rsquo;Auvergne-Rh\u00f4ne-Alpes au bord du gouffre<\/b><\/p>\n<p>Elles interviennent dans l&rsquo;\u00e9ducation populaire,&#8230;<\/p>\n<p><\/p>\n","protected":false},"excerpt":{"rendered":"Le centre commercial st\u00e9phanois accueille un forum de l&#8217;emploi, ce vendredi 10 octobre, de 14h \u00e0 17h. Un&hellip;\n","protected":false},"author":2,"featured_media":452108,"comment_status":"","ping_status":"","sticky":false,"template":"","format":"standard","meta":{"footnotes":""},"categories":[9653],"tags":[1111,11,2430,341,257,1777,674,1011,27,530,5113,30898,12,7099,25,9920,4001],"class_list":{"0":"post-452107","1":"post","2":"type-post","3":"status-publish","4":"format-standard","5":"has-post-thumbnail","7":"category-saint-etienne","8":"tag-actu","9":"tag-actualites","10":"tag-auvergne-rhone-alpes","11":"tag-emploi","12":"tag-entreprise","13":"tag-eu","14":"tag-europe","15":"tag-fr","16":"tag-france","17":"tag-france-travail","18":"tag-job-dating","19":"tag-monthieu","20":"tag-news","21":"tag-recrutement","22":"tag-republique-francaise","23":"tag-saint-tienne","24":"tag-saint-etienne"},"share_on_mastodon":{"url":"https:\/\/pubeurope.com\/@fr\/115349022002508186","error":""},"_links":{"self":[{"href":"https:\/\/www.europesays.com\/fr\/wp-json\/wp\/v2\/posts\/452107","targetHints":{"allow":["GET"]}}],"collection":[{"href":"https:\/\/www.europesays.com\/fr\/wp-json\/wp\/v2\/posts"}],"about":[{"href":"https:\/\/www.europesays.com\/fr\/wp-json\/wp\/v2\/types\/post"}],"author":[{"embeddable":true,"href":"https:\/\/www.europesays.com\/fr\/wp-json\/wp\/v2\/users\/2"}],"replies":[{"embeddable":true,"href":"https:\/\/www.europesays.com\/fr\/wp-json\/wp\/v2\/comments?post=452107"}],"version-history":[{"count":0,"href":"https:\/\/www.europesays.com\/fr\/wp-json\/wp\/v2\/posts\/452107\/revisions"}],"wp:featuredmedia":[{"embeddable":true,"href":"https:\/\/www.europesays.com\/fr\/wp-json\/wp\/v2\/media\/452108"}],"wp:attachment":[{"href":"https:\/\/www.europesays.com\/fr\/wp-json\/wp\/v2\/media?parent=452107"}],"wp:term":[{"taxonomy":"category","embeddable":true,"href":"https:\/\/www.europesays.com\/fr\/wp-json\/wp\/v2\/categories?post=452107"},{"taxonomy":"post_tag","embeddable":true,"href":"https:\/\/www.europesays.com\/fr\/wp-json\/wp\/v2\/tags?post=452107"}],"curies":[{"name":"wp","href":"https:\/\/api.w.org\/{rel}","templated":true}]}}