{"id":452109,"date":"2025-10-10T08:52:22","date_gmt":"2025-10-10T08:52:22","guid":{"rendered":"https:\/\/www.europesays.com\/fr\/452109\/"},"modified":"2025-10-10T08:52:22","modified_gmt":"2025-10-10T08:52:22","slug":"la-justice-rejette-le-recours-des-opposants-de-lusine-knauf","status":"publish","type":"post","link":"https:\/\/www.europesays.com\/fr\/452109\/","title":{"rendered":"La justice rejette le recours des opposants de l\u2019usine Knauf\u00a0"},"content":{"rendered":"<p><strong>La cour administrative d\u2019appel de Nancy a d\u00e9clar\u00e9 l\u00e9gale l\u2019installation de l\u2019usine Knauf, \u00e0 Illange, et a rejet\u00e9 le recours de ces opposants.\u00a0<br \/><\/strong><\/p>\n<p>La justice a tranch\u00e9. La cour administrative d\u2019appel de Nancy a <strong>rejet\u00e9 le recours des riverains<\/strong>, et de deux associations, contre l\u2019arr\u00eat\u00e9 qui autorise l\u2019exploitation de l\u2019usine Knauf, \u00e0 Illange. L\u2019usine produit de l\u2019isolant de laine de roche depuis 2018. Pour ses opposants, cette production ne respectait pas le code de l\u2019Environnement. Mais la justice ne semble pas \u00eatre de cet avis.<\/p>\n<p>Rappel des faits : initialement, un permis avait \u00e9t\u00e9 accord\u00e9 en 2017 pour implanter une usine de production de laine de roche sur le site. Aucun recours n\u2019avait \u00e9t\u00e9 d\u00e9pos\u00e9 contre ce premier permis. Mais en 2019, une version modifi\u00e9e du projet, int\u00e9grant des changements techniques, avait \u00e9t\u00e9 soumise au maire qui l\u2019a autoris\u00e9e. Des habitants ont alors saisi le tribunal administratif de Strasbourg, estimant que les modifications affectaient la nature m\u00eame du projet et imposaient un nouveau permis et une \u00e9tude d\u2019impact distincte.\u00a0<\/p>\n<p>Le tribunal avait donn\u00e9 raison aux opposants en 2021, annulant le permis modificatif. Mais en appel, la Cour de Nancy a jug\u00e9 que, malgr\u00e9 les ajustements, le projet restait du m\u00eame type industriel et que ses modifications ne changeaient pas la nature essentielle de l\u2019usine initialement autoris\u00e9e. <strong>La justice estime aussi que celui-ci respecte le code de l\u2019Environnement.<\/strong> Elle a donc annul\u00e9 le jugement du tribunal de Strasbourg et rejet\u00e9 les recours.\u00a0<\/p>\n<p>L\u2019usine de Knauf a finalement <strong>l\u2019autorisation d\u2019exploiter.<\/strong> Les associations et riverains peuvent d\u00e9poser un ultime recours devant le Conseil d\u2019\u00c9tat, dans un d\u00e9lai de deux mois.\u00a0<\/p>\n<p><strong>Retrouvez toute l\u2019actualit\u00e9 de votre territoire du lundi au vendredi \u00e0 18 h sur\u00a0<a href=\"https:\/\/moselle.tv\/?s=Moselle+Info\" rel=\"nofollow noopener\" target=\"_blank\">Moselle Info<\/a>.\u00a0<br \/><\/strong><\/p>\n","protected":false},"excerpt":{"rendered":"La cour administrative d\u2019appel de Nancy a d\u00e9clar\u00e9 l\u00e9gale l\u2019installation de l\u2019usine Knauf, \u00e0 Illange, et a rejet\u00e9&hellip;\n","protected":false},"author":2,"featured_media":452110,"comment_status":"","ping_status":"","sticky":false,"template":"","format":"standard","meta":{"footnotes":""},"categories":[9635],"tags":[1111,11,1777,674,1011,27,775,1702,12,25],"class_list":{"0":"post-452109","1":"post","2":"type-post","3":"status-publish","4":"format-standard","5":"has-post-thumbnail","7":"category-nancy","8":"tag-actu","9":"tag-actualites","10":"tag-eu","11":"tag-europe","12":"tag-fr","13":"tag-france","14":"tag-grand-est","15":"tag-nancy","16":"tag-news","17":"tag-republique-francaise"},"share_on_mastodon":{"url":"https:\/\/pubeurope.com\/@fr\/115349025365601991","error":""},"_links":{"self":[{"href":"https:\/\/www.europesays.com\/fr\/wp-json\/wp\/v2\/posts\/452109","targetHints":{"allow":["GET"]}}],"collection":[{"href":"https:\/\/www.europesays.com\/fr\/wp-json\/wp\/v2\/posts"}],"about":[{"href":"https:\/\/www.europesays.com\/fr\/wp-json\/wp\/v2\/types\/post"}],"author":[{"embeddable":true,"href":"https:\/\/www.europesays.com\/fr\/wp-json\/wp\/v2\/users\/2"}],"replies":[{"embeddable":true,"href":"https:\/\/www.europesays.com\/fr\/wp-json\/wp\/v2\/comments?post=452109"}],"version-history":[{"count":0,"href":"https:\/\/www.europesays.com\/fr\/wp-json\/wp\/v2\/posts\/452109\/revisions"}],"wp:featuredmedia":[{"embeddable":true,"href":"https:\/\/www.europesays.com\/fr\/wp-json\/wp\/v2\/media\/452110"}],"wp:attachment":[{"href":"https:\/\/www.europesays.com\/fr\/wp-json\/wp\/v2\/media?parent=452109"}],"wp:term":[{"taxonomy":"category","embeddable":true,"href":"https:\/\/www.europesays.com\/fr\/wp-json\/wp\/v2\/categories?post=452109"},{"taxonomy":"post_tag","embeddable":true,"href":"https:\/\/www.europesays.com\/fr\/wp-json\/wp\/v2\/tags?post=452109"}],"curies":[{"name":"wp","href":"https:\/\/api.w.org\/{rel}","templated":true}]}}