{"id":452111,"date":"2025-10-10T08:53:13","date_gmt":"2025-10-10T08:53:13","guid":{"rendered":"https:\/\/www.europesays.com\/fr\/452111\/"},"modified":"2025-10-10T08:53:13","modified_gmt":"2025-10-10T08:53:13","slug":"un-belge-juge-pour-avoir-tue-et-enterre-son-ex-compagne-en-france-20-kilometres-plus-loin","status":"publish","type":"post","link":"https:\/\/www.europesays.com\/fr\/452111\/","title":{"rendered":"Un Belge jug\u00e9 pour avoir tu\u00e9 et enterr\u00e9 son ex-compagne en France, 20 kilom\u00e8tres plus loin"},"content":{"rendered":"<p class=\"mb-4 text-lg md:leading-8 break-words\"><strong>Assises &#8211; Le proc\u00e8s d\u2019Urbain Lef\u00e8vre d\u00e9bute ce vendredi \u00e0 Nancy. Ce septuag\u00e9naire belge est accus\u00e9 d\u2019avoir assassin\u00e9 son ancienne compagne en\u00a02020<\/strong><\/p>\n<p class=\"mb-4 text-lg md:leading-8 break-words\">Le proc\u00e8s pourrait durer une semaine. Accus\u00e9 d\u2019avoir assassin\u00e9 son ancienne compagne dans un contexte de s\u00e9paration en novembre\u00a02020, un Belge de 72 ans, Urbain Lef\u00e8vre, est jug\u00e9 aux <a href=\"https:\/\/www.20minutes.fr\/societe\/cour_d_assises-1\/?at_medium=RSS%20feed&amp;at_campaign=ynews&amp;utm_source=yahoo&amp;utm_medium=rss&amp;utm_campaign=news_feed&amp;utm_content=in_article_link\" rel=\"nofollow noopener\" target=\"_blank\" data-ylk=\"slk:assises;elm:context_link;itc:0;sec:content-canvas\" class=\"link \">assises<\/a> \u00e0 <a href=\"https:\/\/www.20minutes.fr\/dossier\/nancy?at_medium=RSS%20feed&amp;at_campaign=ynews&amp;utm_source=yahoo&amp;utm_medium=rss&amp;utm_campaign=news_feed&amp;utm_content=in_article_link\" rel=\"nofollow noopener\" target=\"_blank\" data-ylk=\"slk:Nancy;elm:context_link;itc:0;sec:content-canvas\" class=\"link \">Nancy<\/a> \u00e0 partir de vendredi.<\/p>\n<p class=\"mb-4 text-lg md:leading-8 break-words\">Le 17 novembre\u00a02020, alors qu\u2019il venait de se s\u00e9parer de France G\u00e9rard, 54 ans, il est accus\u00e9 de l\u2019avoir tu\u00e9e d\u2019un coup de carabine, \u00e0 son domicile de Mont-Saint-Martin (<a href=\"https:\/\/www.20minutes.fr\/dossier\/meurthe-et-moselle?at_medium=RSS%20feed&amp;at_campaign=ynews&amp;utm_source=yahoo&amp;utm_medium=rss&amp;utm_campaign=news_feed&amp;utm_content=in_article_link\" rel=\"nofollow noopener\" target=\"_blank\" data-ylk=\"slk:Meurthe-et-Moselle;elm:context_link;itc:0;sec:content-canvas\" class=\"link \">Meurthe-et-Moselle<\/a>), tout pr\u00e8s de la fronti\u00e8re belge. Selon l\u2019accusation, il aurait alors charg\u00e9 le corps de la victime dans sa camionnette pour aller l\u2019enterrer sur le terrain o\u00f9 il vivait dans une caravane, en for\u00eat de Stockem (<a href=\"https:\/\/www.20minutes.fr\/dossier\/belgique?at_medium=RSS%20feed&amp;at_campaign=ynews&amp;utm_source=yahoo&amp;utm_medium=rss&amp;utm_campaign=news_feed&amp;utm_content=in_article_link\" rel=\"nofollow noopener\" target=\"_blank\" data-ylk=\"slk:Belgique;elm:context_link;itc:0;sec:content-canvas\" class=\"link \">Belgique<\/a>) \u00e0 une vingtaine de kilom\u00e8tres.<\/p>\n<p class=\"mb-4 text-lg md:leading-8 break-words\">Interrog\u00e9 libre par les policiers, il a d\u2019abord ni\u00e9 les faits, puis, en garde \u00e0 vue, a racont\u00e9 qu\u2019il s\u2019\u00e9tait rendu chez la victime \u00ab\u00a0pour parler et se r\u00e9concilier\u00a0\u00bb, et qu\u2019il l\u2019avait tu\u00e9e accidentellement, en tr\u00e9buchant alors qu\u2019il avait en main la carabine, munie d\u2019un silencieux.<\/p>\n<p class=\"mb-4 text-lg md:leading-8 break-words\">Devant le juge d\u2019instruction, en avril\u00a02023, il a de nouveau chang\u00e9 de version, niant \u00eatre l\u2019auteur du tir mortel et m\u00eame avoir \u00e9t\u00e9 pr\u00e9sent \u00e0 Mont-Saint-Martin ce matin-l\u00e0. Pour l\u2019accusation, les faits d\u2019assassinat sont acquis.<\/p>\n<p class=\"mb-4 text-lg md:leading-8 break-words\">L\u2019enqu\u00eate a permis de mettre en \u00e9vidence des r\u00e9sidus de poudre dans le hall d\u2019entr\u00e9e du domicile, d\u00e9sign\u00e9 par l\u2019accus\u00e9 comme le lieu du tir, ainsi que du sang sur les habits qu\u2019il portait le 16\u00a0novembre.<\/p>\n<p class=\"mb-4 text-lg md:leading-8 break-words\">Plusieurs voisins ont \u00e9galement dit avoir aper\u00e7u la voiture d\u2019Urbain Lef\u00e8vre, les jours pr\u00e9c\u00e9dant les faits, r\u00f4der aux abo(&#8230;)<\/p>\n<p class=\"mb-4 text-lg md:leading-8 break-words\"><a href=\"https:\/\/www.20minutes.fr\/justice\/4178398-20251010-nancy-belge-juge-avoir-tue-enterre-ex-compagne-france?at_medium=RSS%20feed&amp;at_campaign=ynews&amp;utm_source=yahoo&amp;utm_medium=rss&amp;utm_campaign=news_feed&amp;utm_content=read_more_link&quot;\" rel=\"nofollow noopener\" target=\"_blank\" data-ylk=\"slk:Lire la suite sur 20minutes;elm:context_link;itc:0;sec:content-canvas\" class=\"link \">Lire la suite sur 20minutes<\/a><\/p>\n<p>\u00c0 lire aussi :<br \/><a href=\"https:\/\/www.20minutes.fr\/faits_divers\/4178342-20251009-aisne-sexagenaire-tue-femme-atteinte-alzheimer-suicide?at_medium=RSS%20feed&amp;at_campaign=ynews&amp;utm_source=yahoo&amp;utm_medium=rss&amp;utm_campaign=news_feed&amp;utm_content=related_content_link\" rel=\"nofollow noopener\" target=\"_blank\" data-ylk=\"slk:Aisne\u00a0: Un sexag\u00e9naire tue sa femme atteinte d\u2019Alzheimer et se suicide;elm:context_link;itc:0;sec:content-canvas\" class=\"link \">Aisne\u00a0: Un sexag\u00e9naire tue sa femme atteinte d\u2019Alzheimer et se suicide<\/a><br \/><a href=\"https:\/\/www.20minutes.fr\/faits_divers\/4177945-20251008-maine-loire-homme-avoue-meurtre-femme-tente-suicider-provoquant-accident-route?at_medium=RSS%20feed&amp;at_campaign=ynews&amp;utm_source=yahoo&amp;utm_medium=rss&amp;utm_campaign=news_feed&amp;utm_content=related_content_link\" rel=\"nofollow noopener\" target=\"_blank\" data-ylk=\"slk:Maine-et-Loire\u00a0: Un homme avoue le meurtre de sa femme et tente de se suicider en provoquant un accident de la route;elm:context_link;itc:0;sec:content-canvas\" class=\"link \">Maine-et-Loire\u00a0: Un homme avoue le meurtre de sa femme et tente de se suicider en provoquant un accident de la route<\/a><\/p>\n","protected":false},"excerpt":{"rendered":"Assises &#8211; Le proc\u00e8s d\u2019Urbain Lef\u00e8vre d\u00e9bute ce vendredi \u00e0 Nancy. Ce septuag\u00e9naire belge est accus\u00e9 d\u2019avoir assassin\u00e9&hellip;\n","protected":false},"author":2,"featured_media":404828,"comment_status":"","ping_status":"","sticky":false,"template":"","format":"standard","meta":{"footnotes":""},"categories":[9635],"tags":[1111,11,1777,674,1011,27,57781,57780,775,57779,38257,1702,12,25],"class_list":{"0":"post-452111","1":"post","2":"type-post","3":"status-publish","4":"format-standard","5":"has-post-thumbnail","7":"category-nancy","8":"tag-actu","9":"tag-actualites","10":"tag-eu","11":"tag-europe","12":"tag-fr","13":"tag-france","14":"tag-france-gerard","15":"tag-frontiere-belge","16":"tag-grand-est","17":"tag-lefevre","18":"tag-mont-saint-martin","19":"tag-nancy","20":"tag-news","21":"tag-republique-francaise"},"share_on_mastodon":{"url":"https:\/\/pubeurope.com\/@fr\/115349029095723830","error":""},"_links":{"self":[{"href":"https:\/\/www.europesays.com\/fr\/wp-json\/wp\/v2\/posts\/452111","targetHints":{"allow":["GET"]}}],"collection":[{"href":"https:\/\/www.europesays.com\/fr\/wp-json\/wp\/v2\/posts"}],"about":[{"href":"https:\/\/www.europesays.com\/fr\/wp-json\/wp\/v2\/types\/post"}],"author":[{"embeddable":true,"href":"https:\/\/www.europesays.com\/fr\/wp-json\/wp\/v2\/users\/2"}],"replies":[{"embeddable":true,"href":"https:\/\/www.europesays.com\/fr\/wp-json\/wp\/v2\/comments?post=452111"}],"version-history":[{"count":0,"href":"https:\/\/www.europesays.com\/fr\/wp-json\/wp\/v2\/posts\/452111\/revisions"}],"wp:featuredmedia":[{"embeddable":true,"href":"https:\/\/www.europesays.com\/fr\/wp-json\/wp\/v2\/media\/404828"}],"wp:attachment":[{"href":"https:\/\/www.europesays.com\/fr\/wp-json\/wp\/v2\/media?parent=452111"}],"wp:term":[{"taxonomy":"category","embeddable":true,"href":"https:\/\/www.europesays.com\/fr\/wp-json\/wp\/v2\/categories?post=452111"},{"taxonomy":"post_tag","embeddable":true,"href":"https:\/\/www.europesays.com\/fr\/wp-json\/wp\/v2\/tags?post=452111"}],"curies":[{"name":"wp","href":"https:\/\/api.w.org\/{rel}","templated":true}]}}