{"id":452116,"date":"2025-10-10T08:56:14","date_gmt":"2025-10-10T08:56:14","guid":{"rendered":"https:\/\/www.europesays.com\/fr\/452116\/"},"modified":"2025-10-10T08:56:14","modified_gmt":"2025-10-10T08:56:14","slug":"livreur-le-jour-dealer-la-nuit-il-voulait-juste-arrondir-ses-fins-de-mois","status":"publish","type":"post","link":"https:\/\/www.europesays.com\/fr\/452116\/","title":{"rendered":"livreur le jour, dealer la nuit, il voulait juste arrondir ses fins de mois"},"content":{"rendered":"<p>            Par<br \/>\n        <strong><br \/>\n            <a href=\"https:\/\/actu.fr\/auteur\/lea-pippinato\" title=\"Consulter tous les articles de L\u00e9a Pippinato\" target=\"_blank\" rel=\"noopener\">L\u00e9a Pippinato<\/a><br \/>\n        <\/strong><\/p>\n<p>        Publi\u00e9 le<\/p>\n<p>            10 oct. 2025 \u00e0 10h32        <\/p>\n<p><strong>Dans la nuit de ce jeudi 9 octobre 2025<\/strong>, vers 2h du matin, une patrouille de police circulait dans le secteur de l\u2019avenue de Maurin, quartier Lemasson, \u00e0 Montpellier. Les agents remarquent un v\u00e9hicule arr\u00eat\u00e9 sur le bas-c\u00f4t\u00e9, phares allum\u00e9s, sans conducteur visible \u00e0 proximit\u00e9. Intrigu\u00e9s, ils s\u2019approchent et per\u00e7oivent une forte odeur de cannabis venant de l\u2019habitacle.<\/p>\n<p>    <a href=\"https:\/\/www.google.com\/maps\/embed?pb=!1m18!1m12!1m3!1d23114.090373704526!2d3.8535167999999995!3d43.6011008!2m3!1f0!2f0!3f0!3m2!1i1024!2i768!4f13.1!3m3!1m2!1s0x12b6afc83ac7eca3%3A0x4b8cb69a53ea1179!2sAv.%20de%20Maurin%2C%20Montpellier!5e0!3m2!1sen!2sfr!4v1760023643582!5m2!1sen!2sfr\" title=\"Ouvrie le lien\" target=\"_blank\" rel=\"noopener\">Cliquez ici pour visualiser le contenu<\/a><\/p>\n<p class=\" wall-content\">Le conducteur, un jeune homme de 19 ans, se trouve alors \u00e0 bord. Les policiers l\u2019invitent \u00e0 sortir du v\u00e9hicule pour un contr\u00f4le d\u2019identit\u00e9, et une fouille du v\u00e9hicule est engag\u00e9e. \u00c0 l\u2019int\u00e9rieur, les forces de l\u2019ordre d\u00e9couvrent plusieurs sachets contenant 5 grammes de r\u00e9sine de cannabis, 2 grammes d\u2019herbe et 7 grammes de coca\u00efne.<\/p>\n<p>De salari\u00e9 \u00e0 revendeur occasionnel<\/p>\n<p class=\" wall-content\">Interpell\u00e9, le Montpelli\u00e9rain est plac\u00e9 en garde \u00e0 vue. Face aux enqu\u00eateurs, il reconna\u00eet les faits sans d\u00e9tour. Il explique \u00eatre salari\u00e9 dans une entreprise locale, mais rencontrer des difficult\u00e9s financi\u00e8res. Selon ses d\u00e9clarations, il revendrait des stup\u00e9fiants trois \u00e0 quatre fois par semaine afin d\u2019arrondir ses fins de mois. Il dit s\u2019approvisionner principalement dans les quartiers de Figuerolles et de Lemasson, avant d\u2019effectuer ses livraisons \u00e0 des clients r\u00e9guliers. Apr\u00e8s sa garde \u00e0 vue, le suspect a \u00e9t\u00e9 d\u00e9f\u00e9r\u00e9 au parquet de Montpellier ce jour \u00e0 14h.<\/p>\n<p class=\" wall-content\">Personnalisez votre actualit\u00e9 en ajoutant vos villes et m\u00e9dias en favori avec <a href=\"https:\/\/moncompte.actu.fr\" title=\"D\u00e9couvez Mon Actu\" rel=\"nofollow noopener\" data-trk=\"{&quot;cta&quot;:{&quot;action&quot;:&quot;https:\\\/\\\/moncompte.actu.fr&quot;,&quot;category&quot;:&quot;mon compte&quot;,&quot;from&quot;:&quot;article footer&quot;,&quot;name&quot;:&quot;Mon actu&quot;,&quot;type&quot;:&quot;cta&quot;}}\" target=\"_blank\">Mon Actu<\/a>.<\/p>\n","protected":false},"excerpt":{"rendered":"Par L\u00e9a Pippinato Publi\u00e9 le 10 oct. 2025 \u00e0 10h32 Dans la nuit de ce jeudi 9 octobre&hellip;\n","protected":false},"author":2,"featured_media":452117,"comment_status":"","ping_status":"","sticky":false,"template":"","format":"standard","meta":{"footnotes":""},"categories":[9599],"tags":[1111,11,1261,1052,1777,674,118,1011,27,2208,12,2680,1072,25],"class_list":{"0":"post-452116","1":"post","2":"type-post","3":"status-publish","4":"format-standard","5":"has-post-thumbnail","7":"category-montpellier","8":"tag-actu","9":"tag-actualites","10":"tag-argent","11":"tag-drogue","12":"tag-eu","13":"tag-europe","14":"tag-faits-divers","15":"tag-fr","16":"tag-france","17":"tag-montpellier","18":"tag-news","19":"tag-occitanie","20":"tag-police","21":"tag-republique-francaise"},"share_on_mastodon":{"url":"https:\/\/pubeurope.com\/@fr\/115349040931639097","error":""},"_links":{"self":[{"href":"https:\/\/www.europesays.com\/fr\/wp-json\/wp\/v2\/posts\/452116","targetHints":{"allow":["GET"]}}],"collection":[{"href":"https:\/\/www.europesays.com\/fr\/wp-json\/wp\/v2\/posts"}],"about":[{"href":"https:\/\/www.europesays.com\/fr\/wp-json\/wp\/v2\/types\/post"}],"author":[{"embeddable":true,"href":"https:\/\/www.europesays.com\/fr\/wp-json\/wp\/v2\/users\/2"}],"replies":[{"embeddable":true,"href":"https:\/\/www.europesays.com\/fr\/wp-json\/wp\/v2\/comments?post=452116"}],"version-history":[{"count":0,"href":"https:\/\/www.europesays.com\/fr\/wp-json\/wp\/v2\/posts\/452116\/revisions"}],"wp:featuredmedia":[{"embeddable":true,"href":"https:\/\/www.europesays.com\/fr\/wp-json\/wp\/v2\/media\/452117"}],"wp:attachment":[{"href":"https:\/\/www.europesays.com\/fr\/wp-json\/wp\/v2\/media?parent=452116"}],"wp:term":[{"taxonomy":"category","embeddable":true,"href":"https:\/\/www.europesays.com\/fr\/wp-json\/wp\/v2\/categories?post=452116"},{"taxonomy":"post_tag","embeddable":true,"href":"https:\/\/www.europesays.com\/fr\/wp-json\/wp\/v2\/tags?post=452116"}],"curies":[{"name":"wp","href":"https:\/\/api.w.org\/{rel}","templated":true}]}}