{"id":452122,"date":"2025-10-10T09:00:14","date_gmt":"2025-10-10T09:00:14","guid":{"rendered":"https:\/\/www.europesays.com\/fr\/452122\/"},"modified":"2025-10-10T09:00:14","modified_gmt":"2025-10-10T09:00:14","slug":"jour-de-la-nuit-pourquoi-grenoble-va-eteindre-son-eclairage-public-pendant-une-heure-ce-samedi-soir","status":"publish","type":"post","link":"https:\/\/www.europesays.com\/fr\/452122\/","title":{"rendered":"Jour de la nuit. Pourquoi Grenoble va \u00e9teindre son \u00e9clairage public pendant une heure ce samedi soir"},"content":{"rendered":"<p>Ce samedi 11\u00a0octobre 2025, la ville \u00e9teindra son \u00e9clairage public de 21\u00a0h\u00a030 \u00e0 22\u00a0h\u00a030 sur plusieurs secteurs de l\u2019agglom\u00e9ration. Cette initiative s\u2019inscrit dans une op\u00e9ration nationale de sensibilisation \u00e0 la pollution lumineuse, \u00e0 la protection de la diversit\u00e9 nocturne et \u00e0 la red\u00e9couverte du ciel \u00e9toil\u00e9.<\/p>\n<p>L\u2019institut de Plan\u00e9tologie et d\u2019Astrophysique de Grenoble, propose une soir\u00e9e d\u2019observation du ciel. L\u2019occasion pour les habitants grenoblois de d\u00e9couvrir les \u00e9toiles et d\u2019en apprendre davantage sur la protection de la biodiversit\u00e9 nocturne. Pour les int\u00e9ress\u00e9s la soir\u00e9e se d\u00e9roulera au parc jean Verlhac de 20\u00a0h \u00e0 22\u00a0h\u00a030.<\/p>\n<p>Cette initiative poursuit plusieurs objectifs, qui permettront entre autres de pr\u00e9server les ressources \u00e9nerg\u00e9tiques et de r\u00e9duire la pollution lumineuse et ses impacts sur la faune et la flore.<\/p>\n","protected":false},"excerpt":{"rendered":"Ce samedi 11\u00a0octobre 2025, la ville \u00e9teindra son \u00e9clairage public de 21\u00a0h\u00a030 \u00e0 22\u00a0h\u00a030 sur plusieurs secteurs de&hellip;\n","protected":false},"author":2,"featured_media":452123,"comment_status":"","ping_status":"","sticky":false,"template":"","format":"standard","meta":{"footnotes":""},"categories":[9566],"tags":[1111,11,2430,112,436,1777,674,107,1011,27,2731,2732,108,1985,12,25],"class_list":{"0":"post-452122","1":"post","2":"type-post","3":"status-publish","4":"format-standard","5":"has-post-thumbnail","7":"category-grenoble","8":"tag-actu","9":"tag-actualites","10":"tag-auvergne-rhone-alpes","11":"tag-edition-grenoble-agglomeration","12":"tag-environnement","13":"tag-eu","14":"tag-europe","15":"tag-fil-info","16":"tag-fr","17":"tag-france","18":"tag-grenoble","19":"tag-grenoble-bassin","20":"tag-isere","21":"tag-metropole-de-grenoble","22":"tag-news","23":"tag-republique-francaise"},"share_on_mastodon":{"url":"https:\/\/pubeurope.com\/@fr\/115349056711576056","error":""},"_links":{"self":[{"href":"https:\/\/www.europesays.com\/fr\/wp-json\/wp\/v2\/posts\/452122","targetHints":{"allow":["GET"]}}],"collection":[{"href":"https:\/\/www.europesays.com\/fr\/wp-json\/wp\/v2\/posts"}],"about":[{"href":"https:\/\/www.europesays.com\/fr\/wp-json\/wp\/v2\/types\/post"}],"author":[{"embeddable":true,"href":"https:\/\/www.europesays.com\/fr\/wp-json\/wp\/v2\/users\/2"}],"replies":[{"embeddable":true,"href":"https:\/\/www.europesays.com\/fr\/wp-json\/wp\/v2\/comments?post=452122"}],"version-history":[{"count":0,"href":"https:\/\/www.europesays.com\/fr\/wp-json\/wp\/v2\/posts\/452122\/revisions"}],"wp:featuredmedia":[{"embeddable":true,"href":"https:\/\/www.europesays.com\/fr\/wp-json\/wp\/v2\/media\/452123"}],"wp:attachment":[{"href":"https:\/\/www.europesays.com\/fr\/wp-json\/wp\/v2\/media?parent=452122"}],"wp:term":[{"taxonomy":"category","embeddable":true,"href":"https:\/\/www.europesays.com\/fr\/wp-json\/wp\/v2\/categories?post=452122"},{"taxonomy":"post_tag","embeddable":true,"href":"https:\/\/www.europesays.com\/fr\/wp-json\/wp\/v2\/tags?post=452122"}],"curies":[{"name":"wp","href":"https:\/\/api.w.org\/{rel}","templated":true}]}}