{"id":452124,"date":"2025-10-10T09:01:18","date_gmt":"2025-10-10T09:01:18","guid":{"rendered":"https:\/\/www.europesays.com\/fr\/452124\/"},"modified":"2025-10-10T09:01:18","modified_gmt":"2025-10-10T09:01:18","slug":"669-de-nouveaux-utilisateurs-apres-la-greve-des-transports","status":"publish","type":"post","link":"https:\/\/www.europesays.com\/fr\/452124\/","title":{"rendered":"+669\u00a0% de nouveaux utilisateurs apr\u00e8s la gr\u00e8ve des transports"},"content":{"rendered":"<p>Il suffisait d\u2019observer les pistes cyclables ce jeudi 9\u00a0octobre \u00e0 Grenoble pour constater que nombre de personnes avaient choisi le service de v\u00e9los et de trottinettes en libre-service, Voi, pour faire face \u00e0 la gr\u00e8ve des transports. R\u00e9sultat\u00a0: l\u2019op\u00e9rateur a battu des records avec +56\u00a0% de trajets effectu\u00e9s par rapport \u00e0 jeudi dernier. Mais le chiffre le plus hallucinant, c\u2019est celui de nouveaux utilisateurs\u00a0: +669\u00a0% par rapport \u00e0 la veille, mercredi 8\u00a0octobre. Chaque v\u00e9hicule a fait en moyenne sept trajets. Une aubaine pour l\u2019entreprise <a href=\"https:\/\/www.ledauphine.com\/transport\/2025\/06\/30\/isere-metropole-de-grenoble-nouvelles-trottinettes-et-velos-electriques-on-connait-la-date-d-arrivee-de-la-nouvelle-flotte\" target=\"_blank\" rel=\"noopener\">qui est arriv\u00e9e dans la m\u00e9tropole de Grenoble depuis le 1er \u00a0juillet<\/a>.<\/p>\n","protected":false},"excerpt":{"rendered":"Il suffisait d\u2019observer les pistes cyclables ce jeudi 9\u00a0octobre \u00e0 Grenoble pour constater que nombre de personnes avaient&hellip;\n","protected":false},"author":2,"featured_media":452125,"comment_status":"","ping_status":"","sticky":false,"template":"","format":"standard","meta":{"footnotes":""},"categories":[9566],"tags":[1111,11,2430,3542,9671,112,1777,674,107,1011,27,2731,2732,1757,108,12,25,2803],"class_list":{"0":"post-452124","1":"post","2":"type-post","3":"status-publish","4":"format-standard","5":"has-post-thumbnail","7":"category-grenoble","8":"tag-actu","9":"tag-actualites","10":"tag-auvergne-rhone-alpes","11":"tag-circulation","12":"tag-conflit-social","13":"tag-edition-grenoble-agglomeration","14":"tag-eu","15":"tag-europe","16":"tag-fil-info","17":"tag-fr","18":"tag-france","19":"tag-grenoble","20":"tag-grenoble-bassin","21":"tag-insolite","22":"tag-isere","23":"tag-news","24":"tag-republique-francaise","25":"tag-transport"},"share_on_mastodon":{"url":"https:\/\/pubeurope.com\/@fr\/115349060596434843","error":""},"_links":{"self":[{"href":"https:\/\/www.europesays.com\/fr\/wp-json\/wp\/v2\/posts\/452124","targetHints":{"allow":["GET"]}}],"collection":[{"href":"https:\/\/www.europesays.com\/fr\/wp-json\/wp\/v2\/posts"}],"about":[{"href":"https:\/\/www.europesays.com\/fr\/wp-json\/wp\/v2\/types\/post"}],"author":[{"embeddable":true,"href":"https:\/\/www.europesays.com\/fr\/wp-json\/wp\/v2\/users\/2"}],"replies":[{"embeddable":true,"href":"https:\/\/www.europesays.com\/fr\/wp-json\/wp\/v2\/comments?post=452124"}],"version-history":[{"count":0,"href":"https:\/\/www.europesays.com\/fr\/wp-json\/wp\/v2\/posts\/452124\/revisions"}],"wp:featuredmedia":[{"embeddable":true,"href":"https:\/\/www.europesays.com\/fr\/wp-json\/wp\/v2\/media\/452125"}],"wp:attachment":[{"href":"https:\/\/www.europesays.com\/fr\/wp-json\/wp\/v2\/media?parent=452124"}],"wp:term":[{"taxonomy":"category","embeddable":true,"href":"https:\/\/www.europesays.com\/fr\/wp-json\/wp\/v2\/categories?post=452124"},{"taxonomy":"post_tag","embeddable":true,"href":"https:\/\/www.europesays.com\/fr\/wp-json\/wp\/v2\/tags?post=452124"}],"curies":[{"name":"wp","href":"https:\/\/api.w.org\/{rel}","templated":true}]}}