{"id":452131,"date":"2025-10-10T09:05:13","date_gmt":"2025-10-10T09:05:13","guid":{"rendered":"https:\/\/www.europesays.com\/fr\/452131\/"},"modified":"2025-10-10T09:05:13","modified_gmt":"2025-10-10T09:05:13","slug":"lancienne-maire-et-ministre-catherine-trautmann-annonce-sa-candidature-a-strasbourg","status":"publish","type":"post","link":"https:\/\/www.europesays.com\/fr\/452131\/","title":{"rendered":"l&rsquo;ancienne maire et ministre Catherine Trautmann annonce sa candidature \u00e0 Strasbourg"},"content":{"rendered":"<p class=\"article__intro\">\u00c0 74 ans, la socialiste Catherine Trautmann a d\u00e9cid\u00e9 de se lancer dans la campagne des \u00e9lections municipales 2026. L&rsquo;ancienne maire de Strasbourg entend succ\u00e9der \u00e0 la maire sortante \u00e9cologiste Jeanne Barseghian, en difficult\u00e9 dans les sondages.<\/p>\n<p>\n      L\u2019actu des r\u00e9gions\n    <\/p>\n<p>\n      Chaque jour, un tour d\u2019horizon des principales infos de toutes les r\u00e9gions.\n    <\/p>\n<p>    France T\u00e9l\u00e9visions utilise votre adresse e-mail afin de vous envoyer la newsletter \u00ab\u00a0L\u2019actu des r\u00e9gions\u00a0\u00bb. Vous pouvez vous d\u00e9sinscrire \u00e0 tout moment via le lien en bas de cette newsletter. <a target=\"_blank\" href=\"https:\/\/www.francetelevisions.fr\/groupe\/confidentialite\/politique-de-confidentialite\/politique-de-confidentialite-de-france-televisions-6503\" rel=\"nofollow noopener\">Notre politique de confidentialit\u00e9<\/a><\/p>\n<p>Si elle d\u00e9vait \u00eatre \u00e9lue, elle aurait 81 ans \u00e0 l&rsquo;issue de son mandat. Mais le temps n&rsquo;a visiblement pas de prise sur Catherine Trautmann, qui a annonc\u00e9 sa candidature aux prochaines \u00e9lections municipales ce vendredi 10 octobre, devant la gare de Strasbourg. L&rsquo;ancienne maire socialiste, \u00e9galement ministre de la Culture au sein du gouvernement de Lionel Jospin, entend succ\u00e9der \u00e0 Jeanne Barseghian (Les Ecologistes), en difficult\u00e9 dans <a href=\"https:\/\/france3-regions.franceinfo.fr\/grand-est\/bas-rhin\/strasbourg-0\/municipales-2026-la-maire-ecologiste-de-strasbourg-jeanne-barseghian-en-difficulte-dans-un-premier-sondage-3216272.html\" target=\"_blank\" rel=\"noopener noreferrer nofollow\" data-tooltip-url=\"https:\/\/france3-regions.franceinfo.fr\/grand-est\/bas-rhin\/strasbourg-0\/municipales-2026-la-maire-ecologiste-de-strasbourg-jeanne-barseghian-en-difficulte-dans-un-premier-sondage-3216272.html\">le premier sondage d&rsquo;opinion local.<\/a><\/p>\n<p>\u00ab\u00a0Je m&rsquo;engage aujourd&rsquo;hui \u00e0 \u00eatre candidate pour que Strasbourg redevienne cette ville qui innove et \u00e9mancipe\u00a0\u00bb, a-t-elle d\u00e9clar\u00e9. Sa candidature ne faisait en r\u00e9alit\u00e9 que peu de doutes. Catherine Trautmann avait en effet organis\u00e9 <a href=\"https:\/\/www.rue89strasbourg.com\/catherine-trautmann-rendez-vous-municipales-358269\" target=\"_blank\" rel=\"noopener noreferrer nofollow\" data-tooltip-url=\"https:\/\/www.rue89strasbourg.com\/catherine-trautmann-rendez-vous-municipales-358269\">une s\u00e9rie de 17 rencontres<\/a> en septembre et en octobre avec les Strasbourgeois pour \u00ab\u00a0rouvrir un dialogue direct, simple et sinc\u00e8re avec celles et ceux qui font battre le coeur et la raison de la ville\u00a0\u00bb. Une premi\u00e8re rampe de lancement \u00e0 peine d\u00e9guis\u00e9e vers les \u00e9lections de mars. Le dernier de ces rendez-vous avait d&rsquo;ailleurs lieu ce mercredi, donc deux jours avant l&rsquo;annonce de sa candidature officielle.<\/p>\n<p>Qu&rsquo;il semble loin, pourtant, le temps o\u00f9 Trautmann incarnait la r\u00e9sistance de gauche face \u00e0 la supr\u00e9matie de la droite \u00e0 Strasbourg. C&rsquo;\u00e9tait en 1989, quand elle triomphait face au s\u00e9nateur Marcel Rudloff, mettant fin \u00e0 quasiment 50 ans de r\u00e8gne de la droite r\u00e9publicaine. Elle devenait par la m\u00eame occasion, \u00e0 l&rsquo;\u00e2ge de 38 ans, la premi\u00e8re femme maire d&rsquo;une ville fran\u00e7aise de plus de 100 000 habitants. Elle sera maire de 1989 \u00e0 1997, puis de nouveau de 2000 \u00e0 2001, ann\u00e9es pendant lesquelles elle lancera notamment le r\u00e9seau de tramway de Strasbourg.<\/p>\n<\/p>\n<p>Paradoxalement, c&rsquo;est en partie son ascension fulgurante jusqu&rsquo;au poste de ministre de la Culture sous Jospin qui pr\u00e9figurera la baisse de sa popularit\u00e9 \u00e0 Strasbourg. Car lorsqu&rsquo;elle retourne aux affaires en 2000, la maire a perdu de sa superbe. <a href=\"https:\/\/www.lemonde.fr\/archives\/article\/2001\/03\/13\/strasbourg-catherine-trautmann-joue-son-va-tout-les-pressions-se-multiplient-sur-m-petitdemange_159422_1819218.html\" target=\"_blank\" rel=\"noopener noreferrer nofollow\" data-tooltip-url=\"https:\/\/www.lemonde.fr\/archives\/article\/2001\/03\/13\/strasbourg-catherine-trautmann-joue-son-va-tout-les-pressions-se-multiplient-sur-m-petitdemange_159422_1819218.html\">Des tensions apparaissent<\/a> avec son bras droit d&rsquo;alors, maire int\u00e9rimaire pendant son aventure nationale, Roland Ries, ainsi qu&rsquo;avec son adjoint aux finances, Jean-Claude Petitdemange. Ce dernier ent\u00e9rine le divorce en lan\u00e7ant une liste dissidente aux municipales de 2001. Ces divisions \u00e0 gauche lassent l&rsquo;\u00e9lectorat strasbourgeois, qui place l&rsquo;UDF de Fabienne Keller en t\u00eate, devant le PS de Trautmann, qui atteint p\u00e9niblement les 29% au premier tour, soit 23 points en dessous de son r\u00e9sultat de 1995.<\/p>\n<p><a data-article-figure=\"\" href=\"https:\/\/france3-regions.franceinfo.fr\/image\/dkE-q3gTUxaQGko3koqsVG8AmAY\/1920x1080\/regions\/2024\/10\/01\/tram-2-66fbf410bfb72068647050.jpg\" data-pswp-width=\"1920\" data-pswp-height=\"1080\" target=\"_blank\" rel=\"nofollow noopener\"><\/p>\n<p>          <img width=\"600\" height=\"400\" class=\"article-image lazy\" data-src=\"https:\/\/www.europesays.com\/fr\/wp-content\/uploads\/2025\/10\/tram-2-66fbf410bfb72068647050.jpg\" alt=\"Catherine Trautmann a \u00e9t\u00e9 parmi les plus farouches opposants \u00e0 la politique de la maire Jeanne Barseghian, pourtant \u00e0 gauche\" fetchpriority=\"high\" as=\"image\"\/><\/p>\n<p>\n            Catherine Trautmann a \u00e9t\u00e9 parmi les plus farouches opposants \u00e0 la politique de la maire Jeanne Barseghian, pourtant \u00e0 gauche<br \/>\n                           \u2022<br \/>\n                                      \u00a9 Odile Barth\u00e9lemy \/ France t\u00e9l\u00e9visions\n                      <\/p>\n<p><\/a><\/p>\n<p>Elle devient ensuite conseill\u00e8re municipale d&rsquo;opposition, puis accepte de laisser sa place \u00e0 Roland Ries pour mener la liste du PS aux \u00e9lections municipales de 2007. Le parti de gauche l&#8217;emporte largement, signant le retour de Trautmann dans la majorit\u00e9, et ce jusqu&rsquo;en 2020. Ses mandats successifs de d\u00e9put\u00e9e europ\u00e9enne (entre 1989 et 1997, puis entre 2004 et 2014), coupl\u00e9s \u00e0 ce poste de ministre sous Jospin, lui conf\u00e8reront toujours aux yeux des Strasbourgeois cette aura de cacique de la politique locale.<\/p>\n<p>Cela ne suffira pourtant pas \u00e0 contenir la vague de 2020. Habitu\u00e9e \u00e0 lutter contre la droite pendant toute sa carri\u00e8re, c&rsquo;est cette fois par la gauche qu&rsquo;elle sera d\u00e9pass\u00e9e. Lest\u00e9 par la d\u00e9cision du maire sortant Roland Ries de ne pas se repr\u00e9senter, puis surtout <a href=\"https:\/\/france3-regions.franceinfo.fr\/grand-est\/bas-rhin\/strasbourg-0\/municipales-strasbourg-apres-affaire-photos-erotiques-etudiantes-mathieu-cahn-se-retire-liste-ps-1786761.html\" target=\"_blank\" rel=\"noopener noreferrer nofollow\" data-tooltip-url=\"https:\/\/france3-regions.franceinfo.fr\/grand-est\/bas-rhin\/strasbourg-0\/municipales-strasbourg-apres-affaire-photos-erotiques-etudiantes-mathieu-cahn-se-retire-liste-ps-1786761.html\">par les casseroles de la nouvelle t\u00eate de liste Mathieu Cahn,<\/a> le PS s&rsquo;attend \u00e0 devoir c\u00e9der le pouvoir. Catherine Trautmann arrive alors \u00e0 la rescousse pour remplacer Cahn au pied lev\u00e9, quelques semaines avant le premier tour. Mais cela ne suffira pas \u00e0 renverser les tendances. L&rsquo;ancienne ministre termine \u00e0 la 3e place derri\u00e8re la liste LREM men\u00e9e par Alain Fontanel et la liste EELV\/PC men\u00e9e par Jeanne Barseghian,<a href=\"https:\/\/france3-regions.franceinfo.fr\/grand-est\/bas-rhin\/strasbourg-0\/municipales-2020-strasbourg-qui-est-jeanne-barseghian-1844282.html\" target=\"_blank\" rel=\"noopener noreferrer nofollow\" data-tooltip-url=\"https:\/\/france3-regions.franceinfo.fr\/grand-est\/bas-rhin\/strasbourg-0\/municipales-2020-strasbourg-qui-est-jeanne-barseghian-1844282.html\"> intronis\u00e9e nouvelle maire<\/a>. Le centre de gravit\u00e9 de la gauche s&rsquo;est d\u00e9plac\u00e9, pr\u00e9figurant les scores \u00e9lev\u00e9s des partis radicaux <a href=\"https:\/\/france3-regions.franceinfo.fr\/grand-est\/bas-rhin\/strasbourg-0\/carte-resultats-presidentielle-2022-a-strasbourg-jean-luc-melenchon-leader-surprise-du-premier-tour-devant-emmanuel-macron-2522796.html\" target=\"_blank\" rel=\"noopener noreferrer nofollow\" data-tooltip-url=\"https:\/\/france3-regions.franceinfo.fr\/grand-est\/bas-rhin\/strasbourg-0\/carte-resultats-presidentielle-2022-a-strasbourg-jean-luc-melenchon-leader-surprise-du-premier-tour-devant-emmanuel-macron-2522796.html\">\u00e0 la pr\u00e9sidentelle<\/a>, <a href=\"https:\/\/france3-regions.franceinfo.fr\/grand-est\/alsace\/resultats-des-europeennes-2024-en-alsace-le-rn-s-implante-toujours-de-plus-en-plus-de-maniere-impressionnante-2983922.html\" target=\"_blank\" rel=\"noopener noreferrer nofollow\" data-tooltip-url=\"https:\/\/france3-regions.franceinfo.fr\/grand-est\/alsace\/resultats-des-europeennes-2024-en-alsace-le-rn-s-implante-toujours-de-plus-en-plus-de-maniere-impressionnante-2983922.html\">aux europ\u00e9ennes<\/a> et <a href=\"https:\/\/france3-regions.franceinfo.fr\/grand-est\/bas-rhin\/strasbourg-0\/direct-resultats-legislatives-2024-dans-le-bas-rhin-et-haut-rhin-suivez-la-soiree-electorale-en-alsace-2997182.html\" target=\"_blank\" rel=\"noopener noreferrer nofollow\" data-tooltip-url=\"https:\/\/france3-regions.franceinfo.fr\/grand-est\/bas-rhin\/strasbourg-0\/direct-resultats-legislatives-2024-dans-le-bas-rhin-et-haut-rhin-suivez-la-soiree-electorale-en-alsace-2997182.html\">aux l\u00e9gislatives <\/a>suivantes.<\/p>\n<p>Pour autant, Catherine Trautmann s&rsquo;avance avec de meilleurs arguments qu&rsquo;en 2020. Le premier sondage a montr\u00e9 \u00e0 quel point la maire sortante avait suscit\u00e9 le rejet dans l&rsquo;\u00e9lectorat strasbourgeois, m\u00eame \u00e0 gauche. Il place m\u00eame Trautmann au coude-\u00e0-coude avec la surprise Jean-Philippe Vetter (LR), en premi\u00e8re position. Surtout, l&rsquo;ancienne ministre peut cette fois compter sur une v\u00e9ritable campagne \u00e9lectorale, lanc\u00e9e six mois avant l&rsquo;\u00e9ch\u00e9ance.<\/p>\n","protected":false},"excerpt":{"rendered":"\u00c0 74 ans, la socialiste Catherine Trautmann a d\u00e9cid\u00e9 de se lancer dans la campagne des \u00e9lections municipales&hellip;\n","protected":false},"author":2,"featured_media":452132,"comment_status":"","ping_status":"","sticky":false,"template":"","format":"standard","meta":{"footnotes":""},"categories":[2820],"tags":[1111,11,1777,674,1011,27,775,12,25,640],"class_list":{"0":"post-452131","1":"post","2":"type-post","3":"status-publish","4":"format-standard","5":"has-post-thumbnail","7":"category-strasbourg","8":"tag-actu","9":"tag-actualites","10":"tag-eu","11":"tag-europe","12":"tag-fr","13":"tag-france","14":"tag-grand-est","15":"tag-news","16":"tag-republique-francaise","17":"tag-strasbourg"},"share_on_mastodon":{"url":"https:\/\/pubeurope.com\/@fr\/115349076356733685","error":""},"_links":{"self":[{"href":"https:\/\/www.europesays.com\/fr\/wp-json\/wp\/v2\/posts\/452131","targetHints":{"allow":["GET"]}}],"collection":[{"href":"https:\/\/www.europesays.com\/fr\/wp-json\/wp\/v2\/posts"}],"about":[{"href":"https:\/\/www.europesays.com\/fr\/wp-json\/wp\/v2\/types\/post"}],"author":[{"embeddable":true,"href":"https:\/\/www.europesays.com\/fr\/wp-json\/wp\/v2\/users\/2"}],"replies":[{"embeddable":true,"href":"https:\/\/www.europesays.com\/fr\/wp-json\/wp\/v2\/comments?post=452131"}],"version-history":[{"count":0,"href":"https:\/\/www.europesays.com\/fr\/wp-json\/wp\/v2\/posts\/452131\/revisions"}],"wp:featuredmedia":[{"embeddable":true,"href":"https:\/\/www.europesays.com\/fr\/wp-json\/wp\/v2\/media\/452132"}],"wp:attachment":[{"href":"https:\/\/www.europesays.com\/fr\/wp-json\/wp\/v2\/media?parent=452131"}],"wp:term":[{"taxonomy":"category","embeddable":true,"href":"https:\/\/www.europesays.com\/fr\/wp-json\/wp\/v2\/categories?post=452131"},{"taxonomy":"post_tag","embeddable":true,"href":"https:\/\/www.europesays.com\/fr\/wp-json\/wp\/v2\/tags?post=452131"}],"curies":[{"name":"wp","href":"https:\/\/api.w.org\/{rel}","templated":true}]}}