{"id":452137,"date":"2025-10-10T09:08:12","date_gmt":"2025-10-10T09:08:12","guid":{"rendered":"https:\/\/www.europesays.com\/fr\/452137\/"},"modified":"2025-10-10T09:08:12","modified_gmt":"2025-10-10T09:08:12","slug":"deux-candidates-dune-meme-commune-de-loire-atlantique-tenteront-de-se-qualifier-pour-la-soiree-miss-france","status":"publish","type":"post","link":"https:\/\/www.europesays.com\/fr\/452137\/","title":{"rendered":"Deux candidates d\u2019une m\u00eame commune de Loire-Atlantique tenteront de se qualifier pour la soir\u00e9e Miss France"},"content":{"rendered":"<p>            Par<br \/>\n        <strong><br \/>\n            <a href=\"https:\/\/actu.fr\/auteur\/laurent-fortin\" title=\"Consulter tous les articles de Laurent Fortin\" target=\"_blank\" rel=\"noopener\">Laurent Fortin<\/a><br \/>\n        <\/strong><\/p>\n<p>        Publi\u00e9 le<\/p>\n<p>            9 oct. 2025 \u00e0 21h36        <\/p>\n<p>C\u2019est assez rare. Suffisamment pour \u00eatre soulign\u00e9. <b>Deux jeunes femmes de la m\u00eame commun<\/b>e concourront ce <b>vendredi 10\u00a0octobre <\/b>\u00e0 <b>Ch\u00e2teau-Gontier<\/b>, en <b>Mayenne<\/b>, pour le titre de <b><a href=\"https:\/\/www.misspaysdelaloire.fr\/\" target=\"_blank\" rel=\"noopener\">Miss Pays de la Loire<\/a><\/b>. En effet,<a href=\"https:\/\/www.facebook.com\/reel\/1540520803609572\" target=\"_blank\" rel=\"noopener\"> Louise Gilardeau<\/a> et <a href=\"https:\/\/www.facebook.com\/reel\/1300212231582860\" target=\"_blank\" rel=\"noopener\">Agathe Monclin<\/a>, originaires de<a href=\"https:\/\/actu.fr\/pays-de-la-loire\/haute-goulaine_44071\" target=\"_blank\" rel=\"noopener\"><b> Haute-Goulaine,<\/b><\/a> font partie des <b>14 candidates <\/b>qui d\u00e9fileront, effectueront des <b>chor\u00e9graphies <\/b>et se pr\u00e9senteront au public. Toutefois, une seule pourra pr\u00e9tendre \u00e0 la prestigieuse soir\u00e9e<b> <a href=\"https:\/\/www.miss-france.fr\/\" target=\"_blank\" rel=\"noopener\">Miss France<\/a><\/b> qui se tiendra le<b> 6\u00a0d\u00e9cembre<\/b> prochain au <a href=\"https:\/\/www.zenith-amiens.fr\/\" target=\"_blank\" rel=\"noopener\">Z\u00e9nith d\u2019Amiens<\/a> (<b>Somme<\/b>).<\/p>\n<p class=\" wall-content\">Habituellement r\u00e9serv\u00e9e uniquement \u00e0 la<b> <a href=\"https:\/\/actu.fr\/pays-de-la-loire\/nantes_44109\/c-est-beaucoup-de-discipline-qui-est-elora-la-nouvelle-miss-loire-atlantique-2025_63158489.html\" target=\"_blank\" rel=\"noopener\">seule Miss Loire-Atlantique<\/a><\/b>, la soir\u00e9e a \u00e9t\u00e9 ouverte aux deux dauphines de cette c\u00e9r\u00e9monie qui a eu lieu en <b>ao\u00fbt dernier <\/b>\u00e0 l\u2019hippodrome de Blain. Un rep\u00eachage du fait de l\u2019annulation d\u2019autres concours r\u00e9gionaux et de d\u00e9sistements. Ce jour-l\u00e0, Louise Gilardeau a \u00e9t\u00e9 d\u00e9sign\u00e9e la premi\u00e8re des deux. <b>La femme de 23\u00a0ans <\/b>en <b>deuxi\u00e8me ann\u00e9e de master en comptabilit\u00e9 et de gestion au lyc\u00e9e de la Joliverie (Saint-S\u00e9bastien-sur-Loire)<\/b>, qu\u2019elle effectue en apprentissage, a indiqu\u00e9 dans les vid\u00e9os de pr\u00e9sentation \u00eatre<b> \u00ab\u2009passionn\u00e9e de course \u00e0 pied <\/b>et <b>d\u2019\u00e9quitation\u2009<\/b>\u00bb ce qui lui a appris \u00ab\u2009la <b>discipline <\/b>et la <b>rigueur\u2009<\/b>\u00bb, qualit\u00e9s qui s\u2019ajoutent \u00e0 \u00ab\u2009son<b> naturel joyeux<\/b> et sa <b>pers\u00e9v\u00e9rance\u2009<\/b>\u00bb.<\/p>\n<p>\u00ab\u2009Une vraie solidarit\u00e9 entre les filles\u2009\u00bb<\/p>\n<p class=\" wall-content\">La seconde \u00e9tait Agathe Monclin. Du m\u00eame \u00e2ge, <b>elles ont c\u00f4toy\u00e9 les m\u00eames \u00e9tablissements scolaires<\/b>\u2009:<a href=\"https:\/\/sainte-radegondehautegoulaine.fr\/\" target=\"_blank\" rel=\"noopener\"> \u00e9cole Sainte-Radegonde<\/a> et le <a href=\"https:\/\/stgabriel-htegoulaine.loire-atlantique.e-lyco.fr\/\" target=\"_blank\" rel=\"noopener\">coll\u00e8ge Saint-Gabriel<\/a>. Aujourd\u2019hui, celle qui se <b>destine \u00e0 devenir enseignante<\/b>, a la particularit\u00e9 d\u2019effectuer un <b>service civique au sein du service enseignement du centre p\u00e9nitentiaire <\/b>de <b>la\u00a0Rochelle<\/b>.<\/p>\n<blockquote class=\"ac-article-quote wall-content\">\n<p>Une exp\u00e9rience tr\u00e8s enrichissante.<\/p>\n<\/blockquote>\n<p class=\" wall-content\">Ce n\u2019est pas la seule dont elle se nourrit depuis cet \u00e9t\u00e9.<\/p>\n<p>Vid\u00e9os : en ce moment sur Actu<\/p>\n<blockquote class=\"ac-article-quote wall-content\">\n<p>Ces concours ne sont pas un r\u00eave. Je me suis inscrite davantage par curiosit\u00e9 et pouss\u00e9e par mes proches. Comme je n\u2019aime pas avoir de regrets, j\u2019y suis all\u00e9e.<\/p>\n<\/blockquote>\n<p>Votre r\u00e9gion, votre actu !<\/p>\n<p>Recevez chaque jour les infos qui comptent pour vous.<\/p>\n<p>\t<a href=\"https:\/\/actu.fr\/newsletter\" class=\"ac-btn ac-btn--corner ac-btn--medium ac-btn--blue800\" target=\"_blank\" rel=\"noopener\">S&rsquo;incrire<\/a><\/p>\n<p class=\" wall-content\">Il faut dire que <b>la jeune femme a l\u2019habitude de jouer les mod\u00e8les pour des photographes et des stylistes.<\/b><\/p>\n<p class=\" wall-content\">Une activit\u00e9 b\u00e9n\u00e9vole. Que j\u2019accepte ou pas, selon les propositions.<\/p>\n<p>Agathe Monclin<\/p>\n<p class=\" wall-content\">Pour le moment, elle est ravie d\u2019avoir tent\u00e9 l\u2019aventure.<\/p>\n<blockquote class=\"ac-article-quote wall-content\">\n<p>C\u2019est peut-\u00eatre tr\u00e8s bateau de dire cela, mais il y a une vraie solidarit\u00e9 entre les candidates. On a pu le d\u00e9couvrir lors des rassemblements. Il y a un bel \u00e9tat d\u2019esprit. \u00e7a s\u2019est tr\u00e8s positif. D\u2019ailleurs, quelle que soit la personne qui est qualifi\u00e9e vendredi soir, je serai \u00e0 fond derri\u00e8re elle pour \u00eatre Miss. D\u2019un point de vue plus personnel, cela nous en apprend beaucoup sur nous-m\u00eames. Sur notre confiance en soi, la capacit\u00e9 \u00e0 l\u00e2cher prise et \u00e0 s\u2019accepter.<\/p>\n<\/blockquote>\n<p class=\" wall-content\">Pour l\u2019\u00e9lection de Miss Pays de la Loire,<b> tout le monde peut soutenir les candidates.<\/b> En participant \u00e0 un vote. Un <b>SMS envoy\u00e9<\/b> <b>vaut une voix pour la candidate choisie<\/b> (voir ci-dessous). Les quelque <b>850\u00a0spectateurs pr\u00e9vus<\/b> dans la salle le soir-m\u00eame pourront aussi d\u00e9poser un bulletin, qui vaudra cette fois-ci dix voix.<\/p>\n<p class=\" wall-content\">Les <b>sept femmes les plus pl\u00e9biscit\u00e9es seront<\/b> alors d\u00e9partag\u00e9es par un jury de personnalit\u00e9s dont <a href=\"https:\/\/www.facebook.com\/misspdlpourmissfrance\/posts\/pfbid037RwX3bw4YyCvfNGzYkuHAvreVTVi8rsRqd1UHKb58tiBNSPeVFL4paJKRaPycvGdl\" target=\"_blank\" rel=\"noopener\">Cindy Fabre, Miss France 2005<\/a> qui en sera la pr\u00e9sidente. Miss France 2025, <a href=\"https:\/\/fr.wikipedia.org\/wiki\/Ang%C3%A9lique_Angarni-Filopon\" target=\"_blank\" rel=\"noopener\">Ang\u00e9lique Angarni-Filopon,<\/a> sera \u00e9galement pr\u00e9sente. <b>Agathe Monclin esp\u00e8re faire partie de ce fi<\/b>nal, soutenue par une dizaine de membres de sa famille qui feront le d\u00e9placement, dont ses parents et sa grande s\u0153ur. Ses fid\u00e8les supporters.<\/p>\n<p>\u00c9lection Miss Pays de la Loire, salle Saint-Fiacre \u00e0 Ch\u00e2teau-Gontier (Mayenne), vendredi 10\u00a0octobre. Pour voter par SMS, faire le 71\u2009515 et le num\u00e9ro de la Miss (6 pour Louise Gilardeau, 13 pour Agathe Monclin). Voir Page Facebook Miss Pays de la Loire pour Miss France.<\/p>\n<p class=\" wall-content\">Personnalisez votre actualit\u00e9 en ajoutant vos villes et m\u00e9dias en favori avec <a href=\"https:\/\/moncompte.actu.fr\" title=\"D\u00e9couvez Mon Actu\" rel=\"nofollow noopener\" data-trk=\"{&quot;cta&quot;:{&quot;action&quot;:&quot;https:\\\/\\\/moncompte.actu.fr&quot;,&quot;category&quot;:&quot;mon compte&quot;,&quot;from&quot;:&quot;article footer&quot;,&quot;name&quot;:&quot;Mon actu&quot;,&quot;type&quot;:&quot;cta&quot;}}\" target=\"_blank\">Mon Actu<\/a>.<\/p>\n","protected":false},"excerpt":{"rendered":"Par Laurent Fortin Publi\u00e9 le 9 oct. 2025 \u00e0 21h36 C\u2019est assez rare. Suffisamment pour \u00eatre soulign\u00e9. Deux&hellip;\n","protected":false},"author":2,"featured_media":452138,"comment_status":"","ping_status":"","sticky":false,"template":"","format":"standard","meta":{"footnotes":""},"categories":[2818],"tags":[1111,11,1777,674,1011,27,3034,766,12,2636,25,104,2900],"class_list":{"0":"post-452137","1":"post","2":"type-post","3":"status-publish","4":"format-standard","5":"has-post-thumbnail","7":"category-nantes","8":"tag-actu","9":"tag-actualites","10":"tag-eu","11":"tag-europe","12":"tag-fr","13":"tag-france","14":"tag-miss-france","15":"tag-nantes","16":"tag-news","17":"tag-pays-de-la-loire","18":"tag-republique-francaise","19":"tag-societe","20":"tag-vignoble-nantais"},"share_on_mastodon":{"url":"https:\/\/pubeurope.com\/@fr\/115349088098327352","error":""},"_links":{"self":[{"href":"https:\/\/www.europesays.com\/fr\/wp-json\/wp\/v2\/posts\/452137","targetHints":{"allow":["GET"]}}],"collection":[{"href":"https:\/\/www.europesays.com\/fr\/wp-json\/wp\/v2\/posts"}],"about":[{"href":"https:\/\/www.europesays.com\/fr\/wp-json\/wp\/v2\/types\/post"}],"author":[{"embeddable":true,"href":"https:\/\/www.europesays.com\/fr\/wp-json\/wp\/v2\/users\/2"}],"replies":[{"embeddable":true,"href":"https:\/\/www.europesays.com\/fr\/wp-json\/wp\/v2\/comments?post=452137"}],"version-history":[{"count":0,"href":"https:\/\/www.europesays.com\/fr\/wp-json\/wp\/v2\/posts\/452137\/revisions"}],"wp:featuredmedia":[{"embeddable":true,"href":"https:\/\/www.europesays.com\/fr\/wp-json\/wp\/v2\/media\/452138"}],"wp:attachment":[{"href":"https:\/\/www.europesays.com\/fr\/wp-json\/wp\/v2\/media?parent=452137"}],"wp:term":[{"taxonomy":"category","embeddable":true,"href":"https:\/\/www.europesays.com\/fr\/wp-json\/wp\/v2\/categories?post=452137"},{"taxonomy":"post_tag","embeddable":true,"href":"https:\/\/www.europesays.com\/fr\/wp-json\/wp\/v2\/tags?post=452137"}],"curies":[{"name":"wp","href":"https:\/\/api.w.org\/{rel}","templated":true}]}}