{"id":452143,"date":"2025-10-10T09:11:20","date_gmt":"2025-10-10T09:11:20","guid":{"rendered":"https:\/\/www.europesays.com\/fr\/452143\/"},"modified":"2025-10-10T09:11:20","modified_gmt":"2025-10-10T09:11:20","slug":"coupe-de-france-philippe-machado-tulle-avant-bordeaux-je-connais-mieux-les-girondins-que-bruno-irles-ne-connait-mes-joueurs","status":"publish","type":"post","link":"https:\/\/www.europesays.com\/fr\/452143\/","title":{"rendered":"Coupe de France. Philippe Machado (Tulle) avant Bordeaux : \u00ab\u00a0Je connais mieux les Girondins que Bruno Irl\u00e8s ne conna\u00eet mes joueurs\u00a0\u00bb"},"content":{"rendered":"<p><img decoding=\"async\" src=\"https:\/\/www.europesays.com\/fr\/wp-content\/uploads\/2025\/10\/671_5aefe5e5ed2e76ae5645bf4fb126e20c.jpg\" alt=\"Coupe de France. Philippe Machado (Tulle) avant Bordeaux : &quot;Je connais mieux les Girondins que Bruno Irl\u00e8s ne conna\u00eet mes joueurs&quot;\" class=\"img-responsive mt-3\"\/><\/p>\n<p class=\"text-center mb-3\" style=\"font-size: 14px\">\u00a9 Iconsport<\/p>\n<p style=\"text-align: justify;\"><strong>WebGirondins <a href=\"https:\/\/www.youtube.com\/watch?v=aKfrZpcOt4s\" target=\"_blank\" rel=\"noopener\">le Talk<\/a> : Comment allez-vous et pouvez-vous vous pr\u00e9senter ?<\/strong><\/p>\n<p style=\"text-align: justify;\">Philippe Machado : \u00c7a va tr\u00e8s bien. Je suis plus sollicit\u00e9 que des semaines habituelles. Je suis arriv\u00e9 au Tulle Foot Corr\u00e8ze en 2018. J\u2019ai mon DES depuis 2017 auparavant j&rsquo;ai \u00e9t\u00e9 joueurs jusqu&rsquo;en CFA 2 \u00e0 Brive.<\/p>\n<p style=\"text-align: justify;\"><strong>Comment avez-vous r\u00e9agi au moment du tirage au sort ?<\/strong><\/p>\n<p style=\"text-align: justify;\">J&rsquo;\u00e9tais en train de poser mes coupelles sur le terrain d&rsquo;entrainement. Le groupe de joueurs \u00e9tait rassembl\u00e9 au club House avant la s\u00e9ance. J&rsquo;ai entendu des cris et j&rsquo;ai compris que nous avions tir\u00e9 le \u00ab\u00a0gros lot\u00a0\u00bb. C&rsquo;est top pour les joueurs, car de nombreux sont supporters des Girondins depuis tout petit. Cet engouement sera le plus dur \u00e0 g\u00e9rer pendant la semaine.<\/p>\n<p><strong>\u00ab\u00a0Le top, ce n&rsquo;est pas de participer au match, mais de tout faire pour l&#8217;emporter\u00a0\u00bb<\/strong><\/p>\n<p style=\"text-align: justify;\">\u00a0<\/p>\n<p style=\"text-align: justify;\"><strong>Vous \u00eates content ?<\/strong><\/p>\n<p style=\"text-align: justify;\">Je l&rsquo;ai tr\u00e8s bien v\u00e9cu. Quand on est coach et qu&rsquo;on esp\u00e8re faire un parcours en Coupe de France, il faut de la chance au tirage, nous avons de la chance, mais pas celle qu&rsquo;on souhait\u00e9.<\/p>\n<p style=\"text-align: justify;\"><strong>Il y a 3 divisions d&rsquo;\u00e9cart entre Tulle et Bordeaux. Comment allez-vous compenser la diff\u00e9rence physique entre les joueurs des deux \u00e9quipes ?<\/strong><\/p>\n<p style=\"text-align: justify;\">L&rsquo;id\u00e9e est d&rsquo;instaurer le doute le plus longtemps possible. J&rsquo;esp\u00e8re qu&rsquo;ils ne vont pas r\u00e9p\u00e9ter le match face \u00e0 Poitiers, car c&rsquo;\u00e9tait leur match r\u00e9f\u00e9rence. Notre semaine sera classique. Je veux que mes gars soient acteurs de leur semaine, de leur samedi et de leur match. Le top, ce n&rsquo;est pas de participer au match, mais de tout faire pour l&#8217;emporter. Il y a trois ans, nous avions jou\u00e9 contre Angoul\u00eame en Coupe de France, et nous les avions fait douter en perdant 2 \u00e0 1 jusque dans les arr\u00eats de jeu. L&rsquo;id\u00e9e est de n&rsquo;avoir aucun regret m\u00eame si on est conscient de l&rsquo;\u00e9cart.<\/p>\n<p style=\"text-align: justify;\"><strong>Comment allez-vous pr\u00e9parer cette rencontre ? Allez-vous faire de la vid\u00e9o ?<\/strong><\/p>\n<p style=\"text-align: justify;\">J&rsquo;ai commenc\u00e9 \u00e0 regarder des matchs des Girondins. Nous avons l&rsquo;habitude d&rsquo;utiliser cet outil. \u00c7a donne des rep\u00e8res concrets aux joueurs pour les accompagner du mieux possible. On a aussi nos principes de jeu que nous essayons d&rsquo;ancrer. On essaiera de r\u00e9pondre \u00e0 leurs qualit\u00e9s. Je ne pr\u00e9f\u00e8re pas entrer dans le d\u00e9tail.<\/p>\n<p style=\"text-align: justify;\"><strong>Avez-vous cibl\u00e9 un joueur \u00e0 Bordeaux pour bloquer le jeu des Girondins ?<\/strong><\/p>\n<p style=\"text-align: justify;\">Non. Les attaquants Villette et Etonde sont tr\u00e8s compl\u00e9mentaires. Ce sont deux grosses armes. Les lat\u00e9raux Bordelais sont tr\u00e8s int\u00e9ressants aussi. Je connais mieux l&rsquo;effectif des Girondins que le coach adverse ne connait mes joueurs.<\/p>\n<p style=\"text-align: justify;\"><strong>Justement, est-ce qu&rsquo;il y a des vid\u00e9os de Tulle Foot Corr\u00e8ze en R2 qui sont disponibles pour les Girondins ?<\/strong><\/p>\n<p>Si les Girondins le veulent, je leur donne les vid\u00e9os de nos matchs, en plus on n&rsquo;a pas \u00e9t\u00e9 tr\u00e8s bon (rire).<\/p>\n<p><strong>\u00ab\u00a0Laurent Koscielny suit le club\u00a0\u00bb<\/strong><\/p>\n<p style=\"text-align: justify;\">\u00a0<\/p>\n<p style=\"text-align: justify;\"><strong>Dans quel \u00e9tat est la pelouse du Stade Alexandre Cueille ?<\/strong><\/p>\n<p style=\"text-align: justify;\">Nous allons jouer dans le stade de rugby, l&rsquo;\u00e9tat de la pelouse est relativement correct pour nous. On aurait pr\u00e9f\u00e9r\u00e9 jouer ce match dans notre stade. Mais il n&rsquo;est pas aux normes de s\u00e9curit\u00e9 pour accueillir les Girondins de Bordeaux avec le flux de public que cela draine.<\/p>\n<p style=\"text-align: justify;\"><strong>Que font vos joueurs dans la vie en plus du football ?<\/strong><\/p>\n<p style=\"text-align: justify;\">La plupart de mes joueurs travaillent. On s&rsquo;entraine trois fois par semaine, et on joue le week-end. Sur 22 joueurs, 4 \u00e0 5 sont \u00e9tudiants, et les autres travaillent (Boucherie, plomberie, banquier, etc.), ils bossent. C&rsquo;est un gros investissement de leur part.<\/p>\n<p style=\"text-align: justify;\"><strong>Quelle est la place du football en Corr\u00e8ze ?<\/strong><\/p>\n<p style=\"text-align: justify;\">On perd nos clubs moteurs dans la R\u00e9gion comme Niort, et les Girondins. On a Brive qui a connu le National et qui est en R1. On a pas mal de licenci\u00e9s dans le football. Brive avait jou\u00e9 contre les Girondins en Coupe de France et face \u00e0 l&rsquo;OM \u00e9galement.<\/p>\n<p style=\"text-align: justify;\"><strong>Laurent Kocielny, pass\u00e9 par Bordeaux est originaire de Tulle<\/strong><\/p>\n<p style=\"text-align: justify;\">Laurent Koscielny suit le club. Son papa est encore pr\u00e9sent sur les terrains pour accompagner les jeunes de notre club.<\/p>\n<p style=\"text-align: justify;\">\u00c0 lire aussi &gt;&gt; <strong><a href=\"https:\/\/www.webgirondins.com\/actualite-girondins-girondins-tidyane-diagouraga-a-l-essai-grosse-seance-pour-bordeaux-130723\" target=\"_blank\" rel=\"noopener\">Girondins : Tidyane Diagouraga \u00e0 l&rsquo;essai, grosse s\u00e9ance pour Bordeaux<\/a><\/strong><\/p>\n<p style=\"text-align: justify;\">Notre podcast court sur l&rsquo;actualit\u00e9 des Girondins \u00e0 \u00e9couter :<\/p>\n<p>\u00a0<\/p>\n","protected":false},"excerpt":{"rendered":"\u00a9 Iconsport WebGirondins le Talk : Comment allez-vous et pouvez-vous vous pr\u00e9senter ? Philippe Machado : \u00c7a va&hellip;\n","protected":false},"author":2,"featured_media":452144,"comment_status":"","ping_status":"","sticky":false,"template":"","format":"standard","meta":{"footnotes":""},"categories":[2817],"tags":[1111,11,3917,1997,3211,6074,57784,39876,8531,57785,615,1994,2834,1777,674,2257,1011,27,1987,3212,4059,57783,32557,12,2219,6284,25,3584,33227,5238],"class_list":{"0":"post-452143","1":"post","2":"type-post","3":"status-publish","4":"format-standard","5":"has-post-thumbnail","7":"category-bordeaux","8":"tag-actu","9":"tag-actualites","10":"tag-avant","11":"tag-bordeaux","12":"tag-bruno","13":"tag-confie","14":"tag-connais","15":"tag-connait","16":"tag-correze","17":"tag-correzien","18":"tag-coupe","19":"tag-entraineur","20":"tag-entre","21":"tag-eu","22":"tag-europe","23":"tag-foot","24":"tag-fr","25":"tag-france","26":"tag-girondins","27":"tag-irles","28":"tag-joueurs","29":"tag-machado","30":"tag-mieux","31":"tag-news","32":"tag-nouvelle-aquitaine","33":"tag-philippe","34":"tag-republique-francaise","35":"tag-tour","36":"tag-tulle","37":"tag-webgirondins"},"share_on_mastodon":{"url":"https:\/\/pubeurope.com\/@fr\/115349101316832722","error":""},"_links":{"self":[{"href":"https:\/\/www.europesays.com\/fr\/wp-json\/wp\/v2\/posts\/452143","targetHints":{"allow":["GET"]}}],"collection":[{"href":"https:\/\/www.europesays.com\/fr\/wp-json\/wp\/v2\/posts"}],"about":[{"href":"https:\/\/www.europesays.com\/fr\/wp-json\/wp\/v2\/types\/post"}],"author":[{"embeddable":true,"href":"https:\/\/www.europesays.com\/fr\/wp-json\/wp\/v2\/users\/2"}],"replies":[{"embeddable":true,"href":"https:\/\/www.europesays.com\/fr\/wp-json\/wp\/v2\/comments?post=452143"}],"version-history":[{"count":0,"href":"https:\/\/www.europesays.com\/fr\/wp-json\/wp\/v2\/posts\/452143\/revisions"}],"wp:featuredmedia":[{"embeddable":true,"href":"https:\/\/www.europesays.com\/fr\/wp-json\/wp\/v2\/media\/452144"}],"wp:attachment":[{"href":"https:\/\/www.europesays.com\/fr\/wp-json\/wp\/v2\/media?parent=452143"}],"wp:term":[{"taxonomy":"category","embeddable":true,"href":"https:\/\/www.europesays.com\/fr\/wp-json\/wp\/v2\/categories?post=452143"},{"taxonomy":"post_tag","embeddable":true,"href":"https:\/\/www.europesays.com\/fr\/wp-json\/wp\/v2\/tags?post=452143"}],"curies":[{"name":"wp","href":"https:\/\/api.w.org\/{rel}","templated":true}]}}