{"id":452149,"date":"2025-10-10T09:14:11","date_gmt":"2025-10-10T09:14:11","guid":{"rendered":"https:\/\/www.europesays.com\/fr\/452149\/"},"modified":"2025-10-10T09:14:11","modified_gmt":"2025-10-10T09:14:11","slug":"roubaix-il-demarre-un-feu-sur-la-voie-publique-et-se-fait-passer-pour-une-victime-aupres-de-la-police","status":"publish","type":"post","link":"https:\/\/www.europesays.com\/fr\/452149\/","title":{"rendered":"Roubaix. Il d\u00e9marre un feu sur la voie publique et se fait passer pour une victime aupr\u00e8s de la police"},"content":{"rendered":"<p>            Par<br \/>\n        <strong><br \/>\n            <a href=\"https:\/\/actu.fr\/auteur\/margot-nicodeme\" title=\"Consulter tous les articles de Margot Nicod\u00e8me\" target=\"_blank\" rel=\"noopener\">Margot Nicod\u00e8me<\/a><br \/>\n        <\/strong><\/p>\n<p>        Publi\u00e9 le<\/p>\n<p>            10 oct. 2025 \u00e0 10h48        <\/p>\n<p>Dans la nuit du jeudi 9 octobre 2025, <b>un feu a \u00e9t\u00e9 signal\u00e9 sur la voie publique <\/b>\u00e0 <a href=\"https:\/\/actu.fr\/hauts-de-france\/roubaix_59512\" target=\"_blank\" rel=\"noopener\">Roubaix<\/a> (Nord), rue du G\u00e9n\u00e9ral Sarrail. Les policiers sont les premiers sur les lieux, vers 5h, pour ce qui s\u2019av\u00e8re \u00eatre une <b>poubelle incendi\u00e9e<\/b>. Un homme vient \u00e0 leur rencontre, alors que les pompiers sont en route.<\/p>\n<p>Feu sur la voie publique \u00e0 Roubaix : un homme approche la police et se dit victime\u2026 Il n\u2019en est rien<\/p>\n<p class=\" wall-content\">Les fonctionnaires s\u2019aper\u00e7oivent rapidement que l\u2019individu est dans un \u00ab\u00a0\u00e9tat second\u00a0\u00bb, relate une source judiciaire. Il tient des propos incoh\u00e9rents, et <b>raconte surtout avoir \u00e9t\u00e9 victime d\u2019<a href=\"https:\/\/actu.fr\/hauts-de-france\/wavrin_59653\/wavrin-la-vendeuse-de-la-boulangerie-avait-cru-a-un-canular-le-braqueur-amateur-juge-a-lille_62168717.html\" target=\"_blank\" rel=\"noopener\">une extorsion<\/a><\/b>, peu de temps avant.\u00a0<\/p>\n<p class=\" wall-content\">La <a href=\"https:\/\/actu.fr\/tag\/police\" target=\"_blank\" rel=\"noopener\">police<\/a> a rapidement acc\u00e8s \u00e0 la vid\u00e9oprotection de la ville, pour s\u2019apercevoir finalement que l\u2019homme qui se dit victime est en fait celui qui a d\u00e9marr\u00e9 l\u2019incendie. \u00c2g\u00e9 de 19 ans, il a \u00e9t\u00e9 interpell\u00e9 et plac\u00e9 en garde \u00e0 vue.<\/p>\n<p class=\" wall-content\">Personnalisez votre actualit\u00e9 en ajoutant vos villes et m\u00e9dias en favori avec <a href=\"https:\/\/moncompte.actu.fr\" title=\"D\u00e9couvez Mon Actu\" rel=\"nofollow noopener\" data-trk=\"{&quot;cta&quot;:{&quot;action&quot;:&quot;https:\\\/\\\/moncompte.actu.fr&quot;,&quot;category&quot;:&quot;mon compte&quot;,&quot;from&quot;:&quot;article footer&quot;,&quot;name&quot;:&quot;Mon actu&quot;,&quot;type&quot;:&quot;cta&quot;}}\" target=\"_blank\">Mon Actu<\/a>.<\/p>\n","protected":false},"excerpt":{"rendered":"Par Margot Nicod\u00e8me Publi\u00e9 le 10 oct. 2025 \u00e0 10h48 Dans la nuit du jeudi 9 octobre 2025,&hellip;\n","protected":false},"author":2,"featured_media":452150,"comment_status":"","ping_status":"","sticky":false,"template":"","format":"standard","meta":{"footnotes":""},"categories":[2815],"tags":[1111,11,1777,674,118,1011,27,811,1310,1307,12,1072,25],"class_list":{"0":"post-452149","1":"post","2":"type-post","3":"status-publish","4":"format-standard","5":"has-post-thumbnail","7":"category-lille","8":"tag-actu","9":"tag-actualites","10":"tag-eu","11":"tag-europe","12":"tag-faits-divers","13":"tag-fr","14":"tag-france","15":"tag-hauts-de-france","16":"tag-incendie","17":"tag-lille","18":"tag-news","19":"tag-police","20":"tag-republique-francaise"},"share_on_mastodon":{"url":"https:\/\/pubeurope.com\/@fr\/115349111769051932","error":""},"_links":{"self":[{"href":"https:\/\/www.europesays.com\/fr\/wp-json\/wp\/v2\/posts\/452149","targetHints":{"allow":["GET"]}}],"collection":[{"href":"https:\/\/www.europesays.com\/fr\/wp-json\/wp\/v2\/posts"}],"about":[{"href":"https:\/\/www.europesays.com\/fr\/wp-json\/wp\/v2\/types\/post"}],"author":[{"embeddable":true,"href":"https:\/\/www.europesays.com\/fr\/wp-json\/wp\/v2\/users\/2"}],"replies":[{"embeddable":true,"href":"https:\/\/www.europesays.com\/fr\/wp-json\/wp\/v2\/comments?post=452149"}],"version-history":[{"count":0,"href":"https:\/\/www.europesays.com\/fr\/wp-json\/wp\/v2\/posts\/452149\/revisions"}],"wp:featuredmedia":[{"embeddable":true,"href":"https:\/\/www.europesays.com\/fr\/wp-json\/wp\/v2\/media\/452150"}],"wp:attachment":[{"href":"https:\/\/www.europesays.com\/fr\/wp-json\/wp\/v2\/media?parent=452149"}],"wp:term":[{"taxonomy":"category","embeddable":true,"href":"https:\/\/www.europesays.com\/fr\/wp-json\/wp\/v2\/categories?post=452149"},{"taxonomy":"post_tag","embeddable":true,"href":"https:\/\/www.europesays.com\/fr\/wp-json\/wp\/v2\/tags?post=452149"}],"curies":[{"name":"wp","href":"https:\/\/api.w.org\/{rel}","templated":true}]}}