{"id":452153,"date":"2025-10-10T09:16:12","date_gmt":"2025-10-10T09:16:12","guid":{"rendered":"https:\/\/www.europesays.com\/fr\/452153\/"},"modified":"2025-10-10T09:16:12","modified_gmt":"2025-10-10T09:16:12","slug":"une-greve-pour-la-paix-sur-les-ports-et-docks-francais","status":"publish","type":"post","link":"https:\/\/www.europesays.com\/fr\/452153\/","title":{"rendered":"Une gr\u00e8ve pour la paix sur les ports et docks fran\u00e7ais"},"content":{"rendered":"\n<p>Un mouvement de gr\u00e8ve \u00ab\u00a0fid\u00e8le \u00e0 l\u2019histoire\u00a0\u00bb de la F\u00e9d\u00e9ration des Ports et Docks CGT est pr\u00e9vu, ce vendredi, sur l\u2019ensemble des ports fran\u00e7ais.<\/p>\n<p>De 12h \u00e0 14h, les ouvriers dockers et travailleurs portuaires fran\u00e7ais arr\u00eatent le travail en solidarit\u00e9 avec le peuple palestinien. Une action qui concerne \u00e9videmment les travailleurs du port de Marseille-Fos, qui ont d\u00e9j\u00e0 bloqu\u00e9 \u00e0 plusieurs reprises des navires remplis de composants militaires en partance vers Isra\u00ebl. \u00ab\u00a0L\u2019aide humanitaire est plus que jamais urgente pour aider la population de Gaza qui, depuis des mois, subit un g\u00e9nocide maintenant reconnu\u00a0\u00bb, explique l\u2019organisation syndicale, historiquement engag\u00e9e en faveur de la paix dans le monde. Dans une d\u00e9claration forte, cette derni\u00e8re se positionne \u00ab\u00a0pour l\u2019ouverture en urgence de couloirs humanitaires\u00a0\u00bb. \u00ab\u00a0La CGT a toujours port\u00e9 les valeurs de paix et de solidarit\u00e9 entre les peuples. Quand on voit ce qu\u2019il se passe sur la bande de Gaza, \u00e7a devient insupportable\u00a0\u00bb, abonde Pascal Gal\u00e9ot\u00e9, secr\u00e9taire g\u00e9n\u00e9ral de la CGT du Grand Port maritime de Marseille (GPMM).<\/p>\n<p> Un processus europ\u00e9en\n              <\/p>\n<p>Il pointe \u00ab\u00a0le r\u00f4le que peuvent avoir les ports\u00a0\u00bb dans ces conflits et d\u00e9nonce \u00ab\u00a0la volont\u00e9 grandissante de l\u2019union europ\u00e9enne \u00e0 faire des ports des zones militaris\u00e9s, dans une surench\u00e8re guerri\u00e8re\u00a0\u00bb. Car cette action des portuaires et dockers s\u2019inscrit dans un processus men\u00e9 \u00e0 l\u2019\u00e9chelle europ\u00e9enne par plusieurs organisations syndicales de travailleurs des ports, comme les dockers du Pir\u00e9e affili\u00e9s au Pame grec, du syndicat basque LAB ou encore leurs homologues italiens de l\u2019USB \u00e0 G\u00eanes.<\/p>\n<p>\u00ab Il y a une n\u00e9cessit\u00e9, avec d\u2019autres travailleurs des ports europ\u00e9ens, de r\u00e9agir sur les massacres op\u00e9r\u00e9s \u00e0 travers le monde. C\u2019est symbolique, mais cela permet surtout d\u2019envoyer un message de solidarit\u00e9 et de paix aux peuples qui souffrent. Et un coup de semonce en direction de nos dirigeants, en France comme en Europe\u00a0\u00bb, d\u00e9veloppe le syndicaliste. Avant de conclure\u00a0: \u00ab\u00a0Nos ports ne serviront pas de base pour alimenter ces conflits\u00a0!\u00a0\u00bb.<\/p>\n","protected":false},"excerpt":{"rendered":"Un mouvement de gr\u00e8ve \u00ab\u00a0fid\u00e8le \u00e0 l\u2019histoire\u00a0\u00bb de la F\u00e9d\u00e9ration des Ports et Docks CGT est pr\u00e9vu, ce&hellip;\n","protected":false},"author":2,"featured_media":452154,"comment_status":"","ping_status":"","sticky":false,"template":"","format":"standard","meta":{"footnotes":""},"categories":[2814],"tags":[1111,11,1777,674,1011,27,884,12,57786,882,25],"class_list":{"0":"post-452153","1":"post","2":"type-post","3":"status-publish","4":"format-standard","5":"has-post-thumbnail","7":"category-marseille","8":"tag-actu","9":"tag-actualites","10":"tag-eu","11":"tag-europe","12":"tag-fr","13":"tag-france","14":"tag-marseille","15":"tag-news","16":"tag-ports-et-docks","17":"tag-provence-alpes-cote-dazur","18":"tag-republique-francaise"},"share_on_mastodon":{"url":"https:\/\/pubeurope.com\/@fr\/115349119598198150","error":""},"_links":{"self":[{"href":"https:\/\/www.europesays.com\/fr\/wp-json\/wp\/v2\/posts\/452153","targetHints":{"allow":["GET"]}}],"collection":[{"href":"https:\/\/www.europesays.com\/fr\/wp-json\/wp\/v2\/posts"}],"about":[{"href":"https:\/\/www.europesays.com\/fr\/wp-json\/wp\/v2\/types\/post"}],"author":[{"embeddable":true,"href":"https:\/\/www.europesays.com\/fr\/wp-json\/wp\/v2\/users\/2"}],"replies":[{"embeddable":true,"href":"https:\/\/www.europesays.com\/fr\/wp-json\/wp\/v2\/comments?post=452153"}],"version-history":[{"count":0,"href":"https:\/\/www.europesays.com\/fr\/wp-json\/wp\/v2\/posts\/452153\/revisions"}],"wp:featuredmedia":[{"embeddable":true,"href":"https:\/\/www.europesays.com\/fr\/wp-json\/wp\/v2\/media\/452154"}],"wp:attachment":[{"href":"https:\/\/www.europesays.com\/fr\/wp-json\/wp\/v2\/media?parent=452153"}],"wp:term":[{"taxonomy":"category","embeddable":true,"href":"https:\/\/www.europesays.com\/fr\/wp-json\/wp\/v2\/categories?post=452153"},{"taxonomy":"post_tag","embeddable":true,"href":"https:\/\/www.europesays.com\/fr\/wp-json\/wp\/v2\/tags?post=452153"}],"curies":[{"name":"wp","href":"https:\/\/api.w.org\/{rel}","templated":true}]}}