{"id":452157,"date":"2025-10-10T09:18:11","date_gmt":"2025-10-10T09:18:11","guid":{"rendered":"https:\/\/www.europesays.com\/fr\/452157\/"},"modified":"2025-10-10T09:18:11","modified_gmt":"2025-10-10T09:18:11","slug":"une-sculpture-disparue-depuis-un-siecle-mise-aux-encheres-a-lyon","status":"publish","type":"post","link":"https:\/\/www.europesays.com\/fr\/452157\/","title":{"rendered":"Une sculpture disparue depuis un si\u00e8cle mise aux ench\u00e8res \u00e0 Lyon"},"content":{"rendered":"<p class=\"content\" style=\"font-size:1.2em;font-weight:700\">Un chef-d\u2019\u0153uvre lyonnais de la p\u00e9riode r\u00e9volutionnaire, sign\u00e9 Joseph Chinard, est propos\u00e9 aux ench\u00e8res \u00e0 Lyon : une occasion unique pour les collectionneurs.<\/p>\n<p>La maison De Baecque &amp; Associ\u00e9s organise \u00e0 Lyon, le 22 novembre 2025, une vente aux ench\u00e8res exceptionnelle autour d\u2019une \u0153uvre majeure du sculpteur lyonnais Joseph Chinard (1756-1813). Intitul\u00e9e La Loi, cette statuette en terre cuite patin\u00e9e de 47,5 cm, r\u00e9alis\u00e9e en pleine R\u00e9volution fran\u00e7aise (vers 1793-1794), repr\u00e9sente une femme appuy\u00e9e sur une table inscrite \u00ab\u00a0Droits de l\u2019Homme\u00a0\u00bb et accompagn\u00e9e d\u2019un faisceau symbolisant l\u2019unit\u00e9 r\u00e9publicaine.<\/p>\n<p>Non localis\u00e9e depuis plus de 110 ans, la sculpture refait surface sur le march\u00e9 de l\u2019art par sa prochaine mise aux ench\u00e8res par la maison De Baecque &amp; Associ\u00e9s. <\/p>\n<p>Estimation : 50 000 \u20ac \u00e0 80 000 \u20ac<\/p>\n<p>Cette sculpture, non localis\u00e9e depuis son passage en vente \u00e0 Lyon en 1913, et connue par les \u00e9crits de Salomon de La Chapelle (1896), refait surface apr\u00e8s avoir appartenu \u00e0 l&rsquo;ancienne collection particuli\u00e8re Pi\u00e9gay. Son iconographie n\u00e9oclassique et patriotique, alliant intellectualisme et sensualit\u00e9, incarne les id\u00e9aux r\u00e9volutionnaires et s\u2019inscrit dans la s\u00e9rie d\u2019\u0153uvres engag\u00e9es de Chinard, fid\u00e8le aux valeurs r\u00e9publicaines.<\/p>\n<p><img decoding=\"async\" alt=\"\" class=\"wp-image-464734 lazyload\" src=\"https:\/\/www.europesays.com\/fr\/wp-content\/uploads\/2025\/10\/DE-BAECQUE-Lyon-22-novembre-Joseph-CHINARD-d.jpg\" data-eio-rwidth=\"600\" data-eio-rheight=\"900\"\/>La Loi &#8211; Vers 1793-1794<br \/>Statuette en terre cuite originale patin\u00e9e<br \/>Porte les inscriptions \u00ab\u00a0LOIX REPUBLICAINES\u00a0\u00bb et \u00ab\u00a0DROITS \/ DE L&rsquo;HOMME\u00a0\u00bb sur la face et le c\u00f4t\u00e9 droit des tables des lois r\u00e9publicaines. H. 47,5 cm<br \/>Pr\u00e9sence d\u2019une \u00e9tiquette lacunaire \u00e0 l\u2019int\u00e9rieur : 78. Statuette de &#8230; \/ par Chinard. Elle repr\u00e9sen&#8230;\/ un faisceau de licteur, la main droite reposant sur les tables des lois r\u00e9publicaines. Terre cuite. H.47 cm\/ Exposition de l\u2019\u0153uvre de Chinard, \/aux Arts d\u00e9coratifs, 1909, n\u00b01.) Restaurations<\/p>\n<p>\u00ab\u00a0Le contexte politique, explique la maison aux ench\u00e8res de Baecque, donne toute sa force \u00e0 cette sculpture. Apr\u00e8s un s\u00e9jour mouvement\u00e9 \u00e0 Rome o\u00f9 certaines de ses \u0153uvres antimonarchiques lui valent d\u2019\u00eatre arr\u00eat\u00e9 par le Vatican en 1792, Chinard revient \u00e0 Lyon, o\u00f9 il r\u00e9alise monuments et d\u00e9cors r\u00e9volutionnaires, dont celui de l\u2019H\u00f4tel de Ville pendant le si\u00e8ge de 1793. Ces cr\u00e9ations lui attirent de nouveaux ennuis : accus\u00e9 de provocation politique, il est incarc\u00e9r\u00e9 \u00e0 nouveau apr\u00e8s la chute de Lyon.\u00a0\u00bb<\/p>\n<p>L\u2019artiste, plusieurs fois inqui\u00e9t\u00e9 et emprisonn\u00e9 pour ses cr\u00e9ations politiques, a marqu\u00e9 Lyon et la p\u00e9riode r\u00e9volutionnaire par ses statues, monuments publics et all\u00e9gories r\u00e9publicaines (comme La R\u00e9publique au Louvre ou L\u2019Amour de la Patrie au mus\u00e9e des Beaux-Arts de Lyon).<\/p>\n<p><img loading=\"lazy\" decoding=\"async\" width=\"329\" height=\"500\" alt=\"\" class=\"wp-image-464741 lazyload\" src=\"https:\/\/www.europesays.com\/fr\/wp-content\/uploads\/2025\/10\/Capture-decran-2025-10-10-a-10.27.23.png\" data-eio-rwidth=\"329\" data-eio-rheight=\"500\"\/>Malgr\u00e9 les pers\u00e9cutions et les arrestations dont il fut victime, Chinard demeure l\u2019un des artistes les plus repr\u00e9sentatifs de la sculpture fran\u00e7aise \u00e0 la charni\u00e8re du XVIIIe et du XIXe si\u00e8cle.<\/p>\n<p>Cette red\u00e9couverte est consid\u00e9r\u00e9e comme un \u00e9v\u00e9nement pour l\u2019histoire de l\u2019art lyonnais et fran\u00e7ais, apportant un nouvel \u00e9clairage sur l\u2019engagement politique et la virtuosit\u00e9 de Chinard.<\/p>\n<p>En ao\u00fbt dernier, le Metropolitan Art Musem de New York a enrichi ses collections  d&rsquo;un tr\u00e9pied en terre cuite du sculpteur lyonnais, \u00ab\u00a0objet d&rsquo;une rare qualit\u00e9, explique La Tribune de l&rsquo;Art,  frayant dans le domaine de la sculpture et celui des arts d\u00e9coratifs; acquis aupr\u00e8s d ela galerie du londonien Stuart Lochhead\u00a0\u00bb.<\/p>\n","protected":false},"excerpt":{"rendered":"Un chef-d\u2019\u0153uvre lyonnais de la p\u00e9riode r\u00e9volutionnaire, sign\u00e9 Joseph Chinard, est propos\u00e9 aux ench\u00e8res \u00e0 Lyon : une&hellip;\n","protected":false},"author":2,"featured_media":452158,"comment_status":"","ping_status":"","sticky":false,"template":"","format":"standard","meta":{"footnotes":""},"categories":[1889],"tags":[1111,11,2430,1777,674,1011,27,2428,12,25],"class_list":{"0":"post-452157","1":"post","2":"type-post","3":"status-publish","4":"format-standard","5":"has-post-thumbnail","7":"category-lyon","8":"tag-actu","9":"tag-actualites","10":"tag-auvergne-rhone-alpes","11":"tag-eu","12":"tag-europe","13":"tag-fr","14":"tag-france","15":"tag-lyon","16":"tag-news","17":"tag-republique-francaise"},"share_on_mastodon":{"url":"https:\/\/pubeurope.com\/@fr\/115349127515779988","error":""},"_links":{"self":[{"href":"https:\/\/www.europesays.com\/fr\/wp-json\/wp\/v2\/posts\/452157","targetHints":{"allow":["GET"]}}],"collection":[{"href":"https:\/\/www.europesays.com\/fr\/wp-json\/wp\/v2\/posts"}],"about":[{"href":"https:\/\/www.europesays.com\/fr\/wp-json\/wp\/v2\/types\/post"}],"author":[{"embeddable":true,"href":"https:\/\/www.europesays.com\/fr\/wp-json\/wp\/v2\/users\/2"}],"replies":[{"embeddable":true,"href":"https:\/\/www.europesays.com\/fr\/wp-json\/wp\/v2\/comments?post=452157"}],"version-history":[{"count":0,"href":"https:\/\/www.europesays.com\/fr\/wp-json\/wp\/v2\/posts\/452157\/revisions"}],"wp:featuredmedia":[{"embeddable":true,"href":"https:\/\/www.europesays.com\/fr\/wp-json\/wp\/v2\/media\/452158"}],"wp:attachment":[{"href":"https:\/\/www.europesays.com\/fr\/wp-json\/wp\/v2\/media?parent=452157"}],"wp:term":[{"taxonomy":"category","embeddable":true,"href":"https:\/\/www.europesays.com\/fr\/wp-json\/wp\/v2\/categories?post=452157"},{"taxonomy":"post_tag","embeddable":true,"href":"https:\/\/www.europesays.com\/fr\/wp-json\/wp\/v2\/tags?post=452157"}],"curies":[{"name":"wp","href":"https:\/\/api.w.org\/{rel}","templated":true}]}}