{"id":452159,"date":"2025-10-10T09:19:10","date_gmt":"2025-10-10T09:19:10","guid":{"rendered":"https:\/\/www.europesays.com\/fr\/452159\/"},"modified":"2025-10-10T09:19:10","modified_gmt":"2025-10-10T09:19:10","slug":"lyon-une-file-dattente-monstre-se-forme-devant-ce-magasin-en-presquile-voici-pourquoi","status":"publish","type":"post","link":"https:\/\/www.europesays.com\/fr\/452159\/","title":{"rendered":"Lyon. Une file d&rsquo;attente monstre se forme devant ce magasin en Presqu&rsquo;\u00eele, voici pourquoi"},"content":{"rendered":"<p>            Par<br \/>\n        <strong><br \/>\n            <a href=\"https:\/\/actu.fr\/auteur\/anthony-soudani\" title=\"Consulter tous les articles de Anthony Soudani\" rel=\"nofollow noopener\" target=\"_blank\">Anthony Soudani<\/a><br \/>\n        <\/strong><\/p>\n<p>        Publi\u00e9 le<\/p>\n<p>            10 oct. 2025 \u00e0 11h12        <\/p>\n<p>Une file d\u2019attente monstre s\u2019est form\u00e9e ce vendredi 10 octobre devant le<strong> King Jouet<\/strong> de la Presqu\u2019\u00eele de <a href=\"https:\/\/actu.fr\/auvergne-rhone-alpes\/lyon_69123\" rel=\"nofollow noopener\" target=\"_blank\">Lyon<\/a>. Avant l\u2019ouverture du commerce ce matin, \u00e0 10h, les clients \u00e9taient impatients. Une offre sp\u00e9ciale les a faits se lever t\u00f4t.\u00a0<\/p>\n<p>Un coffret de cartes Pok\u00e9mon in\u00e9dit<\/p>\n<p class=\" wall-content\">S\u2019ils ont fait la queue de longues minutes devant ce King Jouet, situ\u00e9 4 rue du pr\u00e9sident Carnot, c\u2019est pour esp\u00e9rer obtenir <strong>un coffret<\/strong> <a href=\"https:\/\/actu.fr\/dossier\/pokemon-pourquoi-ils-ont-toujours-autant-la-cote-25-ans-apres-leur-arrivee-en-france_62028855.html\" rel=\"nofollow noopener\" target=\"_blank\">Pok\u00e9mon<\/a> in\u00e9dit. Eh oui ! Les cartes Pok\u00e9mon sont toujours autant populaires et ont m\u00eame tendance \u00e0 prendre de la valeur au fil des ann\u00e9es.\u00a0<\/p>\n<p class=\" wall-content\">Leur collection continue d\u2019animer les jeunes, mais aussi les plus \u00e2g\u00e9s, nostalgiques de Pikachu, Carapuce, Bulbizarre ou encore Salam\u00e8che.\u00a0<\/p>\n<p class=\" wall-content\">R\u00e9guli\u00e8rement, la mise en vente de coffrets in\u00e9dits attire beaucoup de monde devant les magasins r\u00e9alisant ces op\u00e9rations.<\/p>\n<p>Un placement financier pour les jeunes<\/p>\n<p class=\" wall-content\">\u00ab J\u2019ach\u00e8te des cartes Pok\u00e9mon car je sais que <strong>la valeur de certaines ne va jamais baisser<\/strong> et, en m\u00eame temps, c\u2019est un plaisir visuel, un plaisir de collectionneur de les avoir \u00bb, <a href=\"https:\/\/actu.fr\/loisirs-culture\/placer-mon-argent-dans-un-truc-que-j-aime-pourquoi-les-cartes-pokemon-seduisent-autant-les-adultes_62029903.html\" rel=\"nofollow noopener\" target=\"_blank\">confiait r\u00e9cemment \u00e0 l\u2019AFP, Lucas Garoute<\/a>.<\/p>\n<p class=\" wall-content\">L\u2019\u00e9tudiant en production musicale \u00e2g\u00e9 de 24 ans consid\u00e9rait cet achat comme un placement financier : \u00ab\u00a0\u00c7a me permet de placer mon argent dans un truc que j\u2019aime.\u00a0\u00bb<\/p>\n<p class=\" wall-content\">Personnalisez votre actualit\u00e9 en ajoutant vos villes et m\u00e9dias en favori avec <a href=\"https:\/\/moncompte.actu.fr\" title=\"D\u00e9couvez Mon Actu\" rel=\"nofollow noopener\" data-trk=\"{&quot;cta&quot;:{&quot;action&quot;:&quot;https:\\\/\\\/moncompte.actu.fr&quot;,&quot;category&quot;:&quot;mon compte&quot;,&quot;from&quot;:&quot;article footer&quot;,&quot;name&quot;:&quot;Mon actu&quot;,&quot;type&quot;:&quot;cta&quot;}}\" target=\"_blank\">Mon Actu<\/a>.<\/p>\n","protected":false},"excerpt":{"rendered":"Par Anthony Soudani Publi\u00e9 le 10 oct. 2025 \u00e0 11h12 Une file d\u2019attente monstre s\u2019est form\u00e9e ce vendredi&hellip;\n","protected":false},"author":2,"featured_media":452160,"comment_status":"","ping_status":"","sticky":false,"template":"","format":"standard","meta":{"footnotes":""},"categories":[1889],"tags":[1111,11,2430,215,33,1777,674,1011,27,2428,12,25],"class_list":{"0":"post-452159","1":"post","2":"type-post","3":"status-publish","4":"format-standard","5":"has-post-thumbnail","7":"category-lyon","8":"tag-actu","9":"tag-actualites","10":"tag-auvergne-rhone-alpes","11":"tag-commerce","12":"tag-economie","13":"tag-eu","14":"tag-europe","15":"tag-fr","16":"tag-france","17":"tag-lyon","18":"tag-news","19":"tag-republique-francaise"},"share_on_mastodon":{"url":"https:\/\/pubeurope.com\/@fr\/115349131393413101","error":""},"_links":{"self":[{"href":"https:\/\/www.europesays.com\/fr\/wp-json\/wp\/v2\/posts\/452159","targetHints":{"allow":["GET"]}}],"collection":[{"href":"https:\/\/www.europesays.com\/fr\/wp-json\/wp\/v2\/posts"}],"about":[{"href":"https:\/\/www.europesays.com\/fr\/wp-json\/wp\/v2\/types\/post"}],"author":[{"embeddable":true,"href":"https:\/\/www.europesays.com\/fr\/wp-json\/wp\/v2\/users\/2"}],"replies":[{"embeddable":true,"href":"https:\/\/www.europesays.com\/fr\/wp-json\/wp\/v2\/comments?post=452159"}],"version-history":[{"count":0,"href":"https:\/\/www.europesays.com\/fr\/wp-json\/wp\/v2\/posts\/452159\/revisions"}],"wp:featuredmedia":[{"embeddable":true,"href":"https:\/\/www.europesays.com\/fr\/wp-json\/wp\/v2\/media\/452160"}],"wp:attachment":[{"href":"https:\/\/www.europesays.com\/fr\/wp-json\/wp\/v2\/media?parent=452159"}],"wp:term":[{"taxonomy":"category","embeddable":true,"href":"https:\/\/www.europesays.com\/fr\/wp-json\/wp\/v2\/categories?post=452159"},{"taxonomy":"post_tag","embeddable":true,"href":"https:\/\/www.europesays.com\/fr\/wp-json\/wp\/v2\/tags?post=452159"}],"curies":[{"name":"wp","href":"https:\/\/api.w.org\/{rel}","templated":true}]}}