{"id":452161,"date":"2025-10-10T09:20:10","date_gmt":"2025-10-10T09:20:10","guid":{"rendered":"https:\/\/www.europesays.com\/fr\/452161\/"},"modified":"2025-10-10T09:20:10","modified_gmt":"2025-10-10T09:20:10","slug":"ou-en-est-lepidemie-a-paris-et-en-ile-de-france","status":"publish","type":"post","link":"https:\/\/www.europesays.com\/fr\/452161\/","title":{"rendered":"o\u00f9 en est l&rsquo;\u00e9pid\u00e9mie \u00e0 Paris et en \u00cele-de-France"},"content":{"rendered":"<p>            Par<br \/>\n        <strong><br \/>\n            <a href=\"https:\/\/actu.fr\/auteur\/redaction-paris\" title=\"Consulter tous les articles de R\u00e9daction Paris\" target=\"_blank\" rel=\"noopener\">R\u00e9daction Paris<\/a><br \/>\n        <\/strong><\/p>\n<p>        Publi\u00e9 le<\/p>\n<p>            10 oct. 2025 \u00e0 7h58        <\/p>\n<p>Des nez qui coulent, des gorges qui grattent et le retour des <a href=\"https:\/\/actu.fr\/societe\/les-cas-de-covid-19-en-hausse-comment-se-faire-depister-et-est-on-rembourse_61204531.html\" target=\"_blank\" rel=\"noopener\">tests PCR<\/a>. En cette rentr\u00e9e 2025, un invit\u00e9 non d\u00e9sirable a fait son retour\u2009: le <strong><a href=\"https:\/\/actu.fr\/tag\/coronavirus-covid\" target=\"_blank\" rel=\"noopener\">Covid-19<\/a>.<\/strong> Si on n\u2019en est plus au stade <a href=\"https:\/\/actu.fr\/ile-de-france\/paris_75056\/en-images-covid-19-il-y-a-trois-ans-le-confinement-debutait-a-paris-et-en-ile-de-france_58166866.html\" target=\"_blank\" rel=\"noopener\">\u00e9pid\u00e9mique de\u00a02020 et\u00a02021<\/a>, le virus circule toujours. Et l\u2019\u00cele-de-France n\u2019est pas \u00e9pargn\u00e9e. Selon les donn\u00e9es de Sant\u00e9 publique France, la r\u00e9gion a connu plusieurs semaines de hausse du nombre de passages aux urgences pour suspicion de cas de coronavirus. Dans le bulletin pr\u00e9sent\u00e9 mercredi 8\u00a0octobre 2025, l\u2019agence note toutefois une stabilisation de l\u2019\u00e9pid\u00e9mie \u00e0 l\u2019\u00e9chelle de l\u2019\u00cele-de-France. Le<strong> Val-de-Marne est le d\u00e9partement le plus touch\u00e9<\/strong> avec 364,26 passages aux urgences sur 100\u2009000 qui concernent des suspicions de Covid.<\/p>\n<p class=\" wall-content\">Ces derni\u00e8res semaines, c\u2019est le variant appel\u00e9 XFG et <a href=\"https:\/\/actu.fr\/societe\/coronavirus\/covid-19-la-circulation-du-variant-frankenstein-avance-que-se-passe-t-il-dans-le-rhone_63270376.html\" target=\"_blank\" rel=\"noopener\">surnomm\u00e9 <strong>Frankenstein<\/strong><\/a> qui domine dans la circulation du virus. Il \u00e9tait sous surveillance depuis fin juin par l\u2019Organisation mondiale de la sant\u00e9 (OMS) pour sa contagiosit\u00e9 jug\u00e9e plus \u00e9lev\u00e9e.<\/p>\n<p>Stabilisation de l\u2019\u00e9pid\u00e9mie<\/p>\n<p class=\" wall-content\">Sant\u00e9 publique France note \u00ab\u2009une <strong>stabilisation<\/strong> du nombre global de passages pour suspicion de Covid-19 malgr\u00e9 une augmentation observ\u00e9e chez les 15-64\u00a0ans\u2009\u00bb. Du c\u00f4t\u00e9 de SOS m\u00e9decins, tout comme au niveau de l\u2019\u00e9tude des eaux us\u00e9es, on note aussi une stabilisation apr\u00e8s une augmentation constante depuis la premi\u00e8re semaine de septembre.<\/p>\n<p class=\" wall-content\">Apr\u00e8s le Val-de-Marne, les <strong>Hauts-de-Seine<\/strong> est le d\u00e9partement avec la <strong>plus forte circulation \u00e9pid\u00e9miologique<\/strong>. 323,97 passages aux urgences sur 100\u2009000 concernaient le Covid-19, contre 244,37 \u00e0 Paris et 218,62 en Seine-Saint-Denis.<\/p>\n<p class=\" wall-content\">Cette ann\u00e9e, la <a href=\"https:\/\/actu.fr\/societe\/vaccination-contre-le-covid-19-pourquoi-un-seul-vaccin-sera-propose-aux-francais_63274190.html\" target=\"_blank\" rel=\"noopener\">campagne de vaccination<\/a> d\u00e9butera mardi 14\u00a0octobre 2025 avec un vaccin unique. Le public cible principal est les personnes de plus de 65\u00a0ans et les personnes \u00e0 risque. La campagne sera men\u00e9e conjointement avec celle de vaccination contre la grippe. Le vaccin est enti\u00e8rement gratuit.<\/p>\n<p class=\" wall-content\">Personnalisez votre actualit\u00e9 en ajoutant vos villes et m\u00e9dias en favori avec <a href=\"https:\/\/moncompte.actu.fr\" title=\"D\u00e9couvez Mon Actu\" rel=\"nofollow noopener\" data-trk=\"{&quot;cta&quot;:{&quot;action&quot;:&quot;https:\\\/\\\/moncompte.actu.fr&quot;,&quot;category&quot;:&quot;mon compte&quot;,&quot;from&quot;:&quot;article footer&quot;,&quot;name&quot;:&quot;Mon actu&quot;,&quot;type&quot;:&quot;cta&quot;}}\" target=\"_blank\">Mon Actu<\/a>.<\/p>\n","protected":false},"excerpt":{"rendered":"Par R\u00e9daction Paris Publi\u00e9 le 10 oct. 2025 \u00e0 7h58 Des nez qui coulent, des gorges qui grattent&hellip;\n","protected":false},"author":2,"featured_media":452162,"comment_status":"","ping_status":"","sticky":false,"template":"","format":"standard","meta":{"footnotes":""},"categories":[1592],"tags":[1111,11,4379,1777,674,1011,27,662,12,626,25,71,104],"class_list":{"0":"post-452161","1":"post","2":"type-post","3":"status-publish","4":"format-standard","5":"has-post-thumbnail","7":"category-ile-de-france","8":"tag-actu","9":"tag-actualites","10":"tag-coronavirus-covid","11":"tag-eu","12":"tag-europe","13":"tag-fr","14":"tag-france","15":"tag-ile-de-france","16":"tag-news","17":"tag-paris","18":"tag-republique-francaise","19":"tag-sante","20":"tag-societe"},"share_on_mastodon":{"url":"https:\/\/pubeurope.com\/@fr\/115349135334568092","error":""},"_links":{"self":[{"href":"https:\/\/www.europesays.com\/fr\/wp-json\/wp\/v2\/posts\/452161","targetHints":{"allow":["GET"]}}],"collection":[{"href":"https:\/\/www.europesays.com\/fr\/wp-json\/wp\/v2\/posts"}],"about":[{"href":"https:\/\/www.europesays.com\/fr\/wp-json\/wp\/v2\/types\/post"}],"author":[{"embeddable":true,"href":"https:\/\/www.europesays.com\/fr\/wp-json\/wp\/v2\/users\/2"}],"replies":[{"embeddable":true,"href":"https:\/\/www.europesays.com\/fr\/wp-json\/wp\/v2\/comments?post=452161"}],"version-history":[{"count":0,"href":"https:\/\/www.europesays.com\/fr\/wp-json\/wp\/v2\/posts\/452161\/revisions"}],"wp:featuredmedia":[{"embeddable":true,"href":"https:\/\/www.europesays.com\/fr\/wp-json\/wp\/v2\/media\/452162"}],"wp:attachment":[{"href":"https:\/\/www.europesays.com\/fr\/wp-json\/wp\/v2\/media?parent=452161"}],"wp:term":[{"taxonomy":"category","embeddable":true,"href":"https:\/\/www.europesays.com\/fr\/wp-json\/wp\/v2\/categories?post=452161"},{"taxonomy":"post_tag","embeddable":true,"href":"https:\/\/www.europesays.com\/fr\/wp-json\/wp\/v2\/tags?post=452161"}],"curies":[{"name":"wp","href":"https:\/\/api.w.org\/{rel}","templated":true}]}}