{"id":452163,"date":"2025-10-10T09:21:10","date_gmt":"2025-10-10T09:21:10","guid":{"rendered":"https:\/\/www.europesays.com\/fr\/452163\/"},"modified":"2025-10-10T09:21:10","modified_gmt":"2025-10-10T09:21:10","slug":"le-rafale-cet-avion-dont-raffolent-les-regions-de-lile-de-france-a-la-nouvelle-aquitaine","status":"publish","type":"post","link":"https:\/\/www.europesays.com\/fr\/452163\/","title":{"rendered":"le Rafale, cet avion dont raffolent les r\u00e9gions, de l&rsquo;\u00cele-de-France \u00e0 la Nouvelle-Aquitaine"},"content":{"rendered":"<p>\n    Une nouvelle usine \u00e0 Cergy, en \u00cele-de-France, et des unit\u00e9s de production r\u00e9parties sur tout le territoire fran\u00e7ais : l&rsquo;acc\u00e9l\u00e9ration des commandes de Rafale b\u00e9n\u00e9ficie \u00e0 toute une cha\u00eene \u00e9conomique.\n<\/p>\n<p class=\"article-text article-body__item\">\n    On le dit, on le r\u00e9p\u00e8te, on ne s&rsquo;en r\u00e9jouit pas tout en s&rsquo;en f\u00e9licitant, ou le contraire : \u00e0 court et \u00e0 moyen terme, le domaine de l&rsquo;armement peut \u00eatre le moteur de la r\u00e9industrialisation de la France. Dans une r\u00e9gion, l&rsquo;\u00cele-de-France, frapp\u00e9e par le d\u00e9clin de l&rsquo;industrie automobile, l&rsquo;inauguration de la nouvelle unit\u00e9 de production de l&rsquo;avionneur Dassault, \u00e0 Cergy, dans le Val-d\u2019Oise, le 23 septembre, avait une port\u00e9e symbolique. Preuve de l&rsquo;impressionnante acc\u00e9l\u00e9ration du rythme, depuis le d\u00e9but de la guerre en Ukraine, renforc\u00e9e par une instabilit\u00e9 mondiale croissante, cette inauguration s&rsquo;est faite dans une usine qui tourne d\u00e9j\u00e0 \u00e0 plein r\u00e9gime. En pr\u00e9sence de ses 600 employ\u00e9s, d\u00e9laissant pour une heure leur poste de travail, du P.-D.G. du groupe, \u00c9ric Trappier, et de la pr\u00e9sidente de la r\u00e9gion \u00cele-de-France, Val\u00e9rie P\u00e9cresse.<\/p>\n","protected":false},"excerpt":{"rendered":"Une nouvelle usine \u00e0 Cergy, en \u00cele-de-France, et des unit\u00e9s de production r\u00e9parties sur tout le territoire fran\u00e7ais&hellip;\n","protected":false},"author":2,"featured_media":452164,"comment_status":"","ping_status":"","sticky":false,"template":"","format":"standard","meta":{"footnotes":""},"categories":[1592],"tags":[1111,11,1777,674,1011,27,662,12,626,25],"class_list":{"0":"post-452163","1":"post","2":"type-post","3":"status-publish","4":"format-standard","5":"has-post-thumbnail","7":"category-ile-de-france","8":"tag-actu","9":"tag-actualites","10":"tag-eu","11":"tag-europe","12":"tag-fr","13":"tag-france","14":"tag-ile-de-france","15":"tag-news","16":"tag-paris","17":"tag-republique-francaise"},"share_on_mastodon":{"url":"https:\/\/pubeurope.com\/@fr\/115349139296865578","error":""},"_links":{"self":[{"href":"https:\/\/www.europesays.com\/fr\/wp-json\/wp\/v2\/posts\/452163","targetHints":{"allow":["GET"]}}],"collection":[{"href":"https:\/\/www.europesays.com\/fr\/wp-json\/wp\/v2\/posts"}],"about":[{"href":"https:\/\/www.europesays.com\/fr\/wp-json\/wp\/v2\/types\/post"}],"author":[{"embeddable":true,"href":"https:\/\/www.europesays.com\/fr\/wp-json\/wp\/v2\/users\/2"}],"replies":[{"embeddable":true,"href":"https:\/\/www.europesays.com\/fr\/wp-json\/wp\/v2\/comments?post=452163"}],"version-history":[{"count":0,"href":"https:\/\/www.europesays.com\/fr\/wp-json\/wp\/v2\/posts\/452163\/revisions"}],"wp:featuredmedia":[{"embeddable":true,"href":"https:\/\/www.europesays.com\/fr\/wp-json\/wp\/v2\/media\/452164"}],"wp:attachment":[{"href":"https:\/\/www.europesays.com\/fr\/wp-json\/wp\/v2\/media?parent=452163"}],"wp:term":[{"taxonomy":"category","embeddable":true,"href":"https:\/\/www.europesays.com\/fr\/wp-json\/wp\/v2\/categories?post=452163"},{"taxonomy":"post_tag","embeddable":true,"href":"https:\/\/www.europesays.com\/fr\/wp-json\/wp\/v2\/tags?post=452163"}],"curies":[{"name":"wp","href":"https:\/\/api.w.org\/{rel}","templated":true}]}}