{"id":452165,"date":"2025-10-10T09:22:13","date_gmt":"2025-10-10T09:22:13","guid":{"rendered":"https:\/\/www.europesays.com\/fr\/452165\/"},"modified":"2025-10-10T09:22:13","modified_gmt":"2025-10-10T09:22:13","slug":"video-gala-meghan-markle-a-paris-une-princesse-a-lelysee-revivez-une-semaine-dactu-au-plus-pres-des-stars","status":"publish","type":"post","link":"https:\/\/www.europesays.com\/fr\/452165\/","title":{"rendered":"VID\u00c9O GALA &#8211; Meghan Markle \u00e0 Paris, une princesse \u00e0 l\u2019\u00c9lys\u00e9e\u2026 Revivez une semaine d\u2019actu au plus pr\u00e8s des stars"},"content":{"rendered":"<p>                                    <img decoding=\"async\" src=\"https:\/\/www.europesays.com\/fr\/wp-content\/uploads\/2025\/10\/abf4d4671aa64d9cfc335251bc2abd3582ab9e6059c13f71402d7cef77881721.jpg\" alt=\"De Meghan Markle \u00e0 Marion Cotillard \u00e0 la Fashion Week en passant par les Bleus \u00e0 Clairefontaine.\" class=\"a11y-hidden\" fetchpriority=\"high\"\/><\/p>\n<p class=\"fig-standfirst\">\n    De la venue surprise de Meghan Markle \u00e0 Paris au d\u00e9fil\u00e9 Chanel, en passant par la visite d\u2019Hussein et Rajwa de Jordanie \u00e0 l\u2019\u00c9lys\u00e9e, cette semaine a \u00e9t\u00e9 riche en \u00e9v\u00e9nements. Retour sur les moments qui ont marqu\u00e9 ces sept derniers jours.<\/p>\n<p class=\"fig-paragraph\">Cette semaine, la Fashion Week de Paris s\u2019est conclue en beaut\u00e9. Pour ce rendez-vous mode,\u00a0<a href=\"https:\/\/www.gala.fr\/mode\/les_stars_et_la_mode\/marion-cotillard-margot-robbie-nicole-kidman-et-ses-filles-pour-son-defile-big-bang-chanel-convie-un-front-row-constelle-de-stars-20251007\" target=\"_blank\" data-fig-type=\"Article\" rel=\"sponsored noopener nofollow\" data-gtm-custom-categorie=\"navigation\" data-gtm-custom-action=\"crossclick\" data-gtm-custom-label=\"Contextuel\" data-gtm-event=\"customEventSPE\" data-fig-domain=\"GALA\">de nombreuses c\u00e9l\u00e9brit\u00e9s fran\u00e7aises<\/a>, mais aussi internationales, \u00e9taient pr\u00e9sentes au sein de la Ville lumi\u00e8re. Meghan Markle a d\u2019ailleurs\u00a0<a href=\"https:\/\/www.gala.fr\/royautes\/meghan-markle-croise-anna-wintour-a-la-fashion-week-de-paris-on-sait-ce-qu-elles-se-sont-dit-20251006\" target=\"_blank\" data-fig-type=\"Article\" rel=\"sponsored noopener nofollow\" data-gtm-custom-categorie=\"navigation\" data-gtm-custom-action=\"crossclick\" data-gtm-custom-label=\"Contextuel\" data-gtm-event=\"customEventSPE\" data-fig-domain=\"GALA\">cr\u00e9\u00e9 la surprise en se rendant au d\u00e9fil\u00e9 Balenciaga le 4 octobre dernier<\/a>\u00a0pour \u00ab soutenir Pierpaolo Piccioli, qui a r\u00e9cemment assum\u00e9 le r\u00f4le de directeur cr\u00e9atif de la maison\u00a0\u00bb. Durant son s\u00e9jour, l\u2019\u00e9pouse du prince Harry a profit\u00e9 du cadre prestigieux et chic de l\u2019h\u00f4tel Plaza Ath\u00e9n\u00e9e, situ\u00e9 sur l\u2019avenue Montaigne du 8e arrondissement de Paris. Elle n\u2019est pas la seule \u00e0 avoir marqu\u00e9 la Fashion Week de sa pr\u00e9sence. Ad\u00e8le Exarchopoulos a fait cr\u00e9piter les flashs des photographes\u00a0<a href=\"https:\/\/www.gala.fr\/mode\/les_stars_et_la_mode\/video-gala-au-defile-lacoste-adele-exarchopoulos-manie-l-art-du-survetement-avec-chic-20251005\" target=\"_blank\" data-fig-type=\"Article\" rel=\"sponsored noopener nofollow\" data-gtm-custom-categorie=\"navigation\" data-gtm-custom-action=\"crossclick\" data-gtm-custom-label=\"Contextuel\" data-gtm-event=\"customEventSPE\" data-fig-domain=\"GALA\">lors de sa venue au d\u00e9fil\u00e9 Lacoste le 5 octobre dernier<\/a>. Devenue ambassadrice de la marque en 2025, l\u2019actrice \u00e9tait v\u00eatue d\u2019un ensemble de surv\u00eatement gris oversize. Un look compos\u00e9 d\u2019un large bomber \u00e0 fermeture \u00e9clair blanche associ\u00e9 \u00e0 un pantalon parachute dans les m\u00eames tons. Elle a \u00e9lev\u00e9 son allure par des escarpins \u00e0 bout pointu blancs et d\u2019un sac Lenglen de la maison, d\u00e9j\u00e0 embl\u00e9matique.<\/p>\n<p class=\"fig-paragraph\">Le lendemain, c\u2019est Marion Cotillard qui a fait une apparition remarqu\u00e9e lors du d\u00e9fil\u00e9 Chanel donn\u00e9 sous la verri\u00e8re du Grand Palais. \u00c9g\u00e9rie de la maison depuis cinq ans, la com\u00e9dienne \u00e9tait v\u00eatue d\u2019un jean noir d\u00e9lav\u00e9 et d\u2019une veste en tweed classique sur une chemise blanche. Sur le front row, elle a retrouv\u00e9 Carole Bouquet, Nicole Kidman, Charlotte Casiraghi ou encore Margot Robbie. Les t\u00eates couronn\u00e9es aussi ont marqu\u00e9 l\u2019actualit\u00e9 cette semaine. Le 8 octobre dernier, le prince h\u00e9ritier de Jordanie, Hussein ben Abdallah, et sa femme la princesse Rajwa, ont \u00e9t\u00e9 accueillis par Emmanuel et Brigitte Macron \u00e0 l\u2019\u00c9lys\u00e9e dans le cadre de leur premi\u00e8re visite officielle en France. De leurs c\u00f4t\u00e9s, Letizia d\u2019Espagne et Felipe VI se sont envol\u00e9s pour Bruxelles o\u00f9\u00a0<a href=\"https:\/\/www.gala.fr\/royautes\/reportage-letizia-d-espagne-et-felipe-vi-a-bruxelles-baisemain-et-accolades-leurs-retrouvailles-complices-avec-mathilde-et-philippe-de-belgique-20251007\" target=\"_blank\" data-fig-type=\"Article\" rel=\"sponsored noopener nofollow\" data-gtm-custom-categorie=\"navigation\" data-gtm-custom-action=\"crossclick\" data-gtm-custom-label=\"Contextuel\" data-gtm-event=\"customEventSPE\" data-fig-domain=\"GALA\">ils ont chaleureusement retrouv\u00e9 le roi Philippe et la reine Mathilde<\/a>\u00a0de Belgique. De leurs c\u00f4t\u00e9s, les Bleus ont fait leur retour \u00e0 Clairefontaine avant de d\u00e9fier l\u2019Azerba\u00efdjan ce vendredi 10 octobre dans le cadre des qualifications de la Coupe du monde 2026. Parmi eux se trouvaient Jules Kound\u00e9, Kylian Mbapp\u00e9, Eduardo Camavinga, ou encore William Saliba.<\/p>\n<p>    <a href=\"https:\/\/photo.gala.fr\/mode\/les_stars_et_la_mode\/photos-nicole-kidman-et-ses-filles-marion-cotillard-pedro-pascal-les-stars-brillent-entre-les-planetes-de-chanel-20251007\" rel=\"nofollow noopener\" target=\"_blank\"><\/p>\n<p class=\"fig-slideshow__title\">\n                    PHOTOS &#8211; Nicole Kidman et ses filles, Marion Cotillard, Pedro Pascal&#8230; les stars brillent entre les plan\u00e8tes de Chanel\n                <\/p>\n<p>    <\/a><\/p>\n<p>                                    <a class=\"fig-a11y-skip a11y-hidden\" href=\"#fig-a11y-skip-main-inarticle\"><br \/>\n        Passer la publicit\u00e9<br \/>\n    <\/a><\/p>\n<p>Sylvie Tellier, Diane Leyre, Ang\u00e9lique Angarni-Filopon\u2026 Les Miss France r\u00e9unies pour une noble cause<\/p>\n<p class=\"fig-paragraph\">Le mercredi 8 octobre dernier a \u00e9t\u00e9 marqu\u00e9 par un \u00e9v\u00e9nement important puisque\u00a0<a href=\"https:\/\/www.gala.fr\/l_actu\/news_de_stars\/sylvie-tellier-diane-leyre-angelique-angarni-filopon-les-miss-france-reunies-pour-une-noble-cause-quel-casting-20251009\" target=\"_blank\" data-fig-type=\"Article\" rel=\"sponsored noopener nofollow\" data-gtm-custom-categorie=\"navigation\" data-gtm-custom-action=\"crossclick\" data-gtm-custom-label=\"Contextuel\" data-gtm-event=\"customEventSPE\" data-fig-domain=\"GALA\">de nombreuses Miss France se sont r\u00e9unies \u00e0 l\u2019h\u00f4tel Peninsula<\/a>\u00a0de Paris qui a lanc\u00e9 son programme caritatif \u00ab Peninsula in Pink\u00bb dans le cadre de la campagne mondiale Octobre Rose. Les dons r\u00e9colt\u00e9s seront d\u2019ailleurs revers\u00e9s \u00e0 l\u2019association Les Bonnes F\u00e9es, qui f\u00eate ses 10 ans cette ann\u00e9e et qui \u0153uvre aux c\u00f4t\u00e9s des femmes atteintes de cancer, en leur offrant des instants de r\u00e9confort, de douceur et de force gr\u00e2ce aux soins socioesth\u00e9tiques dispens\u00e9s dans ses quatre maisons. \u00c0 l\u2019occasion de cet \u00e9v\u00e9nement caritatif, les reines de beaut\u00e9 pr\u00e9sentes ont rivalis\u00e9 d\u2019\u00e9l\u00e9gance. Parmi elles, Ang\u00e9lique Angarni-Filopon, Miss France 2025, mais aussi Sylvie Tellier, l\u2019ancienne directrice g\u00e9n\u00e9rale du comit\u00e9, accompagn\u00e9e de son \u00e9poux Laurent Schenten. Diane Leyre, Miss France 2022, \u00e9tait \u00e9galement de la partie, tout comme Camille Cerf, Ma\u00ebva Coucke, Amandine Petit, Chlo\u00e9 Mortaud, Nathalie Marquet, Marine Lorphelin, Cl\u00e9mence Botino, ou encore Mareva Galenter.<\/p>\n","protected":false},"excerpt":{"rendered":"De la venue surprise de Meghan Markle \u00e0 Paris au d\u00e9fil\u00e9 Chanel, en passant par la visite d\u2019Hussein&hellip;\n","protected":false},"author":2,"featured_media":452166,"comment_status":"","ping_status":"","sticky":false,"template":"","format":"standard","meta":{"footnotes":""},"categories":[1888],"tags":[1111,1928,11,1927,16694,4527,1777,674,992,1011,27,22789,908,12,1926,626,1925,25],"class_list":{"0":"post-452165","1":"post","2":"type-post","3":"status-publish","4":"format-standard","5":"has-post-thumbnail","7":"category-paris","8":"tag-actu","9":"tag-actu-paris","10":"tag-actualites","11":"tag-actualites-paris","12":"tag-defile","13":"tag-elysee","14":"tag-eu","15":"tag-europe","16":"tag-fashion-week","17":"tag-fr","18":"tag-france","19":"tag-letizia-despagne","20":"tag-meghan-markle","21":"tag-news","22":"tag-news-paris","23":"tag-paris","24":"tag-paris-news","25":"tag-republique-francaise"},"share_on_mastodon":{"url":"https:\/\/pubeurope.com\/@fr\/115349143779930919","error":""},"_links":{"self":[{"href":"https:\/\/www.europesays.com\/fr\/wp-json\/wp\/v2\/posts\/452165","targetHints":{"allow":["GET"]}}],"collection":[{"href":"https:\/\/www.europesays.com\/fr\/wp-json\/wp\/v2\/posts"}],"about":[{"href":"https:\/\/www.europesays.com\/fr\/wp-json\/wp\/v2\/types\/post"}],"author":[{"embeddable":true,"href":"https:\/\/www.europesays.com\/fr\/wp-json\/wp\/v2\/users\/2"}],"replies":[{"embeddable":true,"href":"https:\/\/www.europesays.com\/fr\/wp-json\/wp\/v2\/comments?post=452165"}],"version-history":[{"count":0,"href":"https:\/\/www.europesays.com\/fr\/wp-json\/wp\/v2\/posts\/452165\/revisions"}],"wp:featuredmedia":[{"embeddable":true,"href":"https:\/\/www.europesays.com\/fr\/wp-json\/wp\/v2\/media\/452166"}],"wp:attachment":[{"href":"https:\/\/www.europesays.com\/fr\/wp-json\/wp\/v2\/media?parent=452165"}],"wp:term":[{"taxonomy":"category","embeddable":true,"href":"https:\/\/www.europesays.com\/fr\/wp-json\/wp\/v2\/categories?post=452165"},{"taxonomy":"post_tag","embeddable":true,"href":"https:\/\/www.europesays.com\/fr\/wp-json\/wp\/v2\/tags?post=452165"}],"curies":[{"name":"wp","href":"https:\/\/api.w.org\/{rel}","templated":true}]}}