{"id":452167,"date":"2025-10-10T09:23:12","date_gmt":"2025-10-10T09:23:12","guid":{"rendered":"https:\/\/www.europesays.com\/fr\/452167\/"},"modified":"2025-10-10T09:23:12","modified_gmt":"2025-10-10T09:23:12","slug":"bosideng-le-geant-chinois-de-la-doudoune-soffre-un-premier-show-a-paris","status":"publish","type":"post","link":"https:\/\/www.europesays.com\/fr\/452167\/","title":{"rendered":"Bosideng, le g\u00e9ant chinois de la doudoune, s\u2019offre un premier show \u00e0 Paris"},"content":{"rendered":"<p>\n                                    <b>Publi\u00e9 le<\/b><br \/>\n                                    <\/p>\n<p>                                        10 octobre 2025<\/p>\n<p class=\"article-content col-md-8 offset-md-1\">\n                                Au dernier jour de la Fashion Week parisienne, c&rsquo;est\u00a0un g\u00e9ant de la mode, qui p\u00e8se plus de 3 milliards d&rsquo;euros de chiffre d&rsquo;affaires, qui faisait ses d\u00e9buts \u00e0 Paris. Dans un \u00e9v\u00e9nement hors calendrier, la marque chinoise <a class=\"fnwAddLinks\" href=\"https:\/\/fr.fashionnetwork.com\/tags-bosideng\" title=\"Bosideng\" target=\"_blank\" rel=\"noopener\">Bosideng<\/a>, sp\u00e9cialiste de la doudoune depuis plus de 40 ans, s&rsquo;est offert un d\u00e9fil\u00e9 entre les colonnes et sous l&rsquo;immense verri\u00e8re de la grande salle du Palais Brongniart, au c\u0153ur de la capitale. Apr\u00e8s un premier \u00e9v\u00e9nement organis\u00e9 avant les JO de Paris, au mus\u00e9e des Arts d\u00e9coratifs, le label revient dans la Ville Lumi\u00e8re.\n                            <\/p>\n<p>\n                                Tous droits de reproduction et de repr\u00e9sentation r\u00e9serv\u00e9s.<br \/>\u00a9 2025 FashionNetwork.com\n                            <\/p>\n","protected":false},"excerpt":{"rendered":"Publi\u00e9 le 10 octobre 2025 Au dernier jour de la Fashion Week parisienne, c&rsquo;est\u00a0un g\u00e9ant de la mode,&hellip;\n","protected":false},"author":2,"featured_media":452168,"comment_status":"","ping_status":"","sticky":false,"template":"","format":"standard","meta":{"footnotes":""},"categories":[1888],"tags":[1111,1928,11,1927,2424,57787,537,2423,1777,674,992,1011,27,2425,985,57790,57788,12,1926,2298,626,1925,2426,2427,25,2421,2422,57789],"class_list":{"0":"post-452167","1":"post","2":"type-post","3":"status-publish","4":"format-standard","5":"has-post-thumbnail","7":"category-paris","8":"tag-actu","9":"tag-actu-paris","10":"tag-actualites","11":"tag-actualites-paris","12":"tag-beaute","13":"tag-bosideng","14":"tag-contact","15":"tag-cosmetiques","16":"tag-eu","17":"tag-europe","18":"tag-fashion-week","19":"tag-fr","20":"tag-france","21":"tag-luxe","22":"tag-mode","23":"tag-moose-knuckles","24":"tag-msgm","25":"tag-news","26":"tag-news-paris","27":"tag-parfum","28":"tag-paris","29":"tag-paris-news","30":"tag-professionnel","31":"tag-professionnels","32":"tag-republique-francaise","33":"tag-reseau","34":"tag-textile","35":"tag-tmall"},"share_on_mastodon":{"url":"https:\/\/pubeurope.com\/@fr\/115349147120287113","error":""},"_links":{"self":[{"href":"https:\/\/www.europesays.com\/fr\/wp-json\/wp\/v2\/posts\/452167","targetHints":{"allow":["GET"]}}],"collection":[{"href":"https:\/\/www.europesays.com\/fr\/wp-json\/wp\/v2\/posts"}],"about":[{"href":"https:\/\/www.europesays.com\/fr\/wp-json\/wp\/v2\/types\/post"}],"author":[{"embeddable":true,"href":"https:\/\/www.europesays.com\/fr\/wp-json\/wp\/v2\/users\/2"}],"replies":[{"embeddable":true,"href":"https:\/\/www.europesays.com\/fr\/wp-json\/wp\/v2\/comments?post=452167"}],"version-history":[{"count":0,"href":"https:\/\/www.europesays.com\/fr\/wp-json\/wp\/v2\/posts\/452167\/revisions"}],"wp:featuredmedia":[{"embeddable":true,"href":"https:\/\/www.europesays.com\/fr\/wp-json\/wp\/v2\/media\/452168"}],"wp:attachment":[{"href":"https:\/\/www.europesays.com\/fr\/wp-json\/wp\/v2\/media?parent=452167"}],"wp:term":[{"taxonomy":"category","embeddable":true,"href":"https:\/\/www.europesays.com\/fr\/wp-json\/wp\/v2\/categories?post=452167"},{"taxonomy":"post_tag","embeddable":true,"href":"https:\/\/www.europesays.com\/fr\/wp-json\/wp\/v2\/tags?post=452167"}],"curies":[{"name":"wp","href":"https:\/\/api.w.org\/{rel}","templated":true}]}}