{"id":452178,"date":"2025-10-10T09:29:11","date_gmt":"2025-10-10T09:29:11","guid":{"rendered":"https:\/\/www.europesays.com\/fr\/452178\/"},"modified":"2025-10-10T09:29:11","modified_gmt":"2025-10-10T09:29:11","slug":"le-royaume-uni-active-de-nouveaux-pouvoirs-pour-reguler-la-recherche-google","status":"publish","type":"post","link":"https:\/\/www.europesays.com\/fr\/452178\/","title":{"rendered":"Le Royaume-Uni active de nouveaux pouvoirs pour r\u00e9guler la recherche Google"},"content":{"rendered":"<p>Le Royaume-Uni a d\u00e9sign\u00e9 vendredi Google comme d\u00e9tenant un \u00ab statut de march\u00e9 strat\u00e9gique \u00bb dans la recherche en ligne, une premi\u00e8re utilisation de ses nouveaux pouvoirs visant \u00e0 lutter contre la domination des g\u00e9ants technologiques et ouvrant la voie \u00e0 des interventions jug\u00e9es n\u00e9cessaires.<\/p>\n<p>\nLa d\u00e9cision de la Competition and Markets Authority (CMA) permet \u00e0 l&rsquo;organisme de contraindre la soci\u00e9t\u00e9 d\u00e9tenue par Alphabet \u00e0 modifier son fonctionnement sur le march\u00e9 britannique de la recherche.<\/p>\n<p>\n\u00ab Nous avons constat\u00e9 que Google occupe une position strat\u00e9gique dans le secteur de la recherche et de la publicit\u00e9 li\u00e9e \u00e0 la recherche &#8211; plus de 90\u00a0% des recherches au Royaume-Uni sont effectu\u00e9es sur sa plateforme \u00bb, a d\u00e9clar\u00e9 Will Hayter, directeur ex\u00e9cutif des march\u00e9s num\u00e9riques \u00e0 la CMA, dans un communiqu\u00e9.<\/p>\n<p>\nLe r\u00e9gulateur a pr\u00e9cis\u00e9 que cette d\u00e9signation ne constituait pas une constatation de faute et n&rsquo;imposait aucune exigence imm\u00e9diate.<\/p>\n<p>\nOliver Bethell, directeur principal de la concurrence chez Google, a d\u00e9clar\u00e9\u00a0: \u00ab\u00a0Bon nombre des id\u00e9es d&rsquo;interventions \u00e9voqu\u00e9es dans ce processus entraveraient l&rsquo;innovation et la croissance au Royaume-Uni, risquant de ralentir le lancement de nouveaux produits \u00e0 un moment o\u00f9 l&rsquo;innovation bas\u00e9e sur l&rsquo;intelligence artificielle est profonde.\u00a0\u00bb<\/p>\n<p>\nLa CMA, qui peut imposer des amendes en cas de non-respect et dispose de pouvoirs d&rsquo;application directe, avait indiqu\u00e9 en juin que ses actions seraient \u00ab\u00a0cibl\u00e9es et proportionn\u00e9es\u00a0\u00bb, et qu&rsquo;elles favoriseraient l&rsquo;innovation dans le secteur technologique britannique ainsi que dans l&rsquo;\u00e9conomie au sens large.<\/p>\n<p>\nLes mesures envisag\u00e9es par la CMA en juin incluaient un classement plus \u00e9quitable des r\u00e9sultats de recherche et une meilleure accessibilit\u00e9 des moteurs de recherche alternatifs pour les consommateurs.<\/p>\n","protected":false},"excerpt":{"rendered":"Le Royaume-Uni a d\u00e9sign\u00e9 vendredi Google comme d\u00e9tenant un \u00ab statut de march\u00e9 strat\u00e9gique \u00bb dans la recherche&hellip;\n","protected":false},"author":2,"featured_media":452179,"comment_status":"","ping_status":"","sticky":false,"template":"","format":"standard","meta":{"footnotes":""},"categories":[1588],"tags":[11,340,1777,674,12,473,1853,1851,1850,1852],"class_list":{"0":"post-452178","1":"post","2":"type-post","3":"status-publish","4":"format-standard","5":"has-post-thumbnail","7":"category-royaume-uni","8":"tag-actualites","9":"tag-bourse","10":"tag-eu","11":"tag-europe","12":"tag-news","13":"tag-royaume-uni","14":"tag-royaume-uni-de-grande-bretagne-et-dirlande-du-nord","15":"tag-uk","16":"tag-united-kingdom","17":"tag-united-kingdom-of-great-britain-and-northern-ireland"},"share_on_mastodon":{"url":"https:\/\/pubeurope.com\/@fr\/115349171076959385","error":""},"_links":{"self":[{"href":"https:\/\/www.europesays.com\/fr\/wp-json\/wp\/v2\/posts\/452178","targetHints":{"allow":["GET"]}}],"collection":[{"href":"https:\/\/www.europesays.com\/fr\/wp-json\/wp\/v2\/posts"}],"about":[{"href":"https:\/\/www.europesays.com\/fr\/wp-json\/wp\/v2\/types\/post"}],"author":[{"embeddable":true,"href":"https:\/\/www.europesays.com\/fr\/wp-json\/wp\/v2\/users\/2"}],"replies":[{"embeddable":true,"href":"https:\/\/www.europesays.com\/fr\/wp-json\/wp\/v2\/comments?post=452178"}],"version-history":[{"count":0,"href":"https:\/\/www.europesays.com\/fr\/wp-json\/wp\/v2\/posts\/452178\/revisions"}],"wp:featuredmedia":[{"embeddable":true,"href":"https:\/\/www.europesays.com\/fr\/wp-json\/wp\/v2\/media\/452179"}],"wp:attachment":[{"href":"https:\/\/www.europesays.com\/fr\/wp-json\/wp\/v2\/media?parent=452178"}],"wp:term":[{"taxonomy":"category","embeddable":true,"href":"https:\/\/www.europesays.com\/fr\/wp-json\/wp\/v2\/categories?post=452178"},{"taxonomy":"post_tag","embeddable":true,"href":"https:\/\/www.europesays.com\/fr\/wp-json\/wp\/v2\/tags?post=452178"}],"curies":[{"name":"wp","href":"https:\/\/api.w.org\/{rel}","templated":true}]}}