{"id":452184,"date":"2025-10-10T09:32:14","date_gmt":"2025-10-10T09:32:14","guid":{"rendered":"https:\/\/www.europesays.com\/fr\/452184\/"},"modified":"2025-10-10T09:32:14","modified_gmt":"2025-10-10T09:32:14","slug":"1-milliard-deuros-pour-accelerer-lia-et-une-plateforme-dinformation-sur-lia-act","status":"publish","type":"post","link":"https:\/\/www.europesays.com\/fr\/452184\/","title":{"rendered":"1 milliard d\u2019euros pour acc\u00e9l\u00e9rer l\u2019IA et une plateforme d\u2019information sur l\u2019IA Act"},"content":{"rendered":"<p>        <a href=\"https:\/\/solnum.b-cdn.net\/wp-content\/uploads\/2023\/09\/drapeau-europe.jpg\" data-caption=\"\" target=\"_blank\" rel=\"noopener\"><img loading=\"lazy\" decoding=\"async\" width=\"696\" height=\"502\" class=\"entry-thumb td-modal-image\" src=\"data:image\/svg+xml,%3Csvg%20xmlns=\" http:=\"\" data-lazy- data-lazy- alt=\"\" title=\"drapeau-europe\" data-lazy-src=\"https:\/\/www.europesays.com\/fr\/wp-content\/uploads\/2025\/07\/drapeau-europe-696x502.jpg\"\/><\/a><\/p>\n<p><strong>La Commission europ\u00e9enne a lanc\u00e9 <a href=\"https:\/\/ec.europa.eu\/commission\/presscorner\/detail\/fr\/ip_25_2299\" target=\"_blank\" rel=\"noopener\">deux strat\u00e9gies majeures intitul\u00e9es \u201cAppliquer l\u2019IA\u201d \u2013 Apply AI \u2013 et \u201cL\u2019IA dans la science\u201d \u2013 AI in Science Strategy<\/a>. L\u2019UE met \u00e9galement en place un service d\u2019assistance et une plateforme unique pour accompagner la mise en \u0153uvre du r\u00e8glement europ\u00e9en sur l\u2019IA Act.<\/strong><\/p>\n<p>\u201cL\u2019adoption de l\u2019IA doit \u00eatre g\u00e9n\u00e9ralis\u00e9e et, gr\u00e2ce \u00e0 ces strat\u00e9gies, nous contribuerons \u00e0 acc\u00e9l\u00e9rer le processus. Donner la priorit\u00e9 \u00e0 l\u2019IA, c\u2019est aussi donner la priorit\u00e9 \u00e0 la s\u00e9curit\u00e9. Nous encouragerons cet \u00e9tat d\u2019esprit \u00ab l\u2019IA d\u2019abord \u00bb dans tous nos secteurs cl\u00e9s, de la robotique aux soins de sant\u00e9, en passant par l\u2019\u00e9nergie et l\u2019automobile\u201c, a d\u00e9clar\u00e9 Ursula von der Leyen, pr\u00e9sidente de la Commission europ\u00e9enne. La d\u00e9fense, les communications et la culture sont \u00e9galement prioritaires.<\/p>\n<p>La strat\u00e9gie \u201cAppliquer l\u2019IA\u201d s\u2019appuie sur un investissement de 1 milliard d\u2019euros, destin\u00e9 \u00e0 soutenir les entreprises, notamment les PME, socle de l\u2019\u00e9conomie europ\u00e9enne, pour acc\u00e9l\u00e9rer l\u2019adoption de l\u2019IA. Seules 13,5 % des entreprises europ\u00e9ennes utilisent actuellement l\u2019IA.<\/p>\n<p>Les mesures concr\u00e8tes<\/p>\n<p>Plusieurs mesures prioritaires devraient \u00eatre rapidement mises en \u0153uvre :<\/p>\n<p>\u2013 Mise en place de l\u2019IA fronti\u00e8re, visant \u00e0 rassembler les principaux acteurs europ\u00e9ens de l\u2019IA.<\/p>\n<p>\u2013 D\u00e9ploiement d\u2019une approche d\u2019achats publics d\u2019IA europ\u00e9enne pour les organisations publiques, avec une pr\u00e9f\u00e9rence pour les solutions d\u2019IA open source europ\u00e9ennes.<\/p>\n<p>\u2013 D\u00e9veloppement d\u2019agents IA sp\u00e9cialis\u00e9s pour r\u00e9pondre aux besoins des secteurs de la fabrication, des produits pharmaceutiques ou de l\u2019environnement. La finance, le tourisme et le commerce \u00e9lectronique pourraient \u00e9galement b\u00e9n\u00e9ficier de nouvelles mesures prochainement.<\/p>\n<p>\u2013 Mise en r\u00e9seau de p\u00f4les europ\u00e9ens d\u2019innovation num\u00e9rique, transform\u00e9s en v\u00e9ritables centres d\u2019exp\u00e9rience IA accessibles aux entreprises.<\/p>\n<p>Le deuxi\u00e8me pilier : l\u2019IA dans la science<\/p>\n<p>La seconde strat\u00e9gie, \u201cIA dans la science\u201c, vise \u00e0 positionner l\u2019Europe comme plateforme scientifique fond\u00e9e sur l\u2019IA. Pour r\u00e9ussir, le doublement des investissements annuels d\u2019Horizon Europe dans l\u2019IA est annonc\u00e9, afin d\u2019atteindre \u00e0 terme plus de 3 milliards d\u2019euros, dont 600 millions seront consacr\u00e9s pour la puissance de calcul. 58 millions sont d\u00e9di\u00e9s au projet pilote RAISE (Resource for AI Science in Europe) \u201cafin de former, de retenir et d\u2019attirer les meilleurs talents scientifiques et en mati\u00e8re d\u2019IA\u201c.<\/p>\n<p>Une hotline pour passer \u00e0 l\u2019IA act<\/p>\n<p>Pour garantir une mise en \u0153uvre fluide du r\u00e8glement europ\u00e9en sur l\u2019IA (AI Act), entr\u00e9 en vigueur le 1er ao\u00fbt 2024, la Commission a lanc\u00e9 simultan\u00e9ment<a href=\"https:\/\/ai-act-service-desk.ec.europa.eu\/en\" target=\"_blank\" rel=\"noopener\"> le service d\u2019assistance de la loi sur l\u2019IA et une plateforme d\u2019information unique.<\/a><br \/>Ce guichet num\u00e9rique \u2013 alors que l\u2019IA act est point\u00e9 par Mario Draghi et dans le paquet \u201cOmnibus num\u00e9rique\u201d visant des simplifications r\u00e9glementaires \u2013 vise \u00e0 offrir aux entreprises, chercheurs, administrations et startups\u2026 une s\u00e9curit\u00e9 juridique et un acc\u00e8s simplifi\u00e9 aux ressources n\u00e9cessaires pour se conformer \u00e0 la l\u00e9gislation.<\/p>\n<p>Cette plateforme \u00e0 d\u00e9couvrir d\u2019urgence centralise :<\/p>\n<p>\u2013 un v\u00e9rificateur de conformit\u00e9, pour d\u00e9terminer si une organisation est soumise \u00e0 l\u2019AI Act et identifier les obligations correspondantes ;<\/p>\n<p>\u2013 un AI Act Explorer, outil interactif pour naviguer dans les chapitres, annexes et consid\u00e9rants du r\u00e8glement ;<\/p>\n<p>\u2013 un formulaire de contact permettant aux parties prenantes d\u2019interroger directement l\u2019\u00e9quipe d\u2019assistance du Bureau de l\u2019IA.<\/p>\n","protected":false},"excerpt":{"rendered":"La Commission europ\u00e9enne a lanc\u00e9 deux strat\u00e9gies majeures intitul\u00e9es \u201cAppliquer l\u2019IA\u201d \u2013 Apply AI \u2013 et \u201cL\u2019IA dans&hellip;\n","protected":false},"author":2,"featured_media":225640,"comment_status":"","ping_status":"","sticky":false,"template":"","format":"standard","meta":{"footnotes":""},"categories":[1586],"tags":[11,35,1075,11233,341,1777,674,1779,1011,27,861,10357,5701,12,8088,25,15097,1778,364],"class_list":{"0":"post-452184","1":"post","2":"type-post","3":"status-publish","4":"format-standard","5":"has-post-thumbnail","7":"category-europe","8":"tag-actualites","9":"tag-business","10":"tag-cybersecurite","11":"tag-decideur-entreprise","12":"tag-emploi","13":"tag-eu","14":"tag-europe","15":"tag-european-union","16":"tag-fr","17":"tag-france","18":"tag-ia","19":"tag-infrastructure","20":"tag-innovation","21":"tag-news","22":"tag-reglementation","23":"tag-republique-francaise","24":"tag-solutions","25":"tag-ue","26":"tag-union-europeenne"},"share_on_mastodon":{"url":"https:\/\/pubeurope.com\/@fr\/115349182767416282","error":""},"_links":{"self":[{"href":"https:\/\/www.europesays.com\/fr\/wp-json\/wp\/v2\/posts\/452184","targetHints":{"allow":["GET"]}}],"collection":[{"href":"https:\/\/www.europesays.com\/fr\/wp-json\/wp\/v2\/posts"}],"about":[{"href":"https:\/\/www.europesays.com\/fr\/wp-json\/wp\/v2\/types\/post"}],"author":[{"embeddable":true,"href":"https:\/\/www.europesays.com\/fr\/wp-json\/wp\/v2\/users\/2"}],"replies":[{"embeddable":true,"href":"https:\/\/www.europesays.com\/fr\/wp-json\/wp\/v2\/comments?post=452184"}],"version-history":[{"count":0,"href":"https:\/\/www.europesays.com\/fr\/wp-json\/wp\/v2\/posts\/452184\/revisions"}],"wp:featuredmedia":[{"embeddable":true,"href":"https:\/\/www.europesays.com\/fr\/wp-json\/wp\/v2\/media\/225640"}],"wp:attachment":[{"href":"https:\/\/www.europesays.com\/fr\/wp-json\/wp\/v2\/media?parent=452184"}],"wp:term":[{"taxonomy":"category","embeddable":true,"href":"https:\/\/www.europesays.com\/fr\/wp-json\/wp\/v2\/categories?post=452184"},{"taxonomy":"post_tag","embeddable":true,"href":"https:\/\/www.europesays.com\/fr\/wp-json\/wp\/v2\/tags?post=452184"}],"curies":[{"name":"wp","href":"https:\/\/api.w.org\/{rel}","templated":true}]}}