{"id":452185,"date":"2025-10-10T09:33:10","date_gmt":"2025-10-10T09:33:10","guid":{"rendered":"https:\/\/www.europesays.com\/fr\/452185\/"},"modified":"2025-10-10T09:33:10","modified_gmt":"2025-10-10T09:33:10","slug":"lopposante-venezuelienne-maria-corina-machado-recompensee-liberation","status":"publish","type":"post","link":"https:\/\/www.europesays.com\/fr\/452185\/","title":{"rendered":"l\u2019opposante v\u00e9n\u00e9zu\u00e9lienne Mar\u00eda Corina Machado r\u00e9compens\u00e9e \u2013 Lib\u00e9ration"},"content":{"rendered":"<p class=\"sc-cPiKLX AiZTS text-element\">Le comit\u00e9 a tranch\u00e9. <a href=\"https:\/\/www.liberation.fr\/international\/amerique\/venezuela-maria-corina-machado-une-liberale-pour-tenter-de-mettre-fin-au-chavisme-20231023_74IKAUKYXVFEBKVXJAH777IX7E\/\" target=\"_blank\" rel=\"noreferrer noopener\" title=\"https:\/\/www.liberation.fr\/international\/amerique\/venezuela-maria-corina-machado-une-liberale-pour-tenter-de-mettre-fin-au-chavisme-20231023_74IKAUKYXVFEBKVXJAH777IX7E\/\">Mar\u00eda Corina Machado<\/a> a \u00e9t\u00e9 r\u00e9compens\u00e9e ce vendredi 10 octobre du prix Nobel de la paix pour ses efforts \u00aben faveur d\u2019une transition juste et pacifique de la dictature \u00e0 la d\u00e9mocratie\u00bb. Quelque 338 concurrents \u00e9taient en lice, dont 224 personnalit\u00e9s et 94 organisations. \u00abMaria Corina Machado est l\u2019un des exemples les plus extraordinaires de courage civique en Am\u00e9rique latine ces derniers temps\u00bb, a d\u00e9clar\u00e9 le pr\u00e9sident du comit\u00e9 Nobel norv\u00e9gien, J\u00f8rgen Watne Frydnes, \u00e0 Oslo. <\/p>\n<p class=\"sc-cPiKLX AiZTS text-element\">Le 30 septembre 2024, cette femme politique v\u00e9n\u00e9zu\u00e9lienne <a href=\"https:\/\/www.liberation.fr\/international\/amerique\/le-prix-vaclav-havel-decerne-a-la-cheffe-de-lopposition-venezuelienne-maria-corina-machado-20240930_OF47A4HIG5HDLGN5Q5HIPTAVNA\/\" target=\"_blank\" rel=\"noreferrer noopener\" title=\"https:\/\/www.liberation.fr\/international\/amerique\/le-prix-vaclav-havel-decerne-a-la-cheffe-de-lopposition-venezuelienne-maria-corina-machado-20240930_OF47A4HIG5HDLGN5Q5HIPTAVNA\/\">avait re\u00e7u le prix Vaclav-Havel du Conseil de l\u2019Europe<\/a>, r\u00e9compensant des d\u00e9fenseurs des droits de l\u2019homme. Mar\u00eda Corina Machado, 58 ans, vit dans la clandestinit\u00e9 au Venezuela depuis la r\u00e9\u00e9lection contest\u00e9e du pr\u00e9sident Nicol\u00e1s Maduro en juillet. <\/p>\n<p class=\"sc-cPiKLX AiZTS text-element\">L\u2019ann\u00e9e derni\u00e8re, le Nobel de la paix avait \u00e9t\u00e9 remis \u00e0 <a href=\"https:\/\/www.liberation.fr\/environnement\/nucleaire\/le-nobel-de-la-paix-a-nouveau-degaine-contre-larme-nucleaire-20241011_ZPJNHFE3MNAPBDQWXOW34SD3MA\/\" target=\"_blank\" rel=\"noreferrer noopener\" title=\"https:\/\/www.liberation.fr\/environnement\/nucleaire\/le-nobel-de-la-paix-a-nouveau-degaine-contre-larme-nucleaire-20241011_ZPJNHFE3MNAPBDQWXOW34SD3MA\/\">l\u2019organisation japonaise Nihon Hidankyo<\/a>. Fond\u00e9e en 1956, cette organisation milite pour les droits des victimes des bombes nucl\u00e9aires. En 2023, c\u2019est <a href=\"https:\/\/www.liberation.fr\/sciences\/dans-un-monde-sous-tension-quel-prix-nobel-de-la-paix-en-2023-20231006_MQINAOMGBZBOJIMGEJIZJGLPZ4\/\" target=\"_blank\" rel=\"noreferrer noopener\" title=\"https:\/\/www.liberation.fr\/sciences\/dans-un-monde-sous-tension-quel-prix-nobel-de-la-paix-en-2023-20231006_MQINAOMGBZBOJIMGEJIZJGLPZ4\/\">la militante iranienne des droits humains Narges Mohammadi<\/a> qui avait \u00e9t\u00e9 r\u00e9compens\u00e9e. <\/p>\n<p class=\"sc-cPiKLX AiZTS text-element\">Compos\u00e9 de cinq membres, le comit\u00e9 Nobel prend g\u00e9n\u00e9ralement sa d\u00e9cision plusieurs jours, voire plusieurs semaines, avant l\u2019annonce officielle, et se r\u00e9unit une derni\u00e8re fois dans la derni\u00e8re ligne droite avant ladite annonce pour peaufiner ses attendus. La derni\u00e8re r\u00e9union du comit\u00e9 s\u2019est tenue lundi 6 octobre. Ainsi, l\u2019accord entre Isra\u00ebl et le Hamas trouv\u00e9 dans la nuit de mercredi \u00e0 jeudi n\u2019a eu \u00ababsolument aucune cons\u00e9quence\u00bb sur le choix du laur\u00e9at 2025 car \u00able comit\u00e9 Nobel a d\u00e9j\u00e0 pris sa d\u00e9cision\u00bb, a pr\u00e9cis\u00e9 jeudi 9 octobre l\u2019historien Asle Sveen, sp\u00e9cialiste du Nobel. <\/p>\n<p class=\"sc-cPiKLX AiZTS text-element\">Car depuis son retour \u00e0 la Maison Blanche, <a href=\"https:\/\/www.liberation.fr\/international\/lombre-de-donald-trump-plane-sur-lannonce-du-prix-nobel-de-la-paix-20251010_XOMMH43BHRBTNCWWSLQ6QES4KY\/\" target=\"_blank\" rel=\"noreferrer noopener\" title=\"https:\/\/www.liberation.fr\/international\/lombre-de-donald-trump-plane-sur-lannonce-du-prix-nobel-de-la-paix-20251010_XOMMH43BHRBTNCWWSLQ6QES4KY\/\">Donald Trump lorgnait sur le prix<\/a>, revendiquant un r\u00f4le dans la r\u00e9solution de multiples conflits dans le monde. Il avertissait qu\u2019il prendrait comme \u00abune insulte\u00bb le fait que la d\u00e9coration lui \u00e9chappe. \u00abTout le monde dit que je devrais l\u2019avoir\u00bb, avait-il m\u00eame lanc\u00e9 fin-septembre <a href=\"https:\/\/www.liberation.fr\/idees-et-debats\/editorial\/a-lassemblee-generale-de-lonu-donald-trump-emmerde-le-monde-20250923_E6MAC4LZARHQFHG4EFOIJFI6R4\/\" target=\"_blank\" rel=\"noreferrer noopener\" title=\"https:\/\/www.liberation.fr\/idees-et-debats\/editorial\/a-lassemblee-generale-de-lonu-donald-trump-emmerde-le-monde-20250923_E6MAC4LZARHQFHG4EFOIJFI6R4\/\">depuis la tribune de l\u2019Assembl\u00e9e g\u00e9n\u00e9rale de l\u2019ONU<\/a>. A pr\u00e8s l\u2019accord pour le cessez-le-feu \u00e0 Gaza, le service de communication de la Maison Blanche s\u2019est empress\u00e9 de concocter un <a href=\"https:\/\/x.com\/WhiteHouse\/status\/1976081153699508480?ref_src=twsrc%5Etfw%7Ctwcamp%5Etweetembed%7Ctwterm%5E1976081153699508480%7Ctwgr%5Ebc835b2d97f817038a9df3b9b63e7df78d74471e%7Ctwcon%5Es1_&amp;ref_url=https%3A%2F%2Fwww.liberation.fr%2Finternational%2Fmoyen-orient%2Fen-direct-paix-a-gaza-donald-trump-annonce-le-retour-de-tous-les-otages-lundi-20251009_VGEUHGHAPVCWDBYYCCO5CPCDXE%2F\" target=\"_blank\" rel=\"\" title=\"https:\/\/x.com\/WhiteHouse\/status\/1976081153699508480?ref_src=twsrc%5Etfw%7Ctwcamp%5Etweetembed%7Ctwterm%5E1976081153699508480%7Ctwgr%5Ebc835b2d97f817038a9df3b9b63e7df78d74471e%7Ctwcon%5Es1_&amp;ref_url=https%3A%2F%2Fwww.liberation.fr%2Finternational%2Fmoyen-orient%2Fen-direct-paix-a-gaza-donald-trump-annonce-le-retour-de-tous-les-otages-lundi-20251009_VGEUHGHAPVCWDBYYCCO5CPCDXE%2F\">visuel partag\u00e9 sur les r\u00e9seaux sociaux<\/a>, rebaptisant Donald Trump \u00abThe Peace President\u00bb (Le pr\u00e9sident de la Paix). <\/p>\n<p class=\"sc-cPiKLX AiZTS text-element\">Son proche alli\u00e9, le Premier ministre isra\u00e9lien Benyamin N\u00e9tanyahou, a propos\u00e9 son nom pour la distinction, tout comme les gouvernements du Pakistan et du Cambodge avant lui. Le pr\u00e9sident \u00e9gyptien al-Sissi, a estim\u00e9 jeudi que son homologue am\u00e9ricain \u00abm\u00e9ritait\u00bb le prix. <\/p>\n<p class=\"sc-cPiKLX AiZTS text-element\">Mi-septembre, face aux pressions \u00e9mises outre Atlantique, le comit\u00e9 du Nobel de la paix, bas\u00e9 en Norv\u00e8ge, s\u2019\u00e9tait fendu d\u2019une d\u00e9claration pour rejeter toute influence. \u00abNous voyons bien qu\u2019il y a beaucoup d\u2019attention m\u00e9diatique autour de certains candidats. Mais cela n\u2019influe en rien sur les discussions en cours au sein du comit\u00e9 qui examine chaque candidature en fonction de ses propres m\u00e9rites\u00bb, avait d\u00e9clar\u00e9 son porte-parole Kristian Berg Harpviken. <\/p>\n<p class=\"sc-cPiKLX AiZTS text-element\">Mar\u00eda Corina Machado remporte ainsi le pr\u00e9cieux prix tant convoit\u00e9, mais \u00e9galement un ch\u00e8que non n\u00e9gligeable : la coquette somme de 11 millions de couronnes su\u00e9doises, soit pr\u00e8s de 950 000 euros, en plus d\u2019une m\u00e9daille d\u2019or de 18 carats. <\/p>\n<p class=\"sc-cPiKLX AiZTS text-element\">Apr\u00e8s un peu plus de 250 jours d\u2019un second mandat marqu\u00e9 par <a href=\"https:\/\/www.liberation.fr\/international\/amerique\/donald-trump-declare-la-paix-au-monde-entier-mais-ne-sait-lui-faire-que-la-guerre-20250708_6XVWFCFS3VGRFIZ2X2GN7KBBSU\/\" target=\"_blank\" rel=\"noreferrer noopener\" title=\"https:\/\/www.liberation.fr\/international\/amerique\/donald-trump-declare-la-paix-au-monde-entier-mais-ne-sait-lui-faire-que-la-guerre-20250708_6XVWFCFS3VGRFIZ2X2GN7KBBSU\/\">son bellicisme face au monde entier<\/a>, Donald Trump, lui, ne devient donc pas le cinqui\u00e8me pr\u00e9sident am\u00e9ricain \u00e0 recevoir le Nobel de la Paix, apr\u00e8s Barack Obama (2009), Jimmy Carter (2002), Woodrow Wilson (1919) et Theodore Roosevelt (1906). A chaque fois, ses pr\u00e9d\u00e9cesseurs avaient \u00e9t\u00e9 d\u00e9cor\u00e9s pour leurs efforts en faveur de la diplomatie et de la coop\u00e9ration internationale. <\/p>\n","protected":false},"excerpt":{"rendered":"Le comit\u00e9 a tranch\u00e9. Mar\u00eda Corina Machado a \u00e9t\u00e9 r\u00e9compens\u00e9e ce vendredi 10 octobre du prix Nobel de&hellip;\n","protected":false},"author":2,"featured_media":452186,"comment_status":"","ping_status":"","sticky":false,"template":"","format":"standard","meta":{"footnotes":""},"categories":[2],"tags":[11,1011,27,12,673,33226,25],"class_list":{"0":"post-452185","1":"post","2":"type-post","3":"status-publish","4":"format-standard","5":"has-post-thumbnail","7":"category-actualites","8":"tag-actualites","9":"tag-fr","10":"tag-france","11":"tag-news","12":"tag-norvege","13":"tag-prix-nobel","14":"tag-republique-francaise"},"share_on_mastodon":{"url":"https:\/\/pubeurope.com\/@fr\/115349186432624200","error":""},"_links":{"self":[{"href":"https:\/\/www.europesays.com\/fr\/wp-json\/wp\/v2\/posts\/452185","targetHints":{"allow":["GET"]}}],"collection":[{"href":"https:\/\/www.europesays.com\/fr\/wp-json\/wp\/v2\/posts"}],"about":[{"href":"https:\/\/www.europesays.com\/fr\/wp-json\/wp\/v2\/types\/post"}],"author":[{"embeddable":true,"href":"https:\/\/www.europesays.com\/fr\/wp-json\/wp\/v2\/users\/2"}],"replies":[{"embeddable":true,"href":"https:\/\/www.europesays.com\/fr\/wp-json\/wp\/v2\/comments?post=452185"}],"version-history":[{"count":0,"href":"https:\/\/www.europesays.com\/fr\/wp-json\/wp\/v2\/posts\/452185\/revisions"}],"wp:featuredmedia":[{"embeddable":true,"href":"https:\/\/www.europesays.com\/fr\/wp-json\/wp\/v2\/media\/452186"}],"wp:attachment":[{"href":"https:\/\/www.europesays.com\/fr\/wp-json\/wp\/v2\/media?parent=452185"}],"wp:term":[{"taxonomy":"category","embeddable":true,"href":"https:\/\/www.europesays.com\/fr\/wp-json\/wp\/v2\/categories?post=452185"},{"taxonomy":"post_tag","embeddable":true,"href":"https:\/\/www.europesays.com\/fr\/wp-json\/wp\/v2\/tags?post=452185"}],"curies":[{"name":"wp","href":"https:\/\/api.w.org\/{rel}","templated":true}]}}