{"id":452187,"date":"2025-10-10T09:34:11","date_gmt":"2025-10-10T09:34:11","guid":{"rendered":"https:\/\/www.europesays.com\/fr\/452187\/"},"modified":"2025-10-10T09:34:11","modified_gmt":"2025-10-10T09:34:11","slug":"enlevee-par-son-pere-maelle-4-ans-a-ete-localisee-lalerte-enlevement-suspendue","status":"publish","type":"post","link":"https:\/\/www.europesays.com\/fr\/452187\/","title":{"rendered":"enlev\u00e9e par son p\u00e8re, Ma\u00eblle, 4 ans, a \u00e9t\u00e9 localis\u00e9e, l\u2019alerte enl\u00e8vement suspendue"},"content":{"rendered":"<p>            <a href=\"https:\/\/www.lefigaro.fr\/marseille\/marseille-une-atsem-violemment-agressee-devant-son-ecole-20251007\" class=\"fig-ranking-profile-link\" data-fig-domain=\"LEFIGARO\" rel=\"nofollow noopener\" target=\"_blank\"><\/p>\n<p>        Marseille\u00a0: une Atsem violemment agress\u00e9e devant son \u00e9cole<\/p>\n<p>                                                <\/a><\/p>\n<p>        <img   class=\"fig-img fig-ranking-profile-media-small-picture__photo\" alt=\"Marseille\u00a0: une Atsem violemment agress\u00e9e devant son \u00e9cole\" height=\"1999\" width=\"3000\"\/><\/p>\n<p class=\"fig-ranking-profile-standfirst\">\n    La femme a \u00e9t\u00e9 soudainement prise \u00e0 partie alors qu\u2019elle s\u2019appr\u00eatait \u00e0 prendre son service dans l\u2019\u00e9tablissement des quartiers nord. L\u2019agresseur, en fuite, a tent\u00e9 de la violer.\n<\/p>\n<p>            <a href=\"https:\/\/www.lefigaro.fr\/marseille\/un-coup-enorme-a-faire-avant-les-municipales-a-marseille-ce-diner-qui-a-scelle-l-alliance-entre-stephane-ravier-et-le-rn-franck-allisio-20251007\" class=\"fig-ranking-profile-link\" aria-label=\"\u00abUn coup \u00e9norme \u00e0 faire\u00bb\u00a0: avant les municipales \u00e0 Marseille, ce d\u00eener qui a scell\u00e9 l\u2019alliance entre St\u00e9phane Ravier et le RN Franck Allisio (article Premium)\" title=\"\u00abUn coup \u00e9norme \u00e0 faire\u00bb\u00a0: avant les municipales \u00e0 Marseille, ce d\u00eener qui a scell\u00e9 l\u2019alliance entre St\u00e9phane Ravier et le RN Franck Allisio (article Premium)\" data-fig-domain=\"LEFIGARO\" rel=\"nofollow noopener\" target=\"_blank\"><\/p>\n<p>        \u00abUn coup \u00e9norme \u00e0 faire\u00bb\u00a0: avant les municipales \u00e0 Marseille, ce d\u00eener qui a scell\u00e9 l\u2019alliance entre St\u00e9phane Ravier et le RN Franck Allisio<\/p>\n<p>                                                <\/a><\/p>\n<p>        <img   class=\"fig-img fig-ranking-profile-media-small-picture__photo\" alt=\"\u00abUn coup \u00e9norme \u00e0 faire\u00bb\u00a0: avant les municipales \u00e0 Marseille, ce d\u00eener qui a scell\u00e9 l\u2019alliance entre St\u00e9phane Ravier et le RN Franck Allisio\" height=\"2000\" width=\"3000\"\/><\/p>\n<p class=\"fig-ranking-profile-standfirst\">\n    <strong>R\u00c9CIT<\/strong> &#8211; Le s\u00e9nateur des Bouches-du-Rh\u00f4ne, jusque-l\u00e0 honni du d\u00e9put\u00e9 lep\u00e9niste, a annonc\u00e9 son ralliement \u00e0 sa candidature en vue du scrutin de 2026. Son entourage r\u00e9fute tout accord li\u00e9 aux \u00e9lections s\u00e9natoriales et affirme avoir agi dans l\u2019int\u00e9r\u00eat des Marseillais.\n<\/p>\n<p>            <a href=\"https:\/\/www.lefigaro.fr\/marseille\/a-arles-un-tresor-monetaire-de-l-antiquite-decouvert-au-fond-du-rhone-20251007\" class=\"fig-ranking-profile-link\" data-fig-domain=\"LEFIGARO\" rel=\"nofollow noopener\" target=\"_blank\"><\/p>\n<p>        \u00c0 Arles, \u00abun tr\u00e9sor mon\u00e9taire\u00bb de l\u2019Antiquit\u00e9 d\u00e9couvert au fond du Rh\u00f4ne<\/p>\n<p>                                                <\/a><\/p>\n<p>        <img   class=\"fig-img fig-ranking-profile-media-small-picture__photo\" alt=\"\u00c0 Arles, \u00abun tr\u00e9sor mon\u00e9taire\u00bb de l\u2019Antiquit\u00e9 d\u00e9couvert au fond du Rh\u00f4ne\" height=\"2001\" width=\"3000\"\/><\/p>\n<p class=\"fig-ranking-profile-standfirst\">\n    <strong>EN IMAGES &#8211;<\/strong> Des pi\u00e8ces datant de l\u2019antiquit\u00e9 ont \u00e9t\u00e9 r\u00e9cemment d\u00e9couvertes, en grand nombre, lors de fouilles arch\u00e9ologiques au fond du Rh\u00f4ne, orchestr\u00e9es par le mus\u00e9e d\u00e9partemental Arles antique, le CNRS, l\u2019universit\u00e9 d\u2019Aix-Marseille et l\u2019Inrap.<\/p>\n","protected":false},"excerpt":{"rendered":"Marseille\u00a0: une Atsem violemment agress\u00e9e devant son \u00e9cole La femme a \u00e9t\u00e9 soudainement prise \u00e0 partie alors qu\u2019elle&hellip;\n","protected":false},"author":2,"featured_media":452188,"comment_status":"","ping_status":"","sticky":false,"template":"","format":"standard","meta":{"footnotes":""},"categories":[2],"tags":[11,54683,847,1011,27,12,25],"class_list":{"0":"post-452187","1":"post","2":"type-post","3":"status-publish","4":"format-standard","5":"has-post-thumbnail","7":"category-actualites","8":"tag-actualites","9":"tag-alerte-enlevement","10":"tag-enfant","11":"tag-fr","12":"tag-france","13":"tag-news","14":"tag-republique-francaise"},"share_on_mastodon":{"url":"https:\/\/pubeurope.com\/@fr\/115349190432742477","error":""},"_links":{"self":[{"href":"https:\/\/www.europesays.com\/fr\/wp-json\/wp\/v2\/posts\/452187","targetHints":{"allow":["GET"]}}],"collection":[{"href":"https:\/\/www.europesays.com\/fr\/wp-json\/wp\/v2\/posts"}],"about":[{"href":"https:\/\/www.europesays.com\/fr\/wp-json\/wp\/v2\/types\/post"}],"author":[{"embeddable":true,"href":"https:\/\/www.europesays.com\/fr\/wp-json\/wp\/v2\/users\/2"}],"replies":[{"embeddable":true,"href":"https:\/\/www.europesays.com\/fr\/wp-json\/wp\/v2\/comments?post=452187"}],"version-history":[{"count":0,"href":"https:\/\/www.europesays.com\/fr\/wp-json\/wp\/v2\/posts\/452187\/revisions"}],"wp:featuredmedia":[{"embeddable":true,"href":"https:\/\/www.europesays.com\/fr\/wp-json\/wp\/v2\/media\/452188"}],"wp:attachment":[{"href":"https:\/\/www.europesays.com\/fr\/wp-json\/wp\/v2\/media?parent=452187"}],"wp:term":[{"taxonomy":"category","embeddable":true,"href":"https:\/\/www.europesays.com\/fr\/wp-json\/wp\/v2\/categories?post=452187"},{"taxonomy":"post_tag","embeddable":true,"href":"https:\/\/www.europesays.com\/fr\/wp-json\/wp\/v2\/tags?post=452187"}],"curies":[{"name":"wp","href":"https:\/\/api.w.org\/{rel}","templated":true}]}}