{"id":452189,"date":"2025-10-10T09:35:11","date_gmt":"2025-10-10T09:35:11","guid":{"rendered":"https:\/\/www.europesays.com\/fr\/452189\/"},"modified":"2025-10-10T09:35:11","modified_gmt":"2025-10-10T09:35:11","slug":"youssouf-les-cours-collectifs-et-moi","status":"publish","type":"post","link":"https:\/\/www.europesays.com\/fr\/452189\/","title":{"rendered":"Youssouf, les cours collectifs et moi"},"content":{"rendered":"<p class=\"PopSlotParagraph qg-tx2 qg-xtra-lh svelte-1r0pyek\">Coucou, coucou Leila, coucou Nagui, coucou Riad, coucou les intermittents du spectacle.<br \/>Et bien entendu, coucou \u00e0 nos chers auditeurs et auditrices sans qui nous sommes des merdes (geste de suceur).<\/p>\n<p class=\"PopSlotParagraph qg-tx2 qg-xtra-lh svelte-1r0pyek\">Figurez-vous que la semaine derni\u00e8re, j\u2019ai fait ma rentr\u00e9e. Oh mais je vous vois venir, rentr\u00e9e\u00a0? Mais tu n\u2019es plus \u00e0 l\u2019\u00e9cole\u00a0! Mais nonnnnn, c\u2019\u00e9tait ma rentr\u00e9e de squash.<\/p>\n<p class=\"PopSlotParagraph qg-tx2 qg-xtra-lh svelte-1r0pyek\">Et c\u2019\u00e9tait super sympa, j\u2019avais un peu peur parce que c\u2019est la premi\u00e8re fois que dans ma vie d\u2019adulte je m\u2019inscris \u00e0 un cours collectif et je suis pas forc\u00e9ment tr\u00e8s \u00e0 l\u2019aise avec le syst\u00e8me o\u00f9 on est plusieurs \u00e9l\u00e8ves \u00e0 \u00e9couter un professeur. Et avec l\u2019humanit\u00e9 en g\u00e9n\u00e9ral.<\/p>\n<p class=\"PopSlotParagraph qg-tx2 qg-xtra-lh svelte-1r0pyek\">Je me sens tr\u00e8s vite jug\u00e9, faut savoir que moi j\u2019ai \u00e9t\u00e9 en \u00e9chec scolaire quand j\u2019\u00e9tais jeune, je n\u2019ai pas eu le bac, c\u2019\u00e9tait douloureux pour moi car mon p\u00e8re voulait vraiment que je r\u00e9ussisse \u00e0 l\u2019\u00e9cole, mon p\u00e8re, il r\u00eavait m\u00eame que je fasse polytechnique.<\/p>\n<p class=\"PopSlotParagraph qg-tx2 qg-xtra-lh svelte-1r0pyek\">Et je vous le dis, tu veux faire polytechnique, tu n\u2019as pas le bac, c\u2019est tr\u00e8s handicapant.<\/p>\n<p class=\"PopSlotParagraph qg-tx2 qg-xtra-lh svelte-1r0pyek\">D\u00e8s que le cours de squash a d\u00e9marr\u00e9, j\u2019\u00e9tais tr\u00e8s stress\u00e9 mais le professeur m\u2019a mis \u00e0 l\u2019aise.<\/p>\n<p class=\"PopSlotParagraph qg-tx2 qg-xtra-lh svelte-1r0pyek\">C\u2019est Youssouf le professeur, je l\u2019adore, il a trop la classe, il ressemble \u00e0 Denzel Washington mais Youssouf il est de Romainville donc au final vachement moins am\u00e9ricain que Denzel. On s\u2019aime beaucoup mais je reste m\u00e9fiant.<\/p>\n<p class=\"PopSlotParagraph qg-tx2 qg-xtra-lh svelte-1r0pyek\">Je lui ai donc demand\u00e9 ses origines. \u00c7a n\u2019a pas manqu\u00e9, c\u2019\u00e9tait Centrafrique (racisme bienveillant). Et il m\u2019a r\u00e9pondu Centrafrique et donc l\u00e0 je lui ai dit non mais d\u2019accord mais quel pays, il m\u2019a dit c\u2019est centre Afrique, j\u2019ai dit non mais l\u00e0 c\u2019est un continent. Quel est le pays\u00a0? Et il m\u2019a dit Centrafrique et moi je ne savais pas et je me suis senti tr\u00e8s con parce que je savais pas que la Centrafrique c\u2019\u00e9tait un pays.<\/p>\n<p class=\"PopSlotParagraph qg-tx2 qg-xtra-lh svelte-1r0pyek\">Alors je sais que les auditeurs et auditrices l\u00e0, vous me jugez tr\u00e8s fort, vous et aussi Leila et Nagui.<\/p>\n<p class=\"PopSlotParagraph qg-tx2 qg-xtra-lh svelte-1r0pyek\">Apr\u00e8s Leila c\u2019est normal, hein, c\u2019est une grande journaliste. Mais Nagui, je pensais qu\u2019on se ressemblait plus en niveau de culture g\u00e9.<\/p>\n<p class=\"PopSlotParagraph qg-tx2 qg-xtra-lh svelte-1r0pyek\">Moi j\u2019ai honte parce que l\u00e0 je sais qu\u2019en plus les auditeurs auditrices vont dire\u00a0: \u00ab\u00a0C\u2019est quoi ce clich\u00e9 de fran\u00e7ais\u00a0? D\u00e9j\u00e0 qu\u2019il ne conna\u00eet rien \u00e0 l\u2019histoire et c\u2019est quoi ce clich\u00e9 de fran\u00e7ais colonisateur en plus\u00a0? \u00bb Puisque j\u2019imagine, m\u00eame si je ne me suis pas beaucoup pench\u00e9 sur le truc, la France a forc\u00e9ment colonis\u00e9 la Centrafrique. Mais moi je peux pas \u00eatre colonisateur parce que je viens de Corse (avec l\u2019accent) : \u00ab\u00a0La Corse qui a trop longtemps a v\u00e9cu sous le joug de l\u2019\u00e9tat colonisateur, la France qui depuis deux saisons sur le plan politique s\u2019est pris pour un club de foot qui vient de limoger son huiti\u00e8me entra\u00eeneur, en tant que descendant de Pascal Paoli, u babbu di a patria, dio vi salvi r\u00e9gina\u00a0\u00bb (il se signe).<\/p>\n<p class=\"PopSlotParagraph qg-tx2 qg-xtra-lh svelte-1r0pyek\">Allez je reviens \u00e0 mon cours de squash, c\u2019est quand m\u00eame le fil conducteur de ma chronique et j\u2019en ai marre qu\u2019on me taxe de TDAH.<\/p>\n<p class=\"PopSlotParagraph qg-tx2 qg-xtra-lh svelte-1r0pyek\">Alors on a commenc\u00e9 le cours, c\u2019\u00e9tait tr\u00e8s int\u00e9ressant parce que Youssouf il a dit\u00a0: \u00ab\u00a0Vous allez passer dans l\u2019ordre l\u2019un apr\u00e8s l\u2019autre. \u00bb Youssouf nous a alors expliqu\u00e9\u00a0: \u00ab\u00a0Un terrain de squash, c\u2019est comme une montre, mettez votre raquette \u00e0 18h, frappez \u00e0 15h tout en positionnant votre regard \u00e0 9h. \u00bb Posez-moi la question\u00a0: \u00ab\u00a0Est-ce que la consigne \u00e9tait claire\u00a0? \u00bb ou plut\u00f4t parce que je crois que la consigne est plut\u00f4t claire\u00a0: \u00ab\u00a0Julien as-tu compris la consigne\u00a0? \u00bb Vous ne me posez pas la question mais je vous donne la r\u00e9ponse\u00a0: c\u2019est non.<\/p>\n<p class=\"PopSlotParagraph qg-tx2 qg-xtra-lh svelte-1r0pyek\">Heureusement, je suis pas pass\u00e9 en premier. Le premier \u00e0 passer il s\u2019appelait Hyppolite, apr\u00e8s c\u2019est pas grave, il est pas responsable, d\u00e9j\u00e0 physiquement je l\u2019aimais pas beaucoup, il avait ce physique de droite, le clich\u00e9 du gars qui bosse dans la finance et qui va dire\u00a0: \u00ab\u00a0Oui d\u2019accord mais qui c\u2019est qui cr\u00e9e la richesse\u00a0? C\u2019est les entreprises, c\u2019est les patrons. \u00bb Alors non Hyppolite, d\u00e9j\u00e0 on dit \u00ab\u00a0ce sont\u00a0\u00bb et ensuite ce sont beaucoup les employ\u00e9s. Et l\u00e0 c\u2019est le moment de la chronique o\u00f9 la direction de France Inter va se dire\u00a0: \u00ab\u00a0Hey Santini au final bonne pioche, il n\u2019est pas que beau. \u00bb<\/p>\n<p class=\"PopSlotParagraph qg-tx2 qg-xtra-lh svelte-1r0pyek\">Bref Hyppolite avait beau avoir fait HEC, c\u2019\u00e9tait une merde en coup droit.<\/p>\n<p class=\"PopSlotParagraph qg-tx2 qg-xtra-lh svelte-1r0pyek\">Et apr\u00e8s lui c\u2019\u00e9tait mon tour, et moi je savais que j\u2019avais compris comment lire l\u2019heure avec ma raquette mais j\u2019\u00e9tais quand m\u00eame stress\u00e9.<\/p>\n<p class=\"PopSlotParagraph qg-tx2 qg-xtra-lh svelte-1r0pyek\">J\u2019\u00e9tais comme le bon \u00e9l\u00e8ve \u00e0 l\u2019\u00e9cole qui disait\u00a0: \u00ab\u00a0Oh mais je vais me planter\u00a0\u00bb, et il avait toujours 18, du coup \u00e7a me donnait envie de le planter lui.<\/p>\n<p class=\"PopSlotParagraph qg-tx2 qg-xtra-lh svelte-1r0pyek\">Je fais donc l\u2019exercice demand\u00e9 par Youssouf, j\u2019\u00e9tais tellement en confiance juste avant j\u2019ai dit\u00a0: \u00ab\u00a0Wait an see\u00a0\u00bb, et bam je le r\u00e9ussis, je vais \u00eatre honn\u00eate, les quinze cours particuliers que j\u2019avais pris cet \u00e9t\u00e9 ont peut-\u00eatre port\u00e9 leurs fruits et l\u00e9gumes.<\/p>\n<p class=\"PopSlotParagraph qg-tx2 qg-xtra-lh svelte-1r0pyek\">Et je peux vous dire que c\u2019est dur de passer apr\u00e8s moi, dur de passer apr\u00e8s quelqu\u2019un qui enflamme le dance floor et c\u2019est pas Emma qui va me contredire.<\/p>\n<p class=\"PopSlotParagraph qg-tx2 qg-xtra-lh svelte-1r0pyek\">Apr\u00e8s moi ce fut au tour de L\u00e9andre, je suis d\u00e9sol\u00e9 je vous sors des blazes, je sais ce que vous vous dites, est-on vraiment dans le 93 ? Racisme bienveillant putain je l\u2019ai dit tout \u00e0 l\u2019heure. Vous aussi vous ne comprenez pas les consignes.<\/p>\n<p class=\"PopSlotParagraph qg-tx2 qg-xtra-lh svelte-1r0pyek\"><strong>La suite \u00e0 \u00e9couter et \u00e0 d\u00e9couvrir en vid\u00e9o\u2026<\/strong><\/p>\n","protected":false},"excerpt":{"rendered":"Coucou, coucou Leila, coucou Nagui, coucou Riad, coucou les intermittents du spectacle.Et bien entendu, coucou \u00e0 nos chers&hellip;\n","protected":false},"author":2,"featured_media":367925,"comment_status":"","ping_status":"","sticky":false,"template":"","format":"standard","meta":{"footnotes":""},"categories":[4],"tags":[11,1011,27,12,25],"class_list":{"0":"post-452189","1":"post","2":"type-post","3":"status-publish","4":"format-standard","5":"has-post-thumbnail","7":"category-france","8":"tag-actualites","9":"tag-fr","10":"tag-france","11":"tag-news","12":"tag-republique-francaise"},"share_on_mastodon":{"url":"https:\/\/pubeurope.com\/@fr\/115349194181271090","error":""},"_links":{"self":[{"href":"https:\/\/www.europesays.com\/fr\/wp-json\/wp\/v2\/posts\/452189","targetHints":{"allow":["GET"]}}],"collection":[{"href":"https:\/\/www.europesays.com\/fr\/wp-json\/wp\/v2\/posts"}],"about":[{"href":"https:\/\/www.europesays.com\/fr\/wp-json\/wp\/v2\/types\/post"}],"author":[{"embeddable":true,"href":"https:\/\/www.europesays.com\/fr\/wp-json\/wp\/v2\/users\/2"}],"replies":[{"embeddable":true,"href":"https:\/\/www.europesays.com\/fr\/wp-json\/wp\/v2\/comments?post=452189"}],"version-history":[{"count":0,"href":"https:\/\/www.europesays.com\/fr\/wp-json\/wp\/v2\/posts\/452189\/revisions"}],"wp:featuredmedia":[{"embeddable":true,"href":"https:\/\/www.europesays.com\/fr\/wp-json\/wp\/v2\/media\/367925"}],"wp:attachment":[{"href":"https:\/\/www.europesays.com\/fr\/wp-json\/wp\/v2\/media?parent=452189"}],"wp:term":[{"taxonomy":"category","embeddable":true,"href":"https:\/\/www.europesays.com\/fr\/wp-json\/wp\/v2\/categories?post=452189"},{"taxonomy":"post_tag","embeddable":true,"href":"https:\/\/www.europesays.com\/fr\/wp-json\/wp\/v2\/tags?post=452189"}],"curies":[{"name":"wp","href":"https:\/\/api.w.org\/{rel}","templated":true}]}}