{"id":452190,"date":"2025-10-10T09:38:11","date_gmt":"2025-10-10T09:38:11","guid":{"rendered":"https:\/\/www.europesays.com\/fr\/452190\/"},"modified":"2025-10-10T09:38:11","modified_gmt":"2025-10-10T09:38:11","slug":"top-14-xv-de-france-le-dupont-bashing-est-un-phenomene-tres-francais-avoue-gavin-mortimer-un-ecrivain-britannique","status":"publish","type":"post","link":"https:\/\/www.europesays.com\/fr\/452190\/","title":{"rendered":"Top 14 \/ XV de France \u2013 \u00ab\u00a0Le Dupont-bashing est un ph\u00e9nom\u00e8ne tr\u00e8s fran\u00e7ais\u00a0\u00bb avoue Gavin Mortimer, un \u00e9crivain britannique"},"content":{"rendered":"<p>\n                Alors qu\u2019Antoine Dupont est de plus en plus proche d\u2019un retour sur les terrains, Gavin Mortimer, un \u00e9crivain britannique, a pris la d\u00e9fense du capitaine des Bleus apr\u00e8s avoir vu quelques critiques le viser.\n            <\/p>\n<p>Il y a un peu plus d\u2019un mois, <strong><a href=\"https:\/\/www.rugbyrama.fr\/2025\/09\/05\/top-14-il-ne-faut-pas-tomber-dans-le-antoine-dupont-bashing-quil-y-a-en-ce-moment-previent-ugo-mola-toulouse-12912718.php\" target=\"_self\" rel=\"nofollow noopener\">Ugo Mola avait pris la d\u00e9fense d\u2019Antoine Dupont<\/a><\/strong> en conf\u00e9rence de presse. Interrog\u00e9 sur les activit\u00e9s de son joueur en plus du rugby alors qu\u2019il est en pleine r\u00e9education, le manager stadiste avait r\u00e9pondu de cette mani\u00e8re\u00a0: \u00ab\u00a0Les jours o\u00f9 il n\u2019est pas sur les r\u00e9seaux sociaux, il s\u2019entra\u00eene et on ne le filme pas. Il ne faut pas tomber dans le pi\u00e8ge du &lsquo;Dupont-bashing&rsquo; qu\u2019on voit en ce moment.\u00a0Nous avons un syst\u00e8me o\u00f9, lorsqu\u2019un joueur est bless\u00e9 plus de six \u00e0 huit semaines, une partie de sa r\u00e9athl\u00e9tisation se fait ailleurs\u2026 Il peut aller chercher de l\u2019expertise mais aussi un peu de fra\u00eecheur.\u00a0\u00bb L\u2019homme fort des Rouge et Noir avait termin\u00e9 avec ces mots\u00a0: \u00ab\u00a0Ne tombez pas dans le panneau de croire que chaque fois que vous le voyez en photo, il est absent d\u2019ici.\u00a0\u00bb<\/p>\n<p>\u00ab\u00a0En Grande-Bretagne, il est ador\u00e9\u00a0\u00bb<\/p>\n<p>De l\u2019autre c\u00f4t\u00e9 de la Manche, Dupont fait aussi r\u00e9agir. Le meilleur joueur du monde ne laisse personne indiff\u00e9rent, et on comprend facilement pourquoi. Lors de sa chronique sur Rugby Pass, l\u2019\u00e9crivain britannique\u00a0Gavin Mortimer est mont\u00e9 au front pour d\u00e9fendre le champion olympique. \u00ab\u00a0Le \u00ab\u00a0Dupont-bashing\u00a0\u00bb est un ph\u00e9nom\u00e8ne fran\u00e7ais. C\u2019est aussi la preuve que ce n\u2019est pas seulement dans le monde anglophone que des personnes maussades aiment couper les t\u00eates qui d\u00e9passent. En Grande-Bretagne, il est ador\u00e9.\u00a0\u00bb<\/p>\n<p>Cette semaine, Antoine Dupont a effectu\u00e9 sa \u00ab\u00a0reprise rugby\u00a0\u00bb du c\u00f4t\u00e9 d\u2019Ernest-Wallon. Le capitaine des Bleus a particip\u00e9 au d\u00e9but de la s\u00e9ance collective ce mardi avant d\u2019effectuer plusieurs exercices \u00e0 part.\u00a0Son retour \u00e0 la comp\u00e9tition est attendu pour fin novembre, ou d\u00e9but d\u00e9cembre.<\/p>\n","protected":false},"excerpt":{"rendered":"Alors qu\u2019Antoine Dupont est de plus en plus proche d\u2019un retour sur les terrains, Gavin Mortimer, un \u00e9crivain&hellip;\n","protected":false},"author":2,"featured_media":452191,"comment_status":"","ping_status":"","sticky":false,"template":"","format":"standard","meta":{"footnotes":""},"categories":[1416],"tags":[1011,27,479,1468,60],"class_list":{"0":"post-452190","1":"post","2":"type-post","3":"status-publish","4":"format-standard","5":"has-post-thumbnail","7":"category-rugby","8":"tag-fr","9":"tag-france","10":"tag-rugby","11":"tag-rugby-football","12":"tag-sports"},"share_on_mastodon":{"url":"https:\/\/pubeurope.com\/@fr\/115349206056208945","error":""},"_links":{"self":[{"href":"https:\/\/www.europesays.com\/fr\/wp-json\/wp\/v2\/posts\/452190","targetHints":{"allow":["GET"]}}],"collection":[{"href":"https:\/\/www.europesays.com\/fr\/wp-json\/wp\/v2\/posts"}],"about":[{"href":"https:\/\/www.europesays.com\/fr\/wp-json\/wp\/v2\/types\/post"}],"author":[{"embeddable":true,"href":"https:\/\/www.europesays.com\/fr\/wp-json\/wp\/v2\/users\/2"}],"replies":[{"embeddable":true,"href":"https:\/\/www.europesays.com\/fr\/wp-json\/wp\/v2\/comments?post=452190"}],"version-history":[{"count":0,"href":"https:\/\/www.europesays.com\/fr\/wp-json\/wp\/v2\/posts\/452190\/revisions"}],"wp:featuredmedia":[{"embeddable":true,"href":"https:\/\/www.europesays.com\/fr\/wp-json\/wp\/v2\/media\/452191"}],"wp:attachment":[{"href":"https:\/\/www.europesays.com\/fr\/wp-json\/wp\/v2\/media?parent=452190"}],"wp:term":[{"taxonomy":"category","embeddable":true,"href":"https:\/\/www.europesays.com\/fr\/wp-json\/wp\/v2\/categories?post=452190"},{"taxonomy":"post_tag","embeddable":true,"href":"https:\/\/www.europesays.com\/fr\/wp-json\/wp\/v2\/tags?post=452190"}],"curies":[{"name":"wp","href":"https:\/\/api.w.org\/{rel}","templated":true}]}}