{"id":452198,"date":"2025-10-10T09:43:11","date_gmt":"2025-10-10T09:43:11","guid":{"rendered":"https:\/\/www.europesays.com\/fr\/452198\/"},"modified":"2025-10-10T09:43:11","modified_gmt":"2025-10-10T09:43:11","slug":"kevin-vauquelin-rejoint-une-worldteam-etrangere-actualite","status":"publish","type":"post","link":"https:\/\/www.europesays.com\/fr\/452198\/","title":{"rendered":"K\u00e9vin Vauquelin rejoint une WorldTeam \u00e9trang\u00e8re &#8211; Actualit\u00e9"},"content":{"rendered":"<p style=\"text-align: justify;\">C&rsquo;est d\u00e9sormais officiel,<strong>\u00a0<\/strong><strong><a href=\"https:\/\/www.directvelo.com\/coureur\/27147\/kevin-vauquelin\" target=\"_blank\" rel=\"noopener\">K\u00e9vin Vauquelin<\/a><\/strong>\u00a0s&rsquo;est engag\u00e9 avec l&rsquo;\u00e9quipe INEOS Grenadiers. Son contrat porte sur les trois\u00a0prochaines saisons.\u00a0<\/p>\n<p>Le coureur d&rsquo;Ark\u00e9a-B&amp;B H\u00f4tels n&rsquo;a plus couru depuis le Tour de France <strong><a href=\"https:\/\/www.directvelo.com\/actualite\/123247\/kevin-vauquelin-a-ete-opere\" target=\"_blank\" rel=\"noopener\">\u00e0 cause d&rsquo;un accident domestique<\/a><\/strong>. Auparavant, il s&rsquo;\u00e9tait class\u00e9 2e du Tour de Suisse derri\u00e8re Joao Almeida, apr\u00e8s avoir port\u00e9 le maillot jaune de leader, puis 2e du Championnat de France du contre-la-montre, derri\u00e8re Bruno Armirail, et 3e de la course en ligne, battu par\u00a0<strong><a href=\"https:\/\/www.directvelo.com\/actualite\/123444\/dorian-godon-chez-ineos-j-ai-toujours-voulu-aller-a-l-etranger\" target=\"_blank\" rel=\"noopener\">son futur co\u00e9quipier Dorian Godon<\/a><\/strong> et Romain Gr\u00e9goire.<\/p>\n<p>Il s\u2019est ensuite class\u00e9 7e du Tour de France, apr\u00e8s avoir notamment termin\u00e9\u00a08e \u00e0 Boulogne-sur-Mer, 10e \u00e0 Rouen, 5e du chrono de Caen, 7e \u00e0 M\u00fbr-de-Bretagne, 6e \u00e0 Hautacam, 10 \u00e0 Luchon-Superbagn\u00e8res et 8e \u00e0 Paris. L&rsquo;ann\u00e9e pr\u00e9c\u00e9dente, il avait remport\u00e9 l&rsquo;\u00e9tape de Bologne sur sa premi\u00e8re Grande Boucle.<\/p>\n<p>Lors de la premi\u00e8re partie de saison, il avait remport\u00e9 deux \u00e9tapes et le g\u00e9n\u00e9ral de l&rsquo;Etoile de Bess\u00e8ges, une \u00e9tape et le g\u00e9n\u00e9ral du R\u00e9gion Pays de la Loire puis 2e de la Fl\u00e8che Wallonne, comme l&rsquo;an pass\u00e9, et du GP du Morbihan.<\/p>\n<p>L&rsquo;ancien coureur du VC Rouen 76 est pass\u00e9 pro en 2022, dans l&rsquo;\u00e9quipe d&rsquo;Emmanuel Hubert.<\/p>\n<p><strong>Retrouvez\u00a0<\/strong>tous les transferts de l&rsquo;intersaison 2025-2026<strong>\u00a0<strong><a href=\"https:\/\/www.directvelo.com\/mutations\/2026#teams-pro\" target=\"_blank\" rel=\"noopener\">en cliquant ici<\/a><\/strong>.<\/strong><\/p>\n","protected":false},"excerpt":{"rendered":"C&rsquo;est d\u00e9sormais officiel,\u00a0K\u00e9vin Vauquelin\u00a0s&rsquo;est engag\u00e9 avec l&rsquo;\u00e9quipe INEOS Grenadiers. Son contrat porte sur les trois\u00a0prochaines saisons.\u00a0 Le coureur&hellip;\n","protected":false},"author":2,"featured_media":452199,"comment_status":"","ping_status":"","sticky":false,"template":"","format":"standard","meta":{"footnotes":""},"categories":[1411],"tags":[834,828,836,829,837,827,83,826,824,823,1154,207,814,817,815,816,822,821,832,211,839,1011,27,820,818,819,835,831,830,833,838,60,212,208,825],"class_list":{"0":"post-452198","1":"post","2":"type-post","3":"status-publish","4":"format-standard","5":"has-post-thumbnail","7":"category-cyclisme","8":"tag-attaque","9":"tag-belgique","10":"tag-braquet","11":"tag-bretagne","12":"tag-chute","13":"tag-competition","14":"tag-coupe-de-france","15":"tag-coureur","16":"tag-course-cyclisme","17":"tag-course-cycliste","18":"tag-cycling","19":"tag-cyclisme","20":"tag-direct","21":"tag-direct-velo","22":"tag-directvelo","23":"tag-directvelo-com","24":"tag-epreuve","25":"tag-epreuve-cycliste","26":"tag-federation-francaise-de-cyclisme","27":"tag-ffc","28":"tag-flandres","29":"tag-fr","30":"tag-france","31":"tag-live","32":"tag-live-course","33":"tag-live-epreuve","34":"tag-peloton","35":"tag-radio-peloton","36":"tag-radio-tour","37":"tag-ravitaillement","38":"tag-relance","39":"tag-sports","40":"tag-uci","41":"tag-velo","42":"tag-velos"},"share_on_mastodon":{"url":"https:\/\/pubeurope.com\/@fr\/115349225762277855","error":""},"_links":{"self":[{"href":"https:\/\/www.europesays.com\/fr\/wp-json\/wp\/v2\/posts\/452198","targetHints":{"allow":["GET"]}}],"collection":[{"href":"https:\/\/www.europesays.com\/fr\/wp-json\/wp\/v2\/posts"}],"about":[{"href":"https:\/\/www.europesays.com\/fr\/wp-json\/wp\/v2\/types\/post"}],"author":[{"embeddable":true,"href":"https:\/\/www.europesays.com\/fr\/wp-json\/wp\/v2\/users\/2"}],"replies":[{"embeddable":true,"href":"https:\/\/www.europesays.com\/fr\/wp-json\/wp\/v2\/comments?post=452198"}],"version-history":[{"count":0,"href":"https:\/\/www.europesays.com\/fr\/wp-json\/wp\/v2\/posts\/452198\/revisions"}],"wp:featuredmedia":[{"embeddable":true,"href":"https:\/\/www.europesays.com\/fr\/wp-json\/wp\/v2\/media\/452199"}],"wp:attachment":[{"href":"https:\/\/www.europesays.com\/fr\/wp-json\/wp\/v2\/media?parent=452198"}],"wp:term":[{"taxonomy":"category","embeddable":true,"href":"https:\/\/www.europesays.com\/fr\/wp-json\/wp\/v2\/categories?post=452198"},{"taxonomy":"post_tag","embeddable":true,"href":"https:\/\/www.europesays.com\/fr\/wp-json\/wp\/v2\/tags?post=452198"}],"curies":[{"name":"wp","href":"https:\/\/api.w.org\/{rel}","templated":true}]}}