{"id":452200,"date":"2025-10-10T09:44:13","date_gmt":"2025-10-10T09:44:13","guid":{"rendered":"https:\/\/www.europesays.com\/fr\/452200\/"},"modified":"2025-10-10T09:44:13","modified_gmt":"2025-10-10T09:44:13","slug":"coup-denvoi-du-cinquieme-tour-ce-vendredi-avec-deux-gros-chocs-au-programme","status":"publish","type":"post","link":"https:\/\/www.europesays.com\/fr\/452200\/","title":{"rendered":"coup d\u2019envoi du cinqui\u00e8me tour ce vendredi, avec deux gros chocs au programme"},"content":{"rendered":"<p>Une comp\u00e9tition qui d\u00e9cha\u00eene les passions ! Ce vendredi 10 octobre marque effectivement le coup d\u2019envoi du cinqui\u00e8me tour de la Coupe de France. Et qui dit cinqui\u00e8me tour, dit entr\u00e9e en lice des formations de National. L\u2019une d\u2019entre elles lancera d\u2019ailleurs les hostilit\u00e9s en Normandie, bien que seulement quatre petits matchs soient au programme dans les diff\u00e9rentes r\u00e9gions fran\u00e7aises : matchs de l\u2019\u00c9quipe de France et de l\u2019\u00c9quipe de France Espoirs obligent.\u00a0<\/p>\n<p>Caen veut \u00e9viter d\u2019\u00eatre la mauvaise surprise du 5e tour<\/p>\n<p>Les hostilit\u00e9s seront ainsi lanc\u00e9es par le Stade Malherbe de Caen en Normandie. Le pensionnaire de National, qui \u00e9voluait encore en Ligue 2 ces derni\u00e8res semaines, ne se d\u00e9placera pas trop loin de ses bases puisqu\u2019oppos\u00e9 \u00e0 l\u2019AG Caen. L\u2019Avant-Garde, grand nom du championnat de National 3 ces derni\u00e8res ann\u00e9es, a perdu en qualit\u00e9 et \u00e9volue d\u00e9sormais en R\u00e9gional 1. L\u2019occasion donc pour les hommes de F\u00e9lix Legras, qui officie \u00e9galement en tant que manager g\u00e9n\u00e9ral, de retrouver le go\u00fbt du niveau national. Pour autant, les amateurs Caennais sont pass\u00e9s tout proche de l\u2019humiliation au tour pr\u00e9c\u00e9dent face \u00e0 une \u00e9quipe de D1. Une victoire sur le gong aux tirs au but \u00e0 Br\u00e9hal, qui a permis \u00e0 l\u2019Avant-Garde de tomber sur le cador de la r\u00e9gion. Un g\u00e9ant du Calvados qui entend bien tout faire pour ne pas \u00eatre le premier club de National \u00e0 quitter la 109e \u00e9dition de la Coupe de France.\u00a0<\/p>\n<p>\u00ab\u00a0On ne souhaite pas \u00eatre la surprise. Quand des \u00e9quipes des divisions inf\u00e9rieures se qualifient, c&rsquo;est qu&rsquo;elles ont bien jou\u00e9 mais c&rsquo;est aussi que le gros n&rsquo;a pas fait le travail. Le travail, c&rsquo;est bien se pr\u00e9parer et jouer avec la m\u00eame intensit\u00e9 que l&rsquo;on met le week-end. Si on est n\u00e9gligent et qu&rsquo;on tourne \u00e0 deux \u00e0 l&rsquo;heure, les risques existent\u00a0\u00bb a pr\u00e9venu Maxime d\u2019Ornano ces derni\u00e8res heures en conf\u00e9rence de presse. Le Stade Malherbe de Caen est donc pr\u00e9venu, avec un coup d\u2019envoi fix\u00e9 \u00e0 20h ce vendredi soir. M\u00eame son de cloche dans le Grand Est pour le FC Mulhouse. Le pensionnaire de National 3 se rendra, \u00e0 partir de 20h30, sur la pelouse d\u2019un club de D\u00e9partemental 1 pour tenter de poursuivre l\u2019aventure. Le onzi\u00e8me du Groupe F, qui ne s\u2019est impos\u00e9 qu\u2019\u00e0 une seule reprise en championnat pour le moment, respire gr\u00e2ce \u00e0 la Vieille Dame. \u00c0 moins que Riedisheim ne d\u00e9cide de lui couper le souffle.\u00a0<\/p>\n<p>Un choc 100% National 3 au programme<\/p>\n<p>Deux autres clubs de National 3 seront sur le pont en ce vendredi 10 octobre\u2026 et l\u2019une d\u2019entre elles va officiellement quitter la plus vieille des comp\u00e9titions fran\u00e7aises. En Auvergne-Rh\u00f4ne-Alpes, l\u2019US Feurs va se rendre sur la pelouse de l\u2019une des formations habitu\u00e9es aux longs parcours en Coupe de France : Bourgoin-Jallieu (20h). Un choc entre deux \u00e9quipes qui ne se jouent pas en championnat puisque dans deux groupes diff\u00e9rents mais qui risquent de nous offrir un spectacle de haut niveau. Troisi\u00e8me de la Poule H apr\u00e8s cinq journ\u00e9es, le FCBJ est toujours invaincu, toutes comp\u00e9titions confondues. Les Berjalliens entendent bien poursuivre sur leur lanc\u00e9e, tandis que l\u2019US Feurs s\u2019est inclin\u00e9 pour la deuxi\u00e8me fois de la saison le week-end dernier et occupe actuellement la cinqui\u00e8me place du Groupe G de National 3. Au nombre de 64 au coup d\u2019envoi de ce cinqui\u00e8me tour de Coupe de France, les clubs de la cinqui\u00e8me division tricolore perdront donc l\u2019un d\u2019entre eux d\u00e8s le coup d\u2019envoi de cette \u00e9tape.\u00a0<\/p>\n<p>Enfin, la Guadeloupe continue de nous offrir de belles oppositions entre formations de R\u00e9gional 1. Le CS Le Moule accueillera ainsi la Jeunesse Evolution \u00e0 partir de 20h30 pour tenter de faire partie du dernier carr\u00e9 encore en lice dans la comp\u00e9tition sur son \u00eele. Autant de matchs \u00e0 suivre sur <a href=\"http:\/\/Foot-National.com\" rel=\"nofollow noopener\" target=\"_blank\">Foot-National.com<\/a>.\u00a0<\/p>\n<p>Partagez cette info avec vos amis et vos proches en cliquant ici<br \/>Pour r\u00e9sumer<\/p>\n<p>Une comp\u00e9tition qui d\u00e9cha\u00eene les passions ! Ce vendredi 10 octobre marque effectivement le coup d\u2019envoi du cinqui\u00e8me tour de la Coupe de France. Et qui dit cinqui\u00e8me tour, dit entr\u00e9e en lice des formations de National. L\u2019une d\u2019entre elles lancera d\u2019ailleurs les hostilit\u00e9s en Normandie, bien que seulement quatre petits matchs soient au programme dans les diff\u00e9rentes r\u00e9gions fran\u00e7aises : matchs de l\u2019\u00c9quipe de France et de l\u2019\u00c9quipe de France Espoirs obligent.\u00a0<\/p>\n<p> <img decoding=\"async\" width=\"76\" height=\"76\" loading=\"lazy\" src=\"https:\/\/static.wui.fr\/images_v3\/avatar-footnational.png\" alt=\"Youcef Ghalaza-Boudra\"\/><\/p>\n","protected":false},"excerpt":{"rendered":"Une comp\u00e9tition qui d\u00e9cha\u00eene les passions ! Ce vendredi 10 octobre marque effectivement le coup d\u2019envoi du cinqui\u00e8me&hellip;\n","protected":false},"author":2,"featured_media":452201,"comment_status":"","ping_status":"","sticky":false,"template":"","format":"standard","meta":{"footnotes":""},"categories":[1410],"tags":[63,1011,27,60],"class_list":{"0":"post-452200","1":"post","2":"type-post","3":"status-publish","4":"format-standard","5":"has-post-thumbnail","7":"category-football","8":"tag-football","9":"tag-fr","10":"tag-france","11":"tag-sports"},"share_on_mastodon":{"url":"https:\/\/pubeurope.com\/@fr\/115349229834494551","error":""},"_links":{"self":[{"href":"https:\/\/www.europesays.com\/fr\/wp-json\/wp\/v2\/posts\/452200","targetHints":{"allow":["GET"]}}],"collection":[{"href":"https:\/\/www.europesays.com\/fr\/wp-json\/wp\/v2\/posts"}],"about":[{"href":"https:\/\/www.europesays.com\/fr\/wp-json\/wp\/v2\/types\/post"}],"author":[{"embeddable":true,"href":"https:\/\/www.europesays.com\/fr\/wp-json\/wp\/v2\/users\/2"}],"replies":[{"embeddable":true,"href":"https:\/\/www.europesays.com\/fr\/wp-json\/wp\/v2\/comments?post=452200"}],"version-history":[{"count":0,"href":"https:\/\/www.europesays.com\/fr\/wp-json\/wp\/v2\/posts\/452200\/revisions"}],"wp:featuredmedia":[{"embeddable":true,"href":"https:\/\/www.europesays.com\/fr\/wp-json\/wp\/v2\/media\/452201"}],"wp:attachment":[{"href":"https:\/\/www.europesays.com\/fr\/wp-json\/wp\/v2\/media?parent=452200"}],"wp:term":[{"taxonomy":"category","embeddable":true,"href":"https:\/\/www.europesays.com\/fr\/wp-json\/wp\/v2\/categories?post=452200"},{"taxonomy":"post_tag","embeddable":true,"href":"https:\/\/www.europesays.com\/fr\/wp-json\/wp\/v2\/tags?post=452200"}],"curies":[{"name":"wp","href":"https:\/\/api.w.org\/{rel}","templated":true}]}}