{"id":452204,"date":"2025-10-10T09:46:16","date_gmt":"2025-10-10T09:46:16","guid":{"rendered":"https:\/\/www.europesays.com\/fr\/452204\/"},"modified":"2025-10-10T09:46:16","modified_gmt":"2025-10-10T09:46:16","slug":"rochecorbon-une-grappe-geante-financee-par-des-habitants-va-troner-dans-les-vignes-sur-le-final-de-paris-tours","status":"publish","type":"post","link":"https:\/\/www.europesays.com\/fr\/452204\/","title":{"rendered":"Rochecorbon\u00a0: une grappe g\u00e9ante financ\u00e9e par des habitants va tr\u00f4ner dans les vignes, sur le final de Paris-Tours"},"content":{"rendered":"<p>Sur les derniers kilom\u00e8tres du Paris-Tours, dans les chemins de vignes, elle sera l\u00e0\u00a0: une grappe de raisin g\u00e9ante, en acier et en m\u00e9tal. Cette statue est n\u00e9e d&rsquo;un projet de quelques habitants de la commune de Rochecorbon, en Indre-et-Loire, d\u00e9sireux de faire conna\u00eetre leur village. <\/p>\n<p>La grappe tr\u00f4ne pour l&rsquo;instant dans le jardin de son cr\u00e9ateur. Cette statue de <strong>3, 50 m de haut, en m\u00e9tal et en grillage<\/strong>, repr\u00e9sente un travail de \u00ab\u00a0<strong>plus de\u00a0300 heures<\/strong> pour notre sculpteur b\u00e9n\u00e9vole\u00a0\u00bb souligne Christophe Loriau, pr\u00e9sident du comit\u00e9 d&rsquo;animation de Rochecorbon.<\/p>\n<p>Le dimanche 12 octobre 2025, elle sera pour la premi\u00e8re fois\u00a0<a class=\"IciLink ici-link IciArticleLink g-ici-body-regular-1 underline brand svelte-lu7k6w\" href=\"https:\/\/www.francebleu.fr\/infos\/societe\/paris-tours-les-chemins-de-vigne-rapidement-devenus-incontournables-pour-dynamiter-la-course-cycliste-4743522\" rel=\"nofollow noopener\" target=\"_blank\">install\u00e9e dans les chemins de vigne<\/a>, le long du parcours de la course cycliste Paris-Tours. Elle sera expos\u00e9e pour les prochaines \u00e9ditions, mais pas que\u00a0: \u00ab\u00a0on esp\u00e8re aussi lui trouver <strong>un endroit bien visible<\/strong> dans le c\u0153ur de village entre chaque \u00e9dition de la course\u00a0\u00bb sourit Christophe Loriau.<\/p>\n<p>Un totem, et un symbole de Rochecorbon<\/p>\n<p>Cette grappe, c&rsquo;est \u00ab\u00a0<strong>un totem<\/strong>\u00a0\u00bb pour Christophe Loriau qui voit en ces raisins \u00ab\u00a0un symbole du territoire.\u00a0\u00bb Un totem qui va tr\u00f4ner dans un virage du final de la course cycliste, retransmise nationalement et internationalement \u00e0 la t\u00e9l\u00e9vision. \u00ab\u00a0Le but, c&rsquo;est qu&rsquo;on parle de Rochecorbon\u00a0\u00bb assume le Rochecorbonnais. \u00ab\u00a0Ici, on est au milieu des vignes, une carte postale des paysages de la commune. On est aussi \u00e0 un virage serr\u00e9, presque un angle droit\u00a0: les coureurs vont ralentir, les cam\u00e9ras aussi.\u00a0\u00bb<\/p>\n<p>Cette grappe n&rsquo;a co\u00fbt\u00e9 que le prix des mati\u00e8res premi\u00e8res car l&rsquo;artiste a travaill\u00e9 gratuitement. Pour payer ces mati\u00e8res premi\u00e8res\u00a0: \u00ab\u00a0on a voulu un financement participatif et local\u00a0\u00bb explique le pr\u00e9sident du\u00a0Comit\u00e9 d&rsquo;animation de la commune. La grappe a co\u00fbt\u00e9 <strong>environ 700 euros<\/strong>, pay\u00e9s par des entreprises ou des habitants du coin.\u00a0Un projet financ\u00e9 sans coup de pouce direct de la mairie, mis \u00e0 part les subventions de fonctionnement dus \u00e0 l&rsquo;association d&rsquo;animation de Rochecorbon.<\/p>\n<p>\u00c0 lire aussi   <img decoding=\"async\" src=\"https:\/\/www.europesays.com\/fr\/wp-content\/uploads\/2025\/10\/1760089576_118_560x315\" alt=\"Les coureurs n'arriveront plus sur l'avenue de Grammont d\u00e8s la prochaine \u00e9dition.\" style=\"--_image-preview:url('data:image\/jpeg;base64,\/9j\/2wBDACgcHiMeGSgjISMtKygwPGRBPDc3PHtYXUlkkYCZlo+AjIqgtObDoKrarYqMyP\/L2u71\/\/\/\/m8H\/\/\/\/6\/+b9\/\/j\/2wBDASstLTw1PHZBQXb4pYyl+Pj4+Pj4+Pj4+Pj4+Pj4+Pj4+Pj4+Pj4+Pj4+Pj4+Pj4+Pj4+Pj4+Pj4+Pj4+Pj4+Pj\/wAARCAAXACoDASIAAhEBAxEB\/8QAGAAAAwEBAAAAAAAAAAAAAAAAAAECAwT\/xAAWEAEBAQAAAAAAAAAAAAAAAAAAARH\/xAAVAQEBAAAAAAAAAAAAAAAAAAAAAf\/EABQRAQAAAAAAAAAAAAAAAAAAAAD\/2gAMAwEAAhEDEQA\/AMpDPBgIqK0sRYgzsLGlhYo6SwACwrAATYWAA\/\/Z');\" loading=\"lazy\" fetchpriority=\"low\" aria-hidden=\"true\" class=\"svelte-1pnmlwx rounded\" onload=\"this.__e=event\" onerror=\"this.__e=event\"\/><\/p>\n","protected":false},"excerpt":{"rendered":"Sur les derniers kilom\u00e8tres du Paris-Tours, dans les chemins de vignes, elle sera l\u00e0\u00a0: une grappe de raisin&hellip;\n","protected":false},"author":2,"featured_media":452205,"comment_status":"","ping_status":"","sticky":false,"template":"","format":"standard","meta":{"footnotes":""},"categories":[1358],"tags":[1348,1384,1385,1386,58,59,1011,27],"class_list":{"0":"post-452204","1":"post","2":"type-post","3":"status-publish","4":"format-standard","5":"has-post-thumbnail","7":"category-arts-et-design","8":"tag-arts","9":"tag-arts-and-design","10":"tag-arts-et-design","11":"tag-design","12":"tag-divertissement","13":"tag-entertainment","14":"tag-fr","15":"tag-france"},"share_on_mastodon":{"url":"https:\/\/pubeurope.com\/@fr\/115349237579769812","error":""},"_links":{"self":[{"href":"https:\/\/www.europesays.com\/fr\/wp-json\/wp\/v2\/posts\/452204","targetHints":{"allow":["GET"]}}],"collection":[{"href":"https:\/\/www.europesays.com\/fr\/wp-json\/wp\/v2\/posts"}],"about":[{"href":"https:\/\/www.europesays.com\/fr\/wp-json\/wp\/v2\/types\/post"}],"author":[{"embeddable":true,"href":"https:\/\/www.europesays.com\/fr\/wp-json\/wp\/v2\/users\/2"}],"replies":[{"embeddable":true,"href":"https:\/\/www.europesays.com\/fr\/wp-json\/wp\/v2\/comments?post=452204"}],"version-history":[{"count":0,"href":"https:\/\/www.europesays.com\/fr\/wp-json\/wp\/v2\/posts\/452204\/revisions"}],"wp:featuredmedia":[{"embeddable":true,"href":"https:\/\/www.europesays.com\/fr\/wp-json\/wp\/v2\/media\/452205"}],"wp:attachment":[{"href":"https:\/\/www.europesays.com\/fr\/wp-json\/wp\/v2\/media?parent=452204"}],"wp:term":[{"taxonomy":"category","embeddable":true,"href":"https:\/\/www.europesays.com\/fr\/wp-json\/wp\/v2\/categories?post=452204"},{"taxonomy":"post_tag","embeddable":true,"href":"https:\/\/www.europesays.com\/fr\/wp-json\/wp\/v2\/tags?post=452204"}],"curies":[{"name":"wp","href":"https:\/\/api.w.org\/{rel}","templated":true}]}}