{"id":452206,"date":"2025-10-10T09:47:10","date_gmt":"2025-10-10T09:47:10","guid":{"rendered":"https:\/\/www.europesays.com\/fr\/452206\/"},"modified":"2025-10-10T09:47:10","modified_gmt":"2025-10-10T09:47:10","slug":"le-premier-livre-de-charlotte-casiraghi-en-janvier-chez-julliard","status":"publish","type":"post","link":"https:\/\/www.europesays.com\/fr\/452206\/","title":{"rendered":"Le premier livre de Charlotte Casiraghi en janvier chez Julliard"},"content":{"rendered":"<p>Les \u00e9ditions Julliard annoncent la publication le 29 janvier 2026 par <strong>Charlotte Casiraghi<\/strong> de La f\u00ealure, \u00ab\u00a0une enqu\u00eate litt\u00e9raire et sensible sur la notion de f\u00ealure, nourrie des textes et destins d\u2019\u00e9crivains, po\u00e8tes et aventuriers\u00a0\u00bb.<\/p>\n<p>Si la princesse de Monaco a d\u00e9j\u00e0 publi\u00e9 en 2018 Archipel des passions (Seuil), un trait\u00e9 philosophique r\u00e9dig\u00e9 \u00e0 quatre mains avec son ancien professeur de terminale, elle fait cette fois cavali\u00e8re seule avec ce nouvel ouvrage dont le titre s\u2019inspire de celui d\u2019une c\u00e9l\u00e8bre nouvelle de <strong>Francis Scott Fitzgerald<\/strong>.<\/p>\n<p>Travers\u00e9e litt\u00e9raire<\/p>\n<p>L\u2019autrice y explore aussi les \u0153uvres et les existences du navigateur <strong>Bernard<\/strong> <strong>Moitessier<\/strong>, des \u00e9crivaines <strong>Ingeborg Bachmann<\/strong>, <strong>Colette<\/strong> ou <strong>Marguerite Duras<\/strong>, de la po\u00e9tesse <strong>Anna Akhmatova<\/strong>, ou du chanteur <strong>JJ Cale<\/strong> et bien d\u2019autres pour mener une suite de r\u00e9flexions litt\u00e9raires, philosophiques et intimes.<\/p>\n<p>\u00ab\u00a0Ce livre n\u2019est pas un trait\u00e9, ni un r\u00e9cit, encore moins une confession. Il faudrait plut\u00f4t le voir comme une travers\u00e9e, une s\u00e9rie de variations sur un m\u00eame th\u00e8me, la ritournelle par laquelle se rejoue sans cesse une id\u00e9e fixe : quelque chose de nous est cass\u00e9\u00a0\u00bb, pr\u00e9cisent les \u00e9ditions Julliard dans un communiqu\u00e9.<\/p>\n","protected":false},"excerpt":{"rendered":"Les \u00e9ditions Julliard annoncent la publication le 29 janvier 2026 par Charlotte Casiraghi de La f\u00ealure, \u00ab\u00a0une enqu\u00eate&hellip;\n","protected":false},"author":2,"featured_media":452207,"comment_status":"","ping_status":"","sticky":false,"template":"","format":"standard","meta":{"footnotes":""},"categories":[1357],"tags":[1379,58,59,1011,27,1380],"class_list":{"0":"post-452206","1":"post","2":"type-post","3":"status-publish","4":"format-standard","5":"has-post-thumbnail","7":"category-livres","8":"tag-books","9":"tag-divertissement","10":"tag-entertainment","11":"tag-fr","12":"tag-france","13":"tag-livres"},"share_on_mastodon":{"url":"https:\/\/pubeurope.com\/@fr\/115349241644113356","error":""},"_links":{"self":[{"href":"https:\/\/www.europesays.com\/fr\/wp-json\/wp\/v2\/posts\/452206","targetHints":{"allow":["GET"]}}],"collection":[{"href":"https:\/\/www.europesays.com\/fr\/wp-json\/wp\/v2\/posts"}],"about":[{"href":"https:\/\/www.europesays.com\/fr\/wp-json\/wp\/v2\/types\/post"}],"author":[{"embeddable":true,"href":"https:\/\/www.europesays.com\/fr\/wp-json\/wp\/v2\/users\/2"}],"replies":[{"embeddable":true,"href":"https:\/\/www.europesays.com\/fr\/wp-json\/wp\/v2\/comments?post=452206"}],"version-history":[{"count":0,"href":"https:\/\/www.europesays.com\/fr\/wp-json\/wp\/v2\/posts\/452206\/revisions"}],"wp:featuredmedia":[{"embeddable":true,"href":"https:\/\/www.europesays.com\/fr\/wp-json\/wp\/v2\/media\/452207"}],"wp:attachment":[{"href":"https:\/\/www.europesays.com\/fr\/wp-json\/wp\/v2\/media?parent=452206"}],"wp:term":[{"taxonomy":"category","embeddable":true,"href":"https:\/\/www.europesays.com\/fr\/wp-json\/wp\/v2\/categories?post=452206"},{"taxonomy":"post_tag","embeddable":true,"href":"https:\/\/www.europesays.com\/fr\/wp-json\/wp\/v2\/tags?post=452206"}],"curies":[{"name":"wp","href":"https:\/\/api.w.org\/{rel}","templated":true}]}}