{"id":452208,"date":"2025-10-10T09:48:30","date_gmt":"2025-10-10T09:48:30","guid":{"rendered":"https:\/\/www.europesays.com\/fr\/452208\/"},"modified":"2025-10-10T09:48:30","modified_gmt":"2025-10-10T09:48:30","slug":"pourquoi-tf1-ne-diffusera-t-elle-pas-mask-singer-ce-vendredi-soir","status":"publish","type":"post","link":"https:\/\/www.europesays.com\/fr\/452208\/","title":{"rendered":"Pourquoi TF1 ne diffusera-t-elle pas \u00ab\u00a0Mask Singer\u00a0\u00bb ce vendredi soir ?"},"content":{"rendered":"<p>            <img loading=\"lazy\" decoding=\"async\" src=\"https:\/\/www.europesays.com\/fr\/wp-content\/uploads\/2025\/04\/82-65703a09b7c5d-35x35-1.jpg\" class=\"author-article-picture\" width=\"35\" height=\"35\"\/><\/p>\n<p>                Par<br \/>\n                                    <a class=\"author-article-bio-link\" href=\"https:\/\/www.ozap.com\/auteur\/bruna-fernandez_a82\" rel=\"nofollow noopener\" target=\"_blank\">Bruna Fernandez<\/a><br \/>\n                                                    | Journaliste<\/p>\n<p>\n                N\u00e9e \u00e0 l\u2019\u00e9poque des \u201cInconnus\u201d, Bruna grandit entre le Br\u00e9sil et la France. Enfant, elle enrichit son imaginaire devant le grand et le petit \u00e9cran. Devenue journaliste, elle passe derri\u00e8re la cam\u00e9ra et travaille pour plusieurs \u00e9missions. Un petit monde qu\u2019elle se pla\u00eet \u00e0 d\u00e9cortiquer pour puremedias.\n            <\/p>\n<p>\n    Changement de programme pour les fans de \u00ab\u00a0Mask Singer\u00a0\u00bb. TF1 bouscule exceptionnellement sa grille : pas d\u2019\u00e9pisode ce vendredi 10 octobre. Elle proposera d\u00e8s le lendemain une soir\u00e9e sp\u00e9ciale \u00ab\u00a0frissons\u00a0\u00bb de son divertissement.\n<\/p>\n<p>                            <img loading=\"lazy\" decoding=\"async\" class=\"player-thumbnail\" src=\"https:\/\/www.europesays.com\/fr\/wp-content\/uploads\/2025\/10\/15cba4c163154bec-580x326-1.jpg\" width=\"580\" height=\"326\"\/><\/p>\n<p>                    La bande-annonce faite avec de l&rsquo;IA de \u00ab\u00a0Mask Singer\u00a0\u00bb saison 8.<\/p>\n<p>La suite apr\u00e8s la publicit\u00e9<\/p>\n<p>C\u2019est un petit bouleversement qui risque de d\u00e9router les habitu\u00e9s. Chaque vendredi, <a href=\"https:\/\/www.ozap.com\/actu\/mask-singer-2025-qui-etait-linvite-surprise-qui-se-cachait-sous-le-costume-de-lady-saucisse-et-a-aide-les-enqueteurs\/651889\" rel=\"nofollow noopener\" target=\"_blank\">\u00ab\u00a0Mask Singer\u00a0\u00bb<\/a> s\u2019impose comme le rendez-vous incontournable des amateurs de jeux d\u2019enqu\u00eate et de costumes spectaculaires. Mais ce 10 octobre, pas de Lapin, de Doudou ni d\u2019Agneau au programme. \u00c0 20h45, TF1 retransmettra en direct du Parc des Princes la rencontre entre l\u2019\u00e9quipe de France de football et l\u2019Azerba\u00efdjan, dans le cadre des \u00e9liminatoires pour la <a href=\"https:\/\/www.ozap.com\/actu\/euro-2024-coupe-du-monde-2026-finale-de-ligue-des-champions-football-feminin-frederic-de-vincelles-devoile-la-strategie-sport-du-groupe-m6\/643922\" rel=\"nofollow noopener\" target=\"_blank\">Coupe du monde 2026<\/a>.<\/p>\n<p>Une \u00ab\u00a0Sp\u00e9ciale frissons\u00a0\u00bb en perspective\u00a0<\/p>\n<p>Pour <a href=\"https:\/\/www.ozap.com\/personnalite\/camille-combal_e124623\" rel=\"nofollow noopener\" target=\"_blank\">Camille Combal<\/a> et ses enqu\u00eateurs, il ne s\u2019agit que d\u2019une pause d\u2019une journ\u00e9e. L\u2019\u00e9mission revient d\u00e8s le samedi 11 octobre avec une \u00e9dition sp\u00e9ciale. \u00c0 l\u2019approche d\u2019Halloween, le plateau sera transform\u00e9 pour une soir\u00e9e \u00ab\u00a0Sp\u00e9ciale frissons\u00a0\u00bb. Nouveaux tableaux, costumes in\u00e9dits et un invit\u00e9 surprise attendent les t\u00e9l\u00e9spectateurs. Les fid\u00e8les retrouveront <a href=\"https:\/\/www.ozap.com\/personnalite\/michael-youn_e160\" rel=\"nofollow noopener\" target=\"_blank\">Michael Youn<\/a>, <a href=\"https:\/\/www.ozap.com\/personnalite\/chantal-ladesou_e309153\" rel=\"nofollow noopener\" target=\"_blank\">Chantal Ladesou<\/a>, <a href=\"https:\/\/www.ozap.com\/personnalite\/laurent-ruquier_e161\" rel=\"nofollow noopener\" target=\"_blank\">Laurent Ruquier<\/a> et <a href=\"https:\/\/www.ozap.com\/personnalite\/kev-adams_e204342\" rel=\"nofollow noopener\" target=\"_blank\">Kev Adams<\/a>, accompagn\u00e9s cette fois d\u2019un enqu\u00eateur myst\u00e8re, dont ils devront deviner l\u2019identit\u00e9 apr\u00e8s une seule performance vocale. Ce dernier rejoindra ensuite le jury pour aider \u00e0 d\u00e9masquer les c\u00e9l\u00e9brit\u00e9s encore en comp\u00e9tition et tenter de d\u00e9crocher une place en demi-finale.<\/p>\n<p>\u201cMask Singer\u201d 2025 : Quelle c\u00e9l\u00e9brit\u00e9 se cachait derri\u00e8re \u00ab\u00a0Le Doudou\u201d et a d\u00fb se d\u00e9masquer ce soir sur TF1 ?<\/p>\n<p>Les inconditionnels devront donc patienter un peu avant de retrouver leur rituel du vendredi soir. L\u2019\u00e9mission devrait reprendre son cr\u00e9neau habituel d\u00e8s le 17 octobre. Cette saison, quinze costumes rivalisent de cr\u00e9ativit\u00e9, dont deux r\u00e9serv\u00e9s \u00e0 des stars internationales et trois \u00e0 des enqu\u00eateurs myst\u00e8res.\u00a0<\/p>\n<p>Si TF1 a d\u00fb c\u00e9der sa case du vendredi soir au football, la cha\u00eene peut compter sur la solidit\u00e9 du programme. Vendredi dernier encore, \u00ab\u00a0Mask Singer\u00a0\u00bb a r\u00e9uni 2,66 millions de t\u00e9l\u00e9spectateurs en premi\u00e8re partie (15,4% du public, mais 30,3% sur les FRDA-50, sa cible prioritaire) et 2,34 millions en deuxi\u00e8me partie (19,7% de PDA et 35% sur les FRDA-50). Des scores sup\u00e9rieurs \u00e0 la semaine pr\u00e9c\u00e9dente, malgr\u00e9 la concurrence de France 2, arriv\u00e9e en t\u00eate des audiences avec sa s\u00e9rie \u00ab\u00a0Simon Coleman\u00a0\u00bb (3,34 millions et 19,8% de PDA).<\/p>\n<p>        <img decoding=\"async\" class=\"thumb-img-100 thumb-img\" src=\"https:\/\/www.europesays.com\/fr\/wp-content\/uploads\/2025\/10\/1feae899bbf4eab2-320x180-1.jpg\" alt=\"&quot;Mask Singer&quot; 2025 : On a d\u00e9masqu\u00e9 le Scarab\u00e9e... Il s'agit d'une star de la chanson fran\u00e7aise\" width=\"320\" height=\"180\" loading=\"lazy\" role=\"presentation\"\/><\/p>\n<p>                                            \u00ab\u00a0Mask Singer\u00a0\u00bb 2025 : On a d\u00e9masqu\u00e9 le Scarab\u00e9e&#8230; Il s&rsquo;agit d&rsquo;une star de la chanson fran\u00e7aise<\/p>\n<p>        <img decoding=\"async\" class=\"thumb-img-100 thumb-img\" src=\"https:\/\/www.europesays.com\/fr\/wp-content\/uploads\/2025\/10\/2dadb597010d2b6c-320x180-1.jpg\" alt=\"&quot;C\u2019est aussi pour cela qu'on ne pourrait pas faire 'Mask Singer' en direct&quot; : La production du jeu de TF1 revient sur le coup d'\u00e9clat de Micha\u00ebl Youn lors du premier \u00e9pisode\" width=\"320\" height=\"180\" loading=\"lazy\" role=\"presentation\"\/><\/p>\n<p>                                            \u00ab\u00a0C\u2019est aussi pour cela qu&rsquo;on ne pourrait pas faire &lsquo;Mask Singer&rsquo; en direct\u00a0\u00bb : La production du jeu de TF1 revient sur le coup d&rsquo;\u00e9clat de Micha\u00ebl Youn lors du premier \u00e9pisode<\/p>\n<p>        <img decoding=\"async\" class=\"thumb-img-100 thumb-img\" src=\"https:\/\/www.europesays.com\/fr\/wp-content\/uploads\/2025\/10\/cb154f086312c321-320x180-1.jpg\" alt=\"Audiences : Quelle performance pour le lancement de la nouvelle saison de &quot;Mask Singer&quot; sur TF1 face \u00e0 &quot;Capitaine Marleau&quot; sur France 2 ?\" width=\"320\" height=\"180\" loading=\"lazy\" role=\"presentation\"\/><\/p>\n<p>                                            Audiences : Quelle performance pour le lancement de la nouvelle saison de \u00ab\u00a0Mask Singer\u00a0\u00bb sur TF1 face \u00e0 \u00ab\u00a0Capitaine Marleau\u00a0\u00bb sur France 2 ?<\/p>\n","protected":false},"excerpt":{"rendered":"Par Bruna Fernandez | Journaliste N\u00e9e \u00e0 l\u2019\u00e9poque des \u201cInconnus\u201d, Bruna grandit entre le Br\u00e9sil et la France.&hellip;\n","protected":false},"author":2,"featured_media":452209,"comment_status":"","ping_status":"","sticky":false,"template":"","format":"standard","meta":{"footnotes":""},"categories":[1356],"tags":[58,59,1011,27,252,1364],"class_list":{"0":"post-452208","1":"post","2":"type-post","3":"status-publish","4":"format-standard","5":"has-post-thumbnail","7":"category-television","8":"tag-divertissement","9":"tag-entertainment","10":"tag-fr","11":"tag-france","12":"tag-television","13":"tag-tv"},"share_on_mastodon":{"url":"https:\/\/pubeurope.com\/@fr\/115349245889079056","error":""},"_links":{"self":[{"href":"https:\/\/www.europesays.com\/fr\/wp-json\/wp\/v2\/posts\/452208","targetHints":{"allow":["GET"]}}],"collection":[{"href":"https:\/\/www.europesays.com\/fr\/wp-json\/wp\/v2\/posts"}],"about":[{"href":"https:\/\/www.europesays.com\/fr\/wp-json\/wp\/v2\/types\/post"}],"author":[{"embeddable":true,"href":"https:\/\/www.europesays.com\/fr\/wp-json\/wp\/v2\/users\/2"}],"replies":[{"embeddable":true,"href":"https:\/\/www.europesays.com\/fr\/wp-json\/wp\/v2\/comments?post=452208"}],"version-history":[{"count":0,"href":"https:\/\/www.europesays.com\/fr\/wp-json\/wp\/v2\/posts\/452208\/revisions"}],"wp:featuredmedia":[{"embeddable":true,"href":"https:\/\/www.europesays.com\/fr\/wp-json\/wp\/v2\/media\/452209"}],"wp:attachment":[{"href":"https:\/\/www.europesays.com\/fr\/wp-json\/wp\/v2\/media?parent=452208"}],"wp:term":[{"taxonomy":"category","embeddable":true,"href":"https:\/\/www.europesays.com\/fr\/wp-json\/wp\/v2\/categories?post=452208"},{"taxonomy":"post_tag","embeddable":true,"href":"https:\/\/www.europesays.com\/fr\/wp-json\/wp\/v2\/tags?post=452208"}],"curies":[{"name":"wp","href":"https:\/\/api.w.org\/{rel}","templated":true}]}}