{"id":452215,"date":"2025-10-10T09:52:12","date_gmt":"2025-10-10T09:52:12","guid":{"rendered":"https:\/\/www.europesays.com\/fr\/452215\/"},"modified":"2025-10-10T09:52:12","modified_gmt":"2025-10-10T09:52:12","slug":"arthur-rinderknech-en-etat-de-grace-qualifie-pour-les-demi-finales-du-masters-1000-de-shanghai","status":"publish","type":"post","link":"https:\/\/www.europesays.com\/fr\/452215\/","title":{"rendered":"Arthur Rinderknech, en \u00e9tat de gr\u00e2ce, qualifi\u00e9 pour les demi-finales du Masters 1000 de Shangha\u00ef"},"content":{"rendered":"<p>                          <img loading=\"lazy\" decoding=\"async\" src=\"https:\/\/www.europesays.com\/fr\/wp-content\/uploads\/2025\/10\/834f8fd_ftp-import-images-1-bz1c9quldhoq-5129473-01-06.jpg\" alt=\"Arthur Rinderknech, apr\u00e8s sa victoire face au Canadien Felix Auger-Aliassime, \u00e0 Shangha\u00ef (Chine), le 10\u00a0octobre\u00a02025. \"   width=\"664\" height=\"443\"\/>    Arthur Rinderknech, apr\u00e8s sa victoire face au Canadien Felix Auger-Aliassime, \u00e0 Shangha\u00ef (Chine), le 10\u00a0octobre\u00a02025.  HECTOR RETAMAL \/ AFP                          <\/p>\n<p class=\"article__paragraph  \">En quelques jours, il s\u2019est offert des succ\u00e8s contre plusieurs cadors du tennis mondial. Vendredi 10\u00a0octobre, le Fran\u00e7ais Arthur Rinderknech (54e mondial) a battu 6-3, 6-4\u00a0F\u00e9lix Auger-Aliassime (13e) pour continuer son parcours de r\u00eave au Masters 1000 de Shangha\u00ef, o\u00f9 il jouera sa premi\u00e8re demi-finale \u00e0 ce niveau.<\/p>\n<p>                                            Lire aussi |  Article r\u00e9serv\u00e9 \u00e0 nos abonn\u00e9s  <a href=\"https:\/\/www.lemonde.fr\/sport\/article\/2025\/08\/29\/arthur-rinderknech-et-benjamin-bonzi-face-a-face-a-l-us-open-avec-la-meme-etonnante-recette_6637375_3242.html\" class=\"js-article-read-also catcher--favoris__link\" data-premium=\"1\" id=\"article-title-3435820\" rel=\"nofollow noopener\" target=\"_blank\">Arthur Rinderknech et Benjamin Bonzi face \u00e0 face \u00e0 l\u2019US Open, avec la m\u00eame \u00e9tonnante recette<\/a>    <\/p>\n<p>   Lire plus tard  <\/p>\n<p class=\"article__paragraph  \">Port\u00e9 par un service efficace et une grande s\u00e9r\u00e9nit\u00e9 dans les moments-cl\u00e9s, Rinderknech, 30\u00a0ans, a su contenir la puissance du Canadien, de cinq ans son cadet. Apr\u00e8s un premier set tr\u00e8s bien n\u00e9goci\u00e9, validant la seule balle de break en jeu dans cette manche, il a d\u00e9but\u00e9 la seconde par un break d\u2019entr\u00e9e. Il a ensuite su rester calme pour rattraper trois balles de d\u00e9break pour Auger-Aliassime, qui pouvait alors revenir \u00e0 2-2.<\/p>\n<p class=\"article__paragraph  \">S\u2019il s\u2019est un peu moins appuy\u00e9 sur son tr\u00e8s bon service que lors des tours pr\u00e9c\u00e9dents \u00e0 Shangha\u00ef, le grand tricolore d\u20191,96\u00a0m est souvent mont\u00e9 au filet. Il a aussi vari\u00e9 son jeu avec plusieurs amorties. Il a conclu sur un ace, son cinqui\u00e8me dans le match.<\/p>\n<p>                    Une aventure familiale                    <\/p>\n<p class=\"article__paragraph  \">D\u00e9j\u00e0 tombeur du num\u00e9ro trois mondial Alexander Zverev et du Tch\u00e8que Jiri Lehecka (19e) en Chine, le Fran\u00e7ais affrontera d\u00e9sormais Daniil Medvedev (16e) ou Alex De Minaur (7e), qui s\u2019affrontent ce vendredi en milieu de journ\u00e9e, pour une place en finale. Son parcours lui permettra d\u2019atteindre, lundi, le meilleur classement de sa carri\u00e8re, au minimum une 37e place mondiale, selon les pr\u00e9visions de l\u2019ATP.<\/p>\n<p>                                       Lire aussi |  <a href=\"https:\/\/www.lemonde.fr\/sport\/article\/2025\/07\/01\/la-performance-d-arthur-rinderknech-tennisman-francais-qui-elimine-le-numero-3-mondial-alexander-zverev-a-wimbledon_6617300_3242.html\" class=\"js-article-read-also catcher--favoris__link\" data-premium=\"\" id=\"article-title-3429739\" rel=\"nofollow noopener\" target=\"_blank\">A Wimbledon, la performance d\u2019Arthur Rinderknech, tennisman fran\u00e7ais qui \u00e9limine le num\u00e9ro\u00a03\u00a0mondial, Alexander Zverev<\/a>    <\/p>\n<p>   Lire plus tard  <\/p>\n<p class=\"article__paragraph  \">Cette aventure chinoise est d\u2019autant plus belle qu\u2019elle est familiale pour Rinderknech\u00a0: son cousin germain Valentin Vacherot, qui d\u00e9fend, lui, les couleurs de Monaco, est aussi pr\u00e9sent dans le dernier carr\u00e9 du Masters 1000\u00a0de Shanga\u00ef, et se mesurera, samedi, du haut de son statut de Petit Poucet 204e mondial, \u00e0 Novak Djokovic (4e).<\/p>\n<p class=\"article__paragraph  \">\u00ab\u00a0C\u2019est exceptionnel, j\u2019essaie de faire aussi bien que lui [son cousin], mais ce n\u2019est pas facile, il met la barre haut\u00a0!\u00a0\u00bb, a d\u00e9clar\u00e9 le Fran\u00e7ais sur le court apr\u00e8s son succ\u00e8s.<\/p>\n<p class=\"article__author-container\"> <a class=\"article__author-link\" href=\"https:\/\/www.lemonde.fr\/signataires\/service-sports\/\" rel=\"nofollow noopener\" target=\"_blank\"> Service Sports<\/a> (avec AFP) <\/p>\n<p>                  <a href=\"https:\/\/www.lemonde.fr\/syndication\/\" class=\"reuse__content\" title=\"R\u00e9utiliser ce contenu\" target=\"_blank\" rel=\"nofollow noopener\">R\u00e9utiliser ce contenu<\/a>      <\/p>\n","protected":false},"excerpt":{"rendered":"Arthur Rinderknech, apr\u00e8s sa victoire face au Canadien Felix Auger-Aliassime, \u00e0 Shangha\u00ef (Chine), le 10\u00a0octobre\u00a02025. HECTOR RETAMAL \/&hellip;\n","protected":false},"author":2,"featured_media":452216,"comment_status":"","ping_status":"","sticky":false,"template":"","format":"standard","meta":{"footnotes":""},"categories":[9],"tags":[1011,27,60],"class_list":{"0":"post-452215","1":"post","2":"type-post","3":"status-publish","4":"format-standard","5":"has-post-thumbnail","7":"category-sports","8":"tag-fr","9":"tag-france","10":"tag-sports"},"share_on_mastodon":{"url":"https:\/\/pubeurope.com\/@fr\/115349261741613561","error":""},"_links":{"self":[{"href":"https:\/\/www.europesays.com\/fr\/wp-json\/wp\/v2\/posts\/452215","targetHints":{"allow":["GET"]}}],"collection":[{"href":"https:\/\/www.europesays.com\/fr\/wp-json\/wp\/v2\/posts"}],"about":[{"href":"https:\/\/www.europesays.com\/fr\/wp-json\/wp\/v2\/types\/post"}],"author":[{"embeddable":true,"href":"https:\/\/www.europesays.com\/fr\/wp-json\/wp\/v2\/users\/2"}],"replies":[{"embeddable":true,"href":"https:\/\/www.europesays.com\/fr\/wp-json\/wp\/v2\/comments?post=452215"}],"version-history":[{"count":0,"href":"https:\/\/www.europesays.com\/fr\/wp-json\/wp\/v2\/posts\/452215\/revisions"}],"wp:featuredmedia":[{"embeddable":true,"href":"https:\/\/www.europesays.com\/fr\/wp-json\/wp\/v2\/media\/452216"}],"wp:attachment":[{"href":"https:\/\/www.europesays.com\/fr\/wp-json\/wp\/v2\/media?parent=452215"}],"wp:term":[{"taxonomy":"category","embeddable":true,"href":"https:\/\/www.europesays.com\/fr\/wp-json\/wp\/v2\/categories?post=452215"},{"taxonomy":"post_tag","embeddable":true,"href":"https:\/\/www.europesays.com\/fr\/wp-json\/wp\/v2\/tags?post=452215"}],"curies":[{"name":"wp","href":"https:\/\/api.w.org\/{rel}","templated":true}]}}