{"id":452219,"date":"2025-10-10T09:54:12","date_gmt":"2025-10-10T09:54:12","guid":{"rendered":"https:\/\/www.europesays.com\/fr\/452219\/"},"modified":"2025-10-10T09:54:12","modified_gmt":"2025-10-10T09:54:12","slug":"ces-vagues-geantes-de-boue-vieilles-de-117-millions-dannees-revelent-la-naissance-secrete-de-latlantique","status":"publish","type":"post","link":"https:\/\/www.europesays.com\/fr\/452219\/","title":{"rendered":"ces vagues g\u00e9antes de boue vieilles de 117 millions d\u2019ann\u00e9es r\u00e9v\u00e8lent la naissance secr\u00e8te de l\u2019Atlantique"},"content":{"rendered":"<tr>\n<td><strong>EN BREF<\/strong><\/td>\n<\/tr>\n<tr>\n<td>\n<ul>\n<li>\ud83c\udf0a Des <strong>structures colossales<\/strong> d\u00e9couvertes sous l\u2019Atlantique r\u00e9v\u00e8lent des secrets g\u00e9ologiques.<\/li>\n<li>\ud83d\uddfa\ufe0f La s\u00e9paration de l\u2019<strong>Am\u00e9rique du Sud<\/strong> et de l\u2019<strong>Afrique<\/strong> \u00e9clair\u00e9e par des vagues de boue anciennes.<\/li>\n<li>\ud83c\udf21\ufe0f L\u2019ouverture de l\u2019Atlantique a eu un <strong>impact climatique<\/strong> majeur il y a 117 millions d\u2019ann\u00e9es.<\/li>\n<li>\ud83d\udd2c Des <strong>carottes de s\u00e9diments<\/strong> r\u00e9v\u00e8lent des processus g\u00e9ologiques fascinants et intenses.<\/li>\n<\/ul>\n<\/td>\n<\/tr>\n<p>Des structures colossales vieilles de 117 millions d\u2019ann\u00e9es ont \u00e9t\u00e9 d\u00e9couvertes sous l\u2019oc\u00e9an Atlantique, r\u00e9v\u00e9lant des aspects m\u00e9connus de l\u2019histoire g\u00e9ologique de notre plan\u00e8te. Cette d\u00e9couverte fascinante pourrait bien nous amener \u00e0 reconsid\u00e9rer notre compr\u00e9hension de la formation des continents et des oc\u00e9ans. Gr\u00e2ce \u00e0 des recherches r\u00e9centes, les scientifiques ont pu mettre en lumi\u00e8re des processus g\u00e9ologiques qui pourraient avoir jou\u00e9 un r\u00f4le crucial dans la s\u00e9paration des continents sud-am\u00e9ricain et africain, ainsi que dans la formation de l\u2019oc\u00e9an Atlantique tel que nous le connaissons aujourd\u2019hui.<\/p>\n<p>Les vagues de boue sous l\u2019Atlantique<\/p>\n<p>Des g\u00e9ologues de l\u2019Universit\u00e9 Heriot-Watt, en collaboration avec d\u2019autres institutions, ont \u00e9tudi\u00e9 des carottes de s\u00e9diments pr\u00e9lev\u00e9es il y a plus de 45 ans au large des c\u00f4tes de l\u2019Afrique de l\u2019Ouest, \u00e0 environ 400 kilom\u00e8tres \u00e0 l\u2019ouest de la Guin\u00e9e-Bissau. Ces carottes, issues du projet de forage en haute mer de 1975, contiennent des preuves surprenantes de l\u2019existence de vagues de boue form\u00e9es \u00e0 un moment critique de la formation de l\u2019Atlantique. Ces vagues ne sont pas de simples curiosit\u00e9s g\u00e9ologiques ; elles fournissent des informations pr\u00e9cieuses sur les processus qui ont conduit au rift entre l\u2019Am\u00e9rique du Sud et l\u2019Afrique.<\/p>\n<blockquote>\n<p>\u00ab Imaginez des vagues d\u2019un kilom\u00e8tre de long, hautes de quelques centaines de m\u00e8tres : un champ entier form\u00e9 en un endroit pr\u00e9cis \u00e0 l\u2019ouest du plateau de Guin\u00e9e, juste au point de s\u00e9paration final des continents sud-am\u00e9ricain et africain \u00bb, a d\u00e9clar\u00e9 Uisdean Nicholson, g\u00e9ologue principal du projet.<\/p>\n<p>https:\/\/www.enviro2b.com\/2025\/09\/07\/jai-bu-de-leau-vieille-de-2-milliards-dannees-cette-geologue-canadienne-qui-revele-des-secrets-sur-la-vie-primitive\/<\/p>\n<\/blockquote>\n<p>Ces vagues r\u00e9sultent d\u2019un m\u00e9lange massif d\u2019eau tr\u00e8s sal\u00e9e de l\u2019Atlantique Sud avec l\u2019eau moins sal\u00e9e de l\u2019Atlantique Nord. Ce m\u00e9lange intense a cr\u00e9\u00e9 de puissants courants qui ont conduit \u00e0 la formation des gigantesques vagues de boue d\u00e9sormais enfouies sous le plancher oc\u00e9anique.<\/p>\n<p>Le r\u00f4le des mouvements tectoniques et du rift oc\u00e9anique<\/p>\n<p>L\u2019ouverture de l\u2019oc\u00e9an Atlantique n\u2019a pas \u00e9t\u00e9 un \u00e9v\u00e9nement soudain mais un processus prolong\u00e9 marqu\u00e9 par le rifting tectonique. \u00c0 mesure que l\u2019Am\u00e9rique du Sud et l\u2019Afrique s\u2019\u00e9loignaient l\u2019une de l\u2019autre, l\u2019\u00e9cart entre les deux continents s\u2019est \u00e9largi, se remplissant d\u2019eau qui a finalement form\u00e9 l\u2019Atlantique. Les vagues de boue auraient \u00e9t\u00e9 cr\u00e9\u00e9es dans les derni\u00e8res \u00e9tapes de cette s\u00e9paration, lorsque la connexion entre les deux continents \u00e9tait \u00e0 son point le plus t\u00e9nu.<\/p>\n<blockquote class=\"wp-embedded-content\" data-secret=\"EPhEVGp3Z8\">\n<p><a href=\"https:\/\/www.enviro2b.com\/2025\/09\/22\/un-ocean-entier-sous-vos-pieds-cette-eau-cachee-a-700-km-de-profondeur-contient-trois-fois-les-oceans-terrestres-et-bouleverse-la-geologie-mondiale\/\" rel=\"nofollow noopener\" target=\"_blank\">\u00ab Un oc\u00e9an entier sous vos pieds \u00bb : cette eau cach\u00e9e \u00e0 700 km de profondeur contient trois fois les oc\u00e9ans terrestres et bouleverse la g\u00e9ologie mondiale<\/a><\/p>\n<\/blockquote>\n<p>Avant que l\u2019Atlantique ne s\u2019ouvre compl\u00e8tement, la zone entre les continents \u00e9tait compos\u00e9e de bassins profonds, probablement semblables \u00e0 des lacs. Ces bassins \u00e9taient riches en d\u00e9p\u00f4ts de sel de l\u2019Atlantique Sud, ce qui cr\u00e9ait de l\u2019eau tr\u00e8s sal\u00e9e. Pendant ce temps, les eaux de l\u2019Atlantique Nord \u00e9taient moins sal\u00e9es, conduisant \u00e0 des courants intenses lorsque les deux masses d\u2019eau se sont m\u00e9lang\u00e9es.<\/p>\n<p>L\u2019impact climatique de la formation de l\u2019Atlantique<\/p>\n<p>L\u2019\u00e9tude sugg\u00e8re que l\u2019ouverture de l\u2019oc\u00e9an Atlantique n\u2019\u00e9tait pas seulement un \u00e9v\u00e9nement g\u00e9ologique, mais qu\u2019elle a \u00e9galement eu d\u2019importantes r\u00e9percussions climatiques mondiales. Les bassins s\u00e9parant l\u2019Afrique et l\u2019Am\u00e9rique du Sud \u00e9taient riches en carbone. Lorsque l\u2019Atlantique a commenc\u00e9 \u00e0 se former, l\u2019efficacit\u00e9 de la s\u00e9questration du carbone a diminu\u00e9, entra\u00eenant une p\u00e9riode de r\u00e9chauffement global entre 117 et 110 millions d\u2019ann\u00e9es. Ce r\u00e9chauffement a probablement \u00e9t\u00e9 provoqu\u00e9 par la lib\u00e9ration de carbone dans l\u2019atmosph\u00e8re alors que la cr\u00e9ation de l\u2019Atlantique perturbait des puits de carbone auparavant stables.<\/p>\n<blockquote class=\"wp-embedded-content\" data-secret=\"prXlM33x8B\">\n<p><a href=\"https:\/\/www.enviro2b.com\/2025\/09\/25\/ces-diamants-cachent-des-metaux-impossibles-la-decouverte-souterraine-qui-bouleverse-la-geologie-mondiale-et-revele-nos-volcans-secrets\/\" rel=\"nofollow noopener\" target=\"_blank\">\u00ab Ces diamants cachent des m\u00e9taux impossibles \u00bb : la d\u00e9couverte souterraine qui bouleverse la g\u00e9ologie mondiale et r\u00e9v\u00e8le nos volcans secrets<\/a><\/p>\n<\/blockquote>\n<p>\u00ab Cela montre que le passage a jou\u00e9 un r\u00f4le vraiment important dans le changement climatique mondial \u00bb, a d\u00e9clar\u00e9 D\u00e9bora Duarte, g\u00e9ologue participant \u00e0 l\u2019\u00e9tude. L\u2019augmentation des \u00e9missions de carbone \u00e0 cette \u00e9poque pourrait avoir jou\u00e9 un r\u00f4le cl\u00e9 dans l\u2019initiation d\u2019un changement du climat terrestre, conduisant aux conditions globales que nous reconnaissons aujourd\u2019hui.<\/p>\n<p>\u00c9vidence des s\u00e9diments et g\u00e9ologique<\/p>\n<p>Les vagues de boue ont \u00e9t\u00e9 enfouies sous des couches de s\u00e9diments pendant des millions d\u2019ann\u00e9es, les pr\u00e9servant sous le plancher oc\u00e9anique. Ces vagues t\u00e9moignent des forces g\u00e9ologiques dramatiques \u00e0 l\u2019\u0153uvre lors de la naissance de l\u2019Atlantique. Les carottes de s\u00e9diments pr\u00e9lev\u00e9es dans cette r\u00e9gion r\u00e9v\u00e8lent un paysage autrefois turbulent, fa\u00e7onn\u00e9 par les forces violentes des plaques tectoniques en mouvement. Avec le temps, les vagues ont \u00e9t\u00e9 recouvertes de s\u00e9diments, les cachant profond\u00e9ment dans la cro\u00fbte oc\u00e9anique.<\/p>\n<p>La d\u00e9couverte de ces vagues de boue est un \u00e9l\u00e9ment crucial pour comprendre l\u2019histoire g\u00e9ologique de la Terre. Elle remet en question les hypoth\u00e8ses ant\u00e9rieures sur le moment o\u00f9 l\u2019oc\u00e9an Atlantique a v\u00e9ritablement commenc\u00e9 \u00e0 se former et offre une image plus claire des processus physiques impliqu\u00e9s.<\/p>\n<p>En \u00e9tudiant ces structures anciennes, les scientifiques esp\u00e8rent mieux comprendre les forces qui ont fa\u00e7onn\u00e9 notre plan\u00e8te. Ces d\u00e9couvertes soul\u00e8vent de nouvelles questions sur l\u2019impact des ph\u00e9nom\u00e8nes g\u00e9ologiques sur le climat mondial. Comment ces processus anciens continuent-ils d\u2019influencer notre environnement actuel ?<\/p>\n<p>Cet article s\u2019appuie sur des sources v\u00e9rifi\u00e9es et l\u2019assistance de technologies \u00e9ditoriales.<\/p>\n<p id=\"rating\">\u00c7a vous a plu ?\u00a04.6\/5 (25)<\/p>\n","protected":false},"excerpt":{"rendered":"EN BREF \ud83c\udf0a Des structures colossales d\u00e9couvertes sous l\u2019Atlantique r\u00e9v\u00e8lent des secrets g\u00e9ologiques. \ud83d\uddfa\ufe0f La s\u00e9paration de l\u2019Am\u00e9rique&hellip;\n","protected":false},"author":2,"featured_media":452220,"comment_status":"","ping_status":"","sticky":false,"template":"","format":"standard","meta":{"footnotes":""},"categories":[7],"tags":[1011,27,43,40,41,39,42,44],"class_list":{"0":"post-452219","1":"post","2":"type-post","3":"status-publish","4":"format-standard","5":"has-post-thumbnail","7":"category-sciences-et-technologies","8":"tag-fr","9":"tag-france","10":"tag-science","11":"tag-science-and-technology","12":"tag-sciences","13":"tag-sciences-et-technologies","14":"tag-technologies","15":"tag-technology"},"share_on_mastodon":{"url":"https:\/\/pubeurope.com\/@fr\/115349269008432886","error":""},"_links":{"self":[{"href":"https:\/\/www.europesays.com\/fr\/wp-json\/wp\/v2\/posts\/452219","targetHints":{"allow":["GET"]}}],"collection":[{"href":"https:\/\/www.europesays.com\/fr\/wp-json\/wp\/v2\/posts"}],"about":[{"href":"https:\/\/www.europesays.com\/fr\/wp-json\/wp\/v2\/types\/post"}],"author":[{"embeddable":true,"href":"https:\/\/www.europesays.com\/fr\/wp-json\/wp\/v2\/users\/2"}],"replies":[{"embeddable":true,"href":"https:\/\/www.europesays.com\/fr\/wp-json\/wp\/v2\/comments?post=452219"}],"version-history":[{"count":0,"href":"https:\/\/www.europesays.com\/fr\/wp-json\/wp\/v2\/posts\/452219\/revisions"}],"wp:featuredmedia":[{"embeddable":true,"href":"https:\/\/www.europesays.com\/fr\/wp-json\/wp\/v2\/media\/452220"}],"wp:attachment":[{"href":"https:\/\/www.europesays.com\/fr\/wp-json\/wp\/v2\/media?parent=452219"}],"wp:term":[{"taxonomy":"category","embeddable":true,"href":"https:\/\/www.europesays.com\/fr\/wp-json\/wp\/v2\/categories?post=452219"},{"taxonomy":"post_tag","embeddable":true,"href":"https:\/\/www.europesays.com\/fr\/wp-json\/wp\/v2\/tags?post=452219"}],"curies":[{"name":"wp","href":"https:\/\/api.w.org\/{rel}","templated":true}]}}