{"id":452226,"date":"2025-10-10T09:57:11","date_gmt":"2025-10-10T09:57:11","guid":{"rendered":"https:\/\/www.europesays.com\/fr\/452226\/"},"modified":"2025-10-10T09:57:11","modified_gmt":"2025-10-10T09:57:11","slug":"lalerte-enlevement-declenchee-puis-rapidement-levee-dans-le-var-la-petite-maelle-localisee","status":"publish","type":"post","link":"https:\/\/www.europesays.com\/fr\/452226\/","title":{"rendered":"L\u2019alerte enl\u00e8vement d\u00e9clench\u00e9e puis rapidement lev\u00e9e dans le Var, la petite Ma\u00eblle localis\u00e9e"},"content":{"rendered":"<p>        <img decoding=\"async\" loading=\"lazy\" src=\"https:\/\/www.europesays.com\/fr\/wp-content\/uploads\/2025\/10\/1e16edb_1729578189356-000-par7288985.jpg\"  width=\"728\" height=\"410\" alt=\"Une alerte enl\u00e8vement a \u00e9t\u00e9 d\u00e9clench\u00e9e puis rapidement lev\u00e9e dans le Var pour retrouver une fillette de 4\u00a0ans (photo d\u2019illustration).\"\/>  <\/p>\n<p>THOMAS COEX \/ AFP<\/p>\n<p>Une alerte enl\u00e8vement a \u00e9t\u00e9 d\u00e9clench\u00e9e puis rapidement lev\u00e9e dans le Var pour retrouver une fillette de 4\u00a0ans (photo d\u2019illustration).<\/p>\n<p class=\"asset asset-text\">ENL\u00c8VEMENT &#8211; Le dispositif alerte enl\u00e8vement a \u00e9t\u00e9 d\u00e9clench\u00e9 puis rapidement lev\u00e9 dans le <a href=\"https:\/\/www.huffingtonpost.fr\/life\/article\/dans-les-bouches-du-rhone-et-le-var-la-rentree-decalee-mets-les-enfants-en-joie-et-les-parents-en-stress_254236.html\" rel=\"nofollow noopener\" target=\"_blank\">Var<\/a>, ce vendredi 10\u00a0octobre, pour retrouver une fillette de 4\u00a0ans pr\u00e9nomm\u00e9e Ma\u00eblle. Elle aurait finalement \u00e9t\u00e9 localis\u00e9e avec son p\u00e8re, a annonc\u00e9 le procureur de la R\u00e9publique de Toulon Rapha\u00ebl Balland.<\/p>\n<p class=\"asset asset-text\">\u00ab\u00a0Le d\u00e9clenchement de l\u2019alerte a \u00e9t\u00e9 suspendu \u00e0 ma demande \u00e0 l\u2019instant. Les enqu\u00eateurs viennent d\u2019obtenir des \u00e9l\u00e9ments nouveaux qui permettraient de localiser le p\u00e8re et l\u2019enfant, laquelle serait en bonne sant\u00e9\u00a0\u00bb, a indiqu\u00e9 le procureur.<\/p>\n<p class=\"asset asset-text\">Quelques minutes plus t\u00f4t, il avait annonc\u00e9 \u00e0 la presse que la fillette \u00ab\u00a0aurait \u00e9t\u00e9 enlev\u00e9e par son p\u00e8re dans des circonstances tr\u00e8s inqui\u00e9tantes\u00a0\u00bb.<\/p>\n<p class=\"asset asset-text\">Le dispositif <a href=\"https:\/\/www.huffingtonpost.fr\/france\/article\/alerte-enlevement-declenchee-dans-l-orne-pour-une-adolescente-un-suspect-de-34-ans-recherche_255254.html\" rel=\"nofollow noopener\" target=\"_blank\">avait d\u00e9j\u00e0 \u00e9t\u00e9 d\u00e9clench\u00e9<\/a> mardi soir pour localiser Khuslen, une fillette de 3\u00a0ans enlev\u00e9e dans l\u2019Orne, <a href=\"https:\/\/www.huffingtonpost.fr\/france\/article\/le-dispositif-alerte-enlevement-declenche-dans-l-orne-pour-une-fillette-de-3-ans_255727.html\" rel=\"nofollow noopener\" target=\"_blank\">finalement retrouv\u00e9e saine et sauve<\/a>. Son p\u00e8re, soup\u00e7onn\u00e9 de l\u2019avoir enlev\u00e9e, a \u00e9t\u00e9 plac\u00e9 en garde \u00e0 vue pour \u00ab\u00a0enl\u00e8vement et s\u00e9questration ou d\u00e9tention arbitraire de mineure de 15\u00a0ans\u00a0\u00bb. Deux autres personnes ont \u00e9t\u00e9 plac\u00e9es en garde \u00e0 vue dans cette affaire.<\/p>\n<p class=\"asset asset-text\">L\u2019alerte enl\u00e8vement a \u00e9t\u00e9 d\u00e9clench\u00e9e en France \u00e0 plus d\u2019une trentaine de reprises depuis sa cr\u00e9ation en f\u00e9vrier 2006.<\/p>\n","protected":false},"excerpt":{"rendered":"THOMAS COEX \/ AFP Une alerte enl\u00e8vement a \u00e9t\u00e9 d\u00e9clench\u00e9e puis rapidement lev\u00e9e dans le Var pour retrouver&hellip;\n","protected":false},"author":2,"featured_media":452227,"comment_status":"","ping_status":"","sticky":false,"template":"","format":"standard","meta":{"footnotes":""},"categories":[4],"tags":[11,54683,2716,118,1011,27,12,25],"class_list":{"0":"post-452226","1":"post","2":"type-post","3":"status-publish","4":"format-standard","5":"has-post-thumbnail","7":"category-france","8":"tag-actualites","9":"tag-alerte-enlevement","10":"tag-enlevement","11":"tag-faits-divers","12":"tag-fr","13":"tag-france","14":"tag-news","15":"tag-republique-francaise"},"share_on_mastodon":{"url":"https:\/\/pubeurope.com\/@fr\/115349281291176378","error":""},"_links":{"self":[{"href":"https:\/\/www.europesays.com\/fr\/wp-json\/wp\/v2\/posts\/452226","targetHints":{"allow":["GET"]}}],"collection":[{"href":"https:\/\/www.europesays.com\/fr\/wp-json\/wp\/v2\/posts"}],"about":[{"href":"https:\/\/www.europesays.com\/fr\/wp-json\/wp\/v2\/types\/post"}],"author":[{"embeddable":true,"href":"https:\/\/www.europesays.com\/fr\/wp-json\/wp\/v2\/users\/2"}],"replies":[{"embeddable":true,"href":"https:\/\/www.europesays.com\/fr\/wp-json\/wp\/v2\/comments?post=452226"}],"version-history":[{"count":0,"href":"https:\/\/www.europesays.com\/fr\/wp-json\/wp\/v2\/posts\/452226\/revisions"}],"wp:featuredmedia":[{"embeddable":true,"href":"https:\/\/www.europesays.com\/fr\/wp-json\/wp\/v2\/media\/452227"}],"wp:attachment":[{"href":"https:\/\/www.europesays.com\/fr\/wp-json\/wp\/v2\/media?parent=452226"}],"wp:term":[{"taxonomy":"category","embeddable":true,"href":"https:\/\/www.europesays.com\/fr\/wp-json\/wp\/v2\/categories?post=452226"},{"taxonomy":"post_tag","embeddable":true,"href":"https:\/\/www.europesays.com\/fr\/wp-json\/wp\/v2\/tags?post=452226"}],"curies":[{"name":"wp","href":"https:\/\/api.w.org\/{rel}","templated":true}]}}