{"id":452231,"date":"2025-10-10T10:00:18","date_gmt":"2025-10-10T10:00:18","guid":{"rendered":"https:\/\/www.europesays.com\/fr\/452231\/"},"modified":"2025-10-10T10:00:18","modified_gmt":"2025-10-10T10:00:18","slug":"accident-sur-la72-un-homme-de-26-ans-desincarcere-la-circulation-a-repris","status":"publish","type":"post","link":"https:\/\/www.europesays.com\/fr\/452231\/","title":{"rendered":"Accident sur l&rsquo;A72 : un homme de 26 ans d\u00e9sincarc\u00e9r\u00e9, la circulation a repris"},"content":{"rendered":"<p>Une voiture a percut\u00e9 une camionnette, ce vendredi 10 octobre, \u00e0 hauteur de Nervieux, sur l&rsquo;A72, dans le sens Clermont-Ferrand \/ Saint-\u00c9tienne. Interrompue pour l&rsquo;intervention de l&rsquo;h\u00e9licopt\u00e8re des secours, la circulation a repris dans le secteur.<\/p>\n<p>L&rsquo;accident s&rsquo;est produit peu avant 8h15, ce vendredi, sur l&rsquo;<b>A72<\/b>, \u00e0 hauteur de <b>Nervieux<\/b>, dans le Forez.<\/p>\n<p>Selon les premiers \u00e9l\u00e9ments, une voiture a percut\u00e9 une camionnette avant de finir sa course sur le toit.<\/p>\n<p>L&rsquo;h\u00e9licopt\u00e8re du SMUR intervient, le trafic interrompu<\/p>\n<p>Le conducteur de la voiture, \u00e2g\u00e9 de 26 ans, a d\u00fb \u00eatre <b>d\u00e9sincarc\u00e9r\u00e9<\/b>. Gravement bless\u00e9, son pronostic vital n&rsquo;est pas engag\u00e9. Il a d\u00fb \u00eatre \u00e9vacu\u00e9 vers l&rsquo;h\u00f4pital Nord de Saint-\u00c9tienne par <b>h\u00e9licopt\u00e8re<\/b>.\u00a0<\/p>\n<p>Une intervention qui a contraint les autorit\u00e9s \u00e0 <b>interrompre compl\u00e8tement la circulation<\/b> en direction de Saint-\u00c9tienne. Elle a ensuite repris sur une voie, le temps d&rsquo;\u00e9vacuer les v\u00e9hicules et de nettoyer la chauss\u00e9e.<\/p>\n<p>Par ailleurs, parmi les trois personnes qui se trouvaient dans la camionnette, un homme de 60 ans a \u00e9t\u00e9 l\u00e9g\u00e8rement touch\u00e9 et pris en charge \u00e0 l&rsquo;h\u00f4pital de Montbrison.<\/p>\n<p><img loading=\"lazy\" decoding=\"async\" src=\"https:\/\/www.europesays.com\/fr\/wp-content\/uploads\/2025\/10\/1760090418_126_img\" width=\"350\" height=\"200\" border=\"0\" title=\"Gravement bless\u00c3\u00a9 par un taureau, un homme de 66 ans a \u00c3\u00a9t\u00c3\u00a9 h\u00c3\u00a9liport\u00c3\u00a9 \u00c3\u00a0 l'h\u00c3\u00b4pital\"\/><\/p>\n<p>\u25baFaits divers<\/p>\n<p style=\"font-size: 22px;\"><b>Haute-Loire : charg\u00e9 par un taureau, un homme gravement bless\u00e9 et \u00e9vacu\u00e9 en urgence<\/b><\/p>\n<p>Mercredi 8 octobre, un homme de 66 ans a \u00e9t\u00e9 gravement&#8230;<\/p>\n<p><\/p>\n","protected":false},"excerpt":{"rendered":"Une voiture a percut\u00e9 une camionnette, ce vendredi 10 octobre, \u00e0 hauteur de Nervieux, sur l&rsquo;A72, dans le&hellip;\n","protected":false},"author":2,"featured_media":452232,"comment_status":"","ping_status":"","sticky":false,"template":"","format":"standard","meta":{"footnotes":""},"categories":[9653],"tags":[15290,119,1111,11,2430,1777,674,1011,27,3367,36771,12,25,4001,57794],"class_list":{"0":"post-452231","1":"post","2":"type-post","3":"status-publish","4":"format-standard","5":"has-post-thumbnail","7":"category-saint-etienne","8":"tag-a72","9":"tag-accident","10":"tag-actu","11":"tag-actualites","12":"tag-auvergne-rhone-alpes","13":"tag-eu","14":"tag-europe","15":"tag-fr","16":"tag-france","17":"tag-loire","18":"tag-nervieux","19":"tag-news","20":"tag-republique-francaise","21":"tag-saint-etienne","22":"tag-sainte-foy-saint-sulpice"},"share_on_mastodon":{"url":"https:\/\/pubeurope.com\/@fr\/115349293271206720","error":""},"_links":{"self":[{"href":"https:\/\/www.europesays.com\/fr\/wp-json\/wp\/v2\/posts\/452231","targetHints":{"allow":["GET"]}}],"collection":[{"href":"https:\/\/www.europesays.com\/fr\/wp-json\/wp\/v2\/posts"}],"about":[{"href":"https:\/\/www.europesays.com\/fr\/wp-json\/wp\/v2\/types\/post"}],"author":[{"embeddable":true,"href":"https:\/\/www.europesays.com\/fr\/wp-json\/wp\/v2\/users\/2"}],"replies":[{"embeddable":true,"href":"https:\/\/www.europesays.com\/fr\/wp-json\/wp\/v2\/comments?post=452231"}],"version-history":[{"count":0,"href":"https:\/\/www.europesays.com\/fr\/wp-json\/wp\/v2\/posts\/452231\/revisions"}],"wp:featuredmedia":[{"embeddable":true,"href":"https:\/\/www.europesays.com\/fr\/wp-json\/wp\/v2\/media\/452232"}],"wp:attachment":[{"href":"https:\/\/www.europesays.com\/fr\/wp-json\/wp\/v2\/media?parent=452231"}],"wp:term":[{"taxonomy":"category","embeddable":true,"href":"https:\/\/www.europesays.com\/fr\/wp-json\/wp\/v2\/categories?post=452231"},{"taxonomy":"post_tag","embeddable":true,"href":"https:\/\/www.europesays.com\/fr\/wp-json\/wp\/v2\/tags?post=452231"}],"curies":[{"name":"wp","href":"https:\/\/api.w.org\/{rel}","templated":true}]}}