{"id":452238,"date":"2025-10-10T10:04:16","date_gmt":"2025-10-10T10:04:16","guid":{"rendered":"https:\/\/www.europesays.com\/fr\/452238\/"},"modified":"2025-10-10T10:04:16","modified_gmt":"2025-10-10T10:04:16","slug":"le-sous-marin-casabianca-de-retour-a-toulon-transforme-en-musee","status":"publish","type":"post","link":"https:\/\/www.europesays.com\/fr\/452238\/","title":{"rendered":"Le sous-marin Casabianca de retour \u00e0 Toulon, transform\u00e9 en mus\u00e9e"},"content":{"rendered":"<p><img loading=\"lazy\" decoding=\"async\" alt=\"\u00a9 D. R. - Le sous-marin nucl\u00e9aire d'attaque Casabianca est en train d'\u00eatre d\u00e9sarm\u00e9 \u00e0 Cherbourg.\" data-zoom-src=\"https:\/\/www.europesays.com\/fr\/wp-content\/uploads\/2025\/10\/initial-sous-marin-casabianca-musee.jpg\" data-zoomable=\"\" height=\"702\" src=\"https:\/\/www.europesays.com\/fr\/wp-content\/uploads\/2025\/10\/initial-sous-marin-casabianca-musee.jpg\" width=\"1248\"\/>  <\/p>\n<p class=\"article-desc\">\u00a9 D. R. &#8211; Le sous-marin nucl\u00e9aire d&rsquo;attaque Casabianca est en train d&rsquo;\u00eatre d\u00e9sarm\u00e9 \u00e0 Cherbourg. <\/p>\n<p>Le pavillon noir \u00e0 t\u00eate de mort du <strong>sous-marin nucl\u00e9aire d\u2019attaque (SNA) Casabianca<\/strong> flottera-t-il de nouveau dans la rade de Toulon\u00a0? C\u2019est en tout cas le souhait du <strong>d\u00e9put\u00e9 du Var, Yannick Chenevard<\/strong>, qui \u0153uvre \u00e0 son retour sous forme de <strong>mus\u00e9e<\/strong> depuis septembre 2023, et le d\u00e9but du d\u00e9sarmement du \u00ab\u00a0bateau noir\u00a0\u00bb \u00e0 Cherbourg. <\/p>\n<p>\u00ab\u00a0J\u2019avais sollicit\u00e9 le ministre des Arm\u00e9es, S\u00e9bastien Lecornu. Apr\u00e8s avoir consult\u00e9 la Marine et les industriels, il m\u2019a donn\u00e9, par \u00e9crit, un avis favorable\u00a0\u00bb, indique le d\u00e9put\u00e9 qui se trouvait en d\u00e9placement \u00e0 Cherbourg la semaine derni\u00e8re. <\/p>\n<p>Pas de bateau visitable dans le premier port militaire d&rsquo;Europe <\/p>\n<p>Cette envie de ne pas voir dispara\u00eetre le Casabianca est justifi\u00e9e par <strong>l\u2019histoire du sous-marin avec Toulon<\/strong>, <a href=\"https:\/\/mesinfos.fr\/83000-toulon\/des-orphelins-dans-le-sillage-du-sous-marin-casabianca-entre-toulon-et-la-corse-221843.html\" rel=\"noopener\" target=\"_blank\">ou plut\u00f4t de son anc\u00eatre<\/a>, \u00e0 qui il doit son nom. \u00ab\u00a0En 1942, le Casabianca est sorti du sabordage et a continu\u00e9 \u00e0 servir la France durant tout le reste de la Seconde Guerre mondiale, participant notamment \u00e0 la lib\u00e9ration de la Corse\u00a0\u00bb rappelle l\u2019ancien marin. <\/p>\n<p>L\u2019autre raison est plus personnelle\u00a0: <\/p>\n<blockquote>\n<p>\u00ab Habitant et \u00e9tant moi-m\u00eame \u00e9lu du premier port militaire d\u2019Europe, je me suis longtemps demand\u00e9 pourquoi nous n\u2019avions pas de bateau visitable ? C\u2019est le cas \u00e0 Cherbourg, avec un ancien monstre, Le Redoutable, c\u2019est le cas \u00e0 Lorient\u2026\u00a0\u00bb. <\/p>\n<\/blockquote>\n<p>  <img decoding=\"async\" alt=\"\" class=\"img-align-center img-size-limited\" data-zoomable=\"\" height=\"1600\" loading=\"lazy\" src=\"https:\/\/www.europesays.com\/fr\/wp-content\/uploads\/2025\/10\/chenevard-sna-casabianca.jpg\" width=\"1200\"\/> \u00a9 D. R. &#8211; Yannick Chenevard, en d\u00e9placement \u00e0 Cherbourg, devant le SNA Casabianca. <\/p>\n<p>Si le <strong>d\u00e9sarmement qui a commenc\u00e9, pas la d\u00e9construction.<\/strong> Ce qui explique le timing : \u00ab Il fallait \u00eatre s\u00fbr de ne pas y penser une fois qu\u2019il aurait \u00e9t\u00e9 d\u00e9construit, cela aurait \u00e9t\u00e9 un peu tard.\u00a0\u00bb<\/p>\n<p> Le retour du Casabianca \u00e0 Toulon d&rsquo;ici dix ans <\/p>\n<p>Le principe de retour \u00e9tant act\u00e9, c\u2019est \u00ab\u00a0un processus long et complexe\u00a0\u00bb d\u2019une dizaine d\u2019ann\u00e9es qui s\u2019enclenche avant l\u2019ouverture au public. <\/p>\n<blockquote>\n<p>\u00ab\u00a0On ne transforme pas un sous-marin, qui plus est \u00e0 propulsion nucl\u00e9aire, en un sous-marin visitable comme \u00e7a\u00a0! \u00bb, fait remarquer celui qui est \u00e9galement le <a href=\"https:\/\/mesinfos.fr\/83000-toulon\/yannick-chenevard-defense-europeene-en-train-devenir-realite-219825.html\" rel=\"noopener\" target=\"_blank\">rapporteur du budget de la Marine<\/a>. <\/p>\n<\/blockquote>\n<p>Il faut couper, reconfigurer, resouder, pr\u00e9parer l\u2019accueil\u2026 \u00ab\u00a0Il y a plus de pi\u00e8ces dans un SNA que dans la station ISS, c\u2019est d\u2019une complexit\u00e9 incroyable \u00e0 construire mais aussi pour ceux qui servent \u00e0 bord pendant les patrouilles\u00a0\u00bb, illustre-t-il. <\/p>\n<p>Si \u00ab\u00a0le temps de la r\u00e9flexion n\u2019est pas encore initi\u00e9\u00a0\u00bb, les diff\u00e9rents acteurs que sont les industriels, les collectivit\u00e9s, les acteurs de la d\u00e9fense vont travailler ensemble pour transformer ce SNA en mus\u00e9e, ce qui sera une premi\u00e8re. <\/p>\n<p>Quant au lieu d\u2019installation de ce futur mus\u00e9e il n\u2019est pas encore d\u00e9fini. Le d\u00e9put\u00e9 du Var le verrait bien pr\u00e8s de l\u2019endroit o\u00f9 son anc\u00eatre est parti en 1942, pr\u00e8s des <strong>plages du Mourillon<\/strong>.<\/p>\n","protected":false},"excerpt":{"rendered":"\u00a9 D. R. &#8211; Le sous-marin nucl\u00e9aire d&rsquo;attaque Casabianca est en train d&rsquo;\u00eatre d\u00e9sarm\u00e9 \u00e0 Cherbourg. Le pavillon&hellip;\n","protected":false},"author":2,"featured_media":452239,"comment_status":"","ping_status":"","sticky":false,"template":"","format":"standard","meta":{"footnotes":""},"categories":[9619],"tags":[1111,11,1777,674,1011,27,12,882,25,36558,2310],"class_list":{"0":"post-452238","1":"post","2":"type-post","3":"status-publish","4":"format-standard","5":"has-post-thumbnail","7":"category-toulon","8":"tag-actu","9":"tag-actualites","10":"tag-eu","11":"tag-europe","12":"tag-fr","13":"tag-france","14":"tag-news","15":"tag-provence-alpes-cote-dazur","16":"tag-republique-francaise","17":"tag-sous-marin","18":"tag-toulon"},"share_on_mastodon":{"url":"https:\/\/pubeurope.com\/@fr\/115349308840500500","error":""},"_links":{"self":[{"href":"https:\/\/www.europesays.com\/fr\/wp-json\/wp\/v2\/posts\/452238","targetHints":{"allow":["GET"]}}],"collection":[{"href":"https:\/\/www.europesays.com\/fr\/wp-json\/wp\/v2\/posts"}],"about":[{"href":"https:\/\/www.europesays.com\/fr\/wp-json\/wp\/v2\/types\/post"}],"author":[{"embeddable":true,"href":"https:\/\/www.europesays.com\/fr\/wp-json\/wp\/v2\/users\/2"}],"replies":[{"embeddable":true,"href":"https:\/\/www.europesays.com\/fr\/wp-json\/wp\/v2\/comments?post=452238"}],"version-history":[{"count":0,"href":"https:\/\/www.europesays.com\/fr\/wp-json\/wp\/v2\/posts\/452238\/revisions"}],"wp:featuredmedia":[{"embeddable":true,"href":"https:\/\/www.europesays.com\/fr\/wp-json\/wp\/v2\/media\/452239"}],"wp:attachment":[{"href":"https:\/\/www.europesays.com\/fr\/wp-json\/wp\/v2\/media?parent=452238"}],"wp:term":[{"taxonomy":"category","embeddable":true,"href":"https:\/\/www.europesays.com\/fr\/wp-json\/wp\/v2\/categories?post=452238"},{"taxonomy":"post_tag","embeddable":true,"href":"https:\/\/www.europesays.com\/fr\/wp-json\/wp\/v2\/tags?post=452238"}],"curies":[{"name":"wp","href":"https:\/\/api.w.org\/{rel}","templated":true}]}}