{"id":452246,"date":"2025-10-10T10:08:14","date_gmt":"2025-10-10T10:08:14","guid":{"rendered":"https:\/\/www.europesays.com\/fr\/452246\/"},"modified":"2025-10-10T10:08:14","modified_gmt":"2025-10-10T10:08:14","slug":"rouen-un-pit-bull-attaque-son-petit-chien-et-le-tue-une-enquete-en-cours","status":"publish","type":"post","link":"https:\/\/www.europesays.com\/fr\/452246\/","title":{"rendered":"Rouen. Un pit bull attaque son petit chien et le tue : une enqu\u00eate en cours"},"content":{"rendered":"<p>            Par<br \/>\n        <strong><br \/>\n            <a href=\"https:\/\/actu.fr\/auteur\/adrien-filoche\" title=\"Consulter tous les articles de Adrien Filoche\" target=\"_blank\" rel=\"noopener\">Adrien Filoche<\/a><br \/>\n        <\/strong><\/p>\n<p>        Publi\u00e9 le<\/p>\n<p>            10 oct. 2025 \u00e0 11h42        <\/p>\n<p><strong>Une sc\u00e8ne tr\u00e8s violente.<\/strong> Ce jeudi 9\u00a0octobre 2025, vers 15\u00a0heures, un chien de race Cavalier King Charles a \u00e9t\u00e9 <strong>violemment attaqu\u00e9<\/strong> par un autre chien de type American Staff \u00e0 <a href=\"https:\/\/actu.fr\/normandie\/rouen_76540\" target=\"_blank\" rel=\"noopener\">Rouen (Seine-Maritime)<\/a>, comme le relate une source polici\u00e8re, confirmant une information de nos confr\u00e8res <a href=\"https:\/\/www.francebleu.fr\/infos\/faits-divers-justice\/il-le-tenait-comme-une-peluche-un-chien-tue-par-un-pitbull-en-centre-ville-de-rouen-1656390\" target=\"_blank\" rel=\"noopener\">d\u2019Ici Normandie.<\/a> L\u2019animal\u00a0attaqu\u00e9 est finalement mort de ses blessures.<\/p>\n<p>Le propri\u00e9taire du Staff est recherch\u00e9<\/p>\n<p class=\" wall-content\">L\u2019agression se produit lorsque la propri\u00e9taire du Cavalier King Charles, une femme de 59\u00a0ans, sort d\u2019un magasin aux abords du palais de justice de Rouen. Choqu\u00e9e par la sc\u00e8ne, <strong>elle alerte la police<\/strong>.<\/p>\n<p class=\" wall-content\">Elle raconte aux forces de l\u2019ordre que son chien \u00e9tait tenu en laisse. Un autre chien de type Staff s\u2019est alors jet\u00e9 sur lui, et ce dernier n\u2019\u00e9tait <strong>ni musel\u00e9, ni tenu en laisse<\/strong>. Toujours selon ses propos, le propri\u00e9taire du chien qui a lanc\u00e9 l\u2019attaque n\u2019aurait pas tent\u00e9 de le retenir.<\/p>\n<p class=\" wall-content\">Gri\u00e8vement bless\u00e9, le petit Cavalier King Charles est transport\u00e9 aux urgences v\u00e9t\u00e9rinaires. <strong>Il est d\u00e9clar\u00e9 mort <\/strong>apr\u00e8s une perforation des poumons.<\/p>\n<p class=\" wall-content\"><strong>Une enqu\u00eate est en cour<\/strong>s, tandis que <strong>le propri\u00e9taire du Staff est toujours recherch\u00e9<\/strong> par la police. Selon notre source polici\u00e8re, la propri\u00e9taire du Cavalier King Charles n\u2019a pour l\u2019heure pas d\u00e9pos\u00e9 plainte.<\/p>\n<p>Suivez l\u2019actualit\u00e9 de Rouen sur <a href=\"https:\/\/www.whatsapp.com\/channel\/0029VaKfnf99hXF2ddApFB1D\" target=\"_blank\" rel=\"noopener\">notre cha\u00eene WhatsApp<\/a> et sur <a href=\"https:\/\/www.tiktok.com\/@76actu.fr?lang=fr\" target=\"_blank\" rel=\"noopener\">notre compte TikTok<\/a><\/p>\n<p class=\" wall-content\">Personnalisez votre actualit\u00e9 en ajoutant vos villes et m\u00e9dias en favori avec <a href=\"https:\/\/moncompte.actu.fr\" title=\"D\u00e9couvez Mon Actu\" rel=\"nofollow noopener\" data-trk=\"{&quot;cta&quot;:{&quot;action&quot;:&quot;https:\\\/\\\/moncompte.actu.fr&quot;,&quot;category&quot;:&quot;mon compte&quot;,&quot;from&quot;:&quot;article footer&quot;,&quot;name&quot;:&quot;Mon actu&quot;,&quot;type&quot;:&quot;cta&quot;}}\" target=\"_blank\">Mon Actu<\/a>.<\/p>\n<p>                    <script async src=\"\/\/www.tiktok.com\/embed.js\"><\/script><\/p>\n","protected":false},"excerpt":{"rendered":"Par Adrien Filoche Publi\u00e9 le 10 oct. 2025 \u00e0 11h42 Une sc\u00e8ne tr\u00e8s violente. Ce jeudi 9\u00a0octobre 2025,&hellip;\n","protected":false},"author":2,"featured_media":452247,"comment_status":"","ping_status":"","sticky":false,"template":"","format":"standard","meta":{"footnotes":""},"categories":[9587],"tags":[1111,11,1867,4850,1777,674,118,1011,27,12,5161,1072,25,9590],"class_list":{"0":"post-452246","1":"post","2":"type-post","3":"status-publish","4":"format-standard","5":"has-post-thumbnail","7":"category-rouen","8":"tag-actu","9":"tag-actualites","10":"tag-animaux","11":"tag-chien","12":"tag-eu","13":"tag-europe","14":"tag-faits-divers","15":"tag-fr","16":"tag-france","17":"tag-news","18":"tag-normandie","19":"tag-police","20":"tag-republique-francaise","21":"tag-rouen"},"share_on_mastodon":{"url":"https:\/\/pubeurope.com\/@fr\/115349323968719919","error":""},"_links":{"self":[{"href":"https:\/\/www.europesays.com\/fr\/wp-json\/wp\/v2\/posts\/452246","targetHints":{"allow":["GET"]}}],"collection":[{"href":"https:\/\/www.europesays.com\/fr\/wp-json\/wp\/v2\/posts"}],"about":[{"href":"https:\/\/www.europesays.com\/fr\/wp-json\/wp\/v2\/types\/post"}],"author":[{"embeddable":true,"href":"https:\/\/www.europesays.com\/fr\/wp-json\/wp\/v2\/users\/2"}],"replies":[{"embeddable":true,"href":"https:\/\/www.europesays.com\/fr\/wp-json\/wp\/v2\/comments?post=452246"}],"version-history":[{"count":0,"href":"https:\/\/www.europesays.com\/fr\/wp-json\/wp\/v2\/posts\/452246\/revisions"}],"wp:featuredmedia":[{"embeddable":true,"href":"https:\/\/www.europesays.com\/fr\/wp-json\/wp\/v2\/media\/452247"}],"wp:attachment":[{"href":"https:\/\/www.europesays.com\/fr\/wp-json\/wp\/v2\/media?parent=452246"}],"wp:term":[{"taxonomy":"category","embeddable":true,"href":"https:\/\/www.europesays.com\/fr\/wp-json\/wp\/v2\/categories?post=452246"},{"taxonomy":"post_tag","embeddable":true,"href":"https:\/\/www.europesays.com\/fr\/wp-json\/wp\/v2\/tags?post=452246"}],"curies":[{"name":"wp","href":"https:\/\/api.w.org\/{rel}","templated":true}]}}