{"id":452248,"date":"2025-10-10T10:11:14","date_gmt":"2025-10-10T10:11:14","guid":{"rendered":"https:\/\/www.europesays.com\/fr\/452248\/"},"modified":"2025-10-10T10:11:14","modified_gmt":"2025-10-10T10:11:14","slug":"des-blocages-illegaux-la-direction-voit-rouge","status":"publish","type":"post","link":"https:\/\/www.europesays.com\/fr\/452248\/","title":{"rendered":"des blocages \u00ab\u00a0ill\u00e9gaux\u00a0\u00bb, la direction voit rouge"},"content":{"rendered":"<p>            Par<br \/>\n        <strong><br \/>\n            <a href=\"https:\/\/actu.fr\/auteur\/lisa-rodrigues\" title=\"Consulter tous les articles de Lisa Rodrigues\" target=\"_blank\" rel=\"noopener\">Lisa Rodrigues<\/a><br \/>\n        <\/strong><\/p>\n<p>        Publi\u00e9 le<\/p>\n<p>            10 oct. 2025 \u00e0 11h25        <\/p>\n<p>Les salari\u00e9s de M\u2019Tag, r\u00e9seau de transports en commun de <a href=\"https:\/\/actu.fr\/auvergne-rhone-alpes\/grenoble_38185\" target=\"_blank\" rel=\"noopener\">Grenoble<\/a>, se sont en grande partie mis <strong>en gr\u00e8ve<\/strong>, jeudi 9 octobre, perturbant fortement le trafic : <a href=\"https:\/\/actu.fr\/auvergne-rhone-alpes\/grenoble_38185\/grenoble-aucun-tram-en-circulation-jeudi-noir-dans-les-transports-a-quoi-s-attendre_63269977.html\" target=\"_blank\" rel=\"noopener\">aucun tram n\u2019a circul\u00e9<\/a> et plusieurs services de bus n\u2019ont pas pu \u00eatre assur\u00e9s. Une mobilisation salu\u00e9e par l\u2019intersyndicale qui a appel\u00e9 \u00e0 la gr\u00e8ve.<\/p>\n<p class=\" wall-content\">Des rassemblements matinaux \u00e9taient pr\u00e9vus dans les trois d\u00e9p\u00f4ts de M\u2019Tag par les gr\u00e9vistes pour manifester leur m\u00e9contentement. Or, un groupe de personnes non identifi\u00e9es se serait greff\u00e9 au mouvement sur l\u2019un des sites, perturbant le d\u00e9roul\u00e9 de la journ\u00e9e.<\/p>\n<p>\u00ab\u00a0Des personnes ext\u00e9rieures \u00e0 l\u2019entreprise et masqu\u00e9es\u00a0\u00bb<\/p>\n<p class=\" wall-content\">Selon la direction de M\u2019Tag, ce groupe a bloqu\u00e9 le d\u00e9p\u00f4t de <a href=\"https:\/\/actu.fr\/auvergne-rhone-alpes\/sassenage_38474\" target=\"_blank\" rel=\"noopener\">Sassenage<\/a> d\u00e8s jeudi matin, une action qui a \u00ab\u00a0emp\u00each\u00e9 la r\u00e9alisation du service public pr\u00e9vu et les salari\u00e9s non-gr\u00e9vistes de travailler\u00a0\u00bb.<\/p>\n<p>    <a href=\"https:\/\/www.google.com\/maps\/embed?pb=!1m18!1m12!1m3!1d3342.787236195567!2d5.677594569985645!3d45.20859407970096!2m3!1f0!2f0!3f0!3m2!1i1024!2i768!4f13.1!3m3!1m2!1s0x478af3b0e42f7da1%3A0xce005902958f96e6!2sSPL%20M%20TAG%20-%20site%20de%20Sassenage!5e0!3m2!1sfr!2sfr!4v1760085812210!5m2!1sfr!2sfr\" title=\"Ouvrie le lien\" target=\"_blank\" rel=\"noopener\">Cliquez ici pour visualiser le contenu<\/a><\/p>\n<p class=\" wall-content\">Car d\u2019apr\u00e8s le plan de circulation pr\u00e9vu pour la journ\u00e9e de jeudi, <strong>un \u00ab\u00a0service adapt\u00e9\u00a0\u00bb de bus<\/strong> devait circuler de 6 heures \u00e0 20 heures. Mais \u00e0 cause de ce blocage, les v\u00e9hicules n\u2019ont pas \u00e9t\u00e9 en mesure de partir.<\/p>\n<blockquote class=\"ac-article-quote wall-content\">\n<p>Il s\u2019av\u00e8re que leur sortie du d\u00e9p\u00f4t de Sassenage a \u00e9t\u00e9 bloqu\u00e9e jusqu\u2019\u00e0 environ 8h par une vingtaine de personnes ext\u00e9rieures \u00e0 l\u2019entreprise et masqu\u00e9es.<\/p>\n<p>    <strong>Direction de M&rsquo;Tag<\/strong>\n            <\/p><\/blockquote>\n<p>Une plainte contre X d\u00e9pos\u00e9e<\/p>\n<p class=\" wall-content\">Sur des images transmises \u00e0 la r\u00e9daction, des <strong>individus habill\u00e9s de noir et masqu\u00e9s<\/strong> sont bien visibles devant le d\u00e9p\u00f4t, usant de fumig\u00e8nes et de tirs d\u2019artifices, apr\u00e8s avoir barricad\u00e9 l\u2019entr\u00e9e.\u00a0<\/p>\n<p>Votre r\u00e9gion, votre actu !<\/p>\n<p>Recevez chaque jour les infos qui comptent pour vous.<\/p>\n<p>\t<a href=\"https:\/\/actu.fr\/newsletter\" class=\"ac-btn ac-btn--corner ac-btn--medium ac-btn--blue800\" target=\"_blank\" rel=\"noopener\">S&rsquo;incrire<\/a><\/p>\n<p>    <img   decoding=\"async\" loading=\"lazy\" src=\"https:\/\/www.europesays.com\/fr\/wp-content\/uploads\/2025\/10\/greve-mtag-1-960x617.png\" alt=\"Le d\u00e9p\u00f4t M'Tag de Sassenage a \u00e9t\u00e9 bloqu\u00e9 jeudi 9 octobre au matin par un \" width=\"960\" height=\"617\"\/><br \/>\n    Le d\u00e9p\u00f4t M\u2019Tag de Sassenage a \u00e9t\u00e9 bloqu\u00e9 jeudi 9 octobre au matin par un \u00ab\u00a0groupe de personnes ext\u00e9rieures \u00e0 l\u2019entreprise\u00a0\u00bb, selon la direction. Une action qui a perturb\u00e9 un peu plus le trafic. (\u00a9Document remis \u00e0 actu Grenoble)<\/p>\n<p class=\" wall-content\">L\u2019intervention des forces de l\u2019ordre a \u00e9t\u00e9 n\u00e9cessaire pour d\u00e9bloquer le site, selon la direction de M\u2019Tag qui annonce d\u00e9poser plainte contre X contre \u00ab\u00a0ces proc\u00e9d\u00e9s ill\u00e9gaux\u00a0\u00bb.<\/p>\n<p class=\" wall-content\">Personnalisez votre actualit\u00e9 en ajoutant vos villes et m\u00e9dias en favori avec <a href=\"https:\/\/moncompte.actu.fr\" title=\"D\u00e9couvez Mon Actu\" rel=\"nofollow noopener\" data-trk=\"{&quot;cta&quot;:{&quot;action&quot;:&quot;https:\\\/\\\/moncompte.actu.fr&quot;,&quot;category&quot;:&quot;mon compte&quot;,&quot;from&quot;:&quot;article footer&quot;,&quot;name&quot;:&quot;Mon actu&quot;,&quot;type&quot;:&quot;cta&quot;}}\" target=\"_blank\">Mon Actu<\/a>.<\/p>\n","protected":false},"excerpt":{"rendered":"Par Lisa Rodrigues Publi\u00e9 le 10 oct. 2025 \u00e0 11h25 Les salari\u00e9s de M\u2019Tag, r\u00e9seau de transports en&hellip;\n","protected":false},"author":2,"featured_media":452249,"comment_status":"","ping_status":"","sticky":false,"template":"","format":"standard","meta":{"footnotes":""},"categories":[9566],"tags":[1111,11,2430,1777,674,1011,27,2731,303,12,25,104,8194],"class_list":{"0":"post-452248","1":"post","2":"type-post","3":"status-publish","4":"format-standard","5":"has-post-thumbnail","7":"category-grenoble","8":"tag-actu","9":"tag-actualites","10":"tag-auvergne-rhone-alpes","11":"tag-eu","12":"tag-europe","13":"tag-fr","14":"tag-france","15":"tag-grenoble","16":"tag-justice","17":"tag-news","18":"tag-republique-francaise","19":"tag-societe","20":"tag-transport-de-lagglomeration-grenobloise-tag"},"share_on_mastodon":{"url":"https:\/\/pubeurope.com\/@fr\/115349336599888379","error":""},"_links":{"self":[{"href":"https:\/\/www.europesays.com\/fr\/wp-json\/wp\/v2\/posts\/452248","targetHints":{"allow":["GET"]}}],"collection":[{"href":"https:\/\/www.europesays.com\/fr\/wp-json\/wp\/v2\/posts"}],"about":[{"href":"https:\/\/www.europesays.com\/fr\/wp-json\/wp\/v2\/types\/post"}],"author":[{"embeddable":true,"href":"https:\/\/www.europesays.com\/fr\/wp-json\/wp\/v2\/users\/2"}],"replies":[{"embeddable":true,"href":"https:\/\/www.europesays.com\/fr\/wp-json\/wp\/v2\/comments?post=452248"}],"version-history":[{"count":0,"href":"https:\/\/www.europesays.com\/fr\/wp-json\/wp\/v2\/posts\/452248\/revisions"}],"wp:featuredmedia":[{"embeddable":true,"href":"https:\/\/www.europesays.com\/fr\/wp-json\/wp\/v2\/media\/452249"}],"wp:attachment":[{"href":"https:\/\/www.europesays.com\/fr\/wp-json\/wp\/v2\/media?parent=452248"}],"wp:term":[{"taxonomy":"category","embeddable":true,"href":"https:\/\/www.europesays.com\/fr\/wp-json\/wp\/v2\/categories?post=452248"},{"taxonomy":"post_tag","embeddable":true,"href":"https:\/\/www.europesays.com\/fr\/wp-json\/wp\/v2\/tags?post=452248"}],"curies":[{"name":"wp","href":"https:\/\/api.w.org\/{rel}","templated":true}]}}