{"id":452256,"date":"2025-10-10T10:15:14","date_gmt":"2025-10-10T10:15:14","guid":{"rendered":"https:\/\/www.europesays.com\/fr\/452256\/"},"modified":"2025-10-10T10:15:14","modified_gmt":"2025-10-10T10:15:14","slug":"la-famille-revele-que-la-videosurveillance-na-pas-ete-exploitee-le-parquet-ouvre-un-complement-denquete","status":"publish","type":"post","link":"https:\/\/www.europesays.com\/fr\/452256\/","title":{"rendered":"la famille r\u00e9v\u00e8le que la vid\u00e9osurveillance n&rsquo;a pas \u00e9t\u00e9 exploit\u00e9e, le parquet ouvre un compl\u00e9ment d&rsquo;enqu\u00eate"},"content":{"rendered":"<p class=\"article__intro\">Le parquet de Strasbourg a ouvert un compl\u00e9ment d&rsquo;enqu\u00eate concernant la noyade d&rsquo;Enzo Weiss. En avril 2023, le jeune homme de 17 ans avait saut\u00e9 dans l&rsquo;Ill pour \u00e9chapper \u00e0 la BAC. La vid\u00e9osurveillance n&rsquo;avait pas \u00e9t\u00e9 exploit\u00e9e dans l&rsquo;enqu\u00eate initiale.<\/p>\n<p>\n      La Quotidienne Soci\u00e9t\u00e9\n    <\/p>\n<p>\n      De la vie quotidienne aux grands enjeux, recevez tous les jours les sujets qui font la soci\u00e9t\u00e9 locale, comme la justice, l\u2019\u00e9ducation, la sant\u00e9 et la famille.\n    <\/p>\n<p>    France T\u00e9l\u00e9visions utilise votre adresse e-mail afin de vous envoyer la newsletter \u00ab\u00a0La Quotidienne Soci\u00e9t\u00e9\u00a0\u00bb. Vous pouvez vous d\u00e9sinscrire \u00e0 tout moment via le lien en bas de cette newsletter. <a target=\"_blank\" href=\"https:\/\/www.francetelevisions.fr\/groupe\/confidentialite\/politique-de-confidentialite\/politique-de-confidentialite-de-france-televisions-6503\" rel=\"noopener\">Notre politique de confidentialit\u00e9<\/a><\/p>\n<p>Soulagement pour la famille Weiss. Mercredi 8 octobre, plus de deux ans apr\u00e8s la noyade d&rsquo;Enzo, 17 ans, dans l&rsquo;Ill, la procureure de la R\u00e9publique de Strasbourg, Clarisse Taron, a demand\u00e9 l&rsquo;ouverture d&rsquo;un compl\u00e9ment d&rsquo;enqu\u00eate. L&rsquo;information, r\u00e9v\u00e9l\u00e9e par nos confr\u00e8res des DNA, nous a \u00e9t\u00e9 confirm\u00e9e par Me Vincent Brengarth, avocat de la famille.<\/p>\n<p>Les faits remontent <a href=\"https:\/\/france3-regions.franceinfo.fr\/grand-est\/bas-rhin\/strasbourg-0\/disparition-d-un-adolescent-dans-l-ill-a-strasbourg-on-le-cherche-tous-les-jours-raconte-sa-mere-2750842.html\" target=\"_blank\" rel=\"noopener noreferrer nofollow\" data-tooltip-url=\"https:\/\/france3-regions.franceinfo.fr\/grand-est\/bas-rhin\/strasbourg-0\/disparition-d-un-adolescent-dans-l-ill-a-strasbourg-on-le-cherche-tous-les-jours-raconte-sa-mere-2750842.html\">\u00e0 la nuit du 2 avril 2023<\/a>. Pour \u00e9chapper \u00e0 des agents de la Brigade anti-criminalit\u00e9 (BAC) dans le quartier de la Cit\u00e9 de l&rsquo;Ill, Enzo Weiss saute dans la rivi\u00e8re. Son corps n&rsquo;est retrouv\u00e9 que <a href=\"https:\/\/france3-regions.franceinfo.fr\/grand-est\/bas-rhin\/strasbourg-0\/disparition-d-enzo-le-corps-retrouve-dans-l-ill-a-strasbourg-est-celui-de-l-adolescent-2757974.html\" target=\"_blank\" rel=\"noopener noreferrer nofollow\" data-tooltip-url=\"https:\/\/france3-regions.franceinfo.fr\/grand-est\/bas-rhin\/strasbourg-0\/disparition-d-enzo-le-corps-retrouve-dans-l-ill-a-strasbourg-est-celui-de-l-adolescent-2757974.html\">15 jours plus tard<\/a>. D\u00e8s les premi\u00e8res semaines suivant la mort de l&rsquo;adolescent, la famille dit <a href=\"https:\/\/france3-regions.franceinfo.fr\/grand-est\/bas-rhin\/strasbourg-0\/une-marche-blanche-en-hommage-a-enzo-mort-noye-a-strasbourg-on-soutient-la-famille-du-mieux-qu-on-peut-2760838.html\" target=\"_blank\" rel=\"noopener noreferrer nofollow\" data-tooltip-url=\"https:\/\/france3-regions.franceinfo.fr\/grand-est\/bas-rhin\/strasbourg-0\/une-marche-blanche-en-hommage-a-enzo-mort-noye-a-strasbourg-on-soutient-la-famille-du-mieux-qu-on-peut-2760838.html\">\u00ab\u00a0se sentir manipul\u00e9e par la police\u00a0\u00bb<\/a> et d\u00e9cide de porter plainte pour omission de porter secours. La plainte est class\u00e9e sans suite en janvier 2024.<\/p>\n<p>Depuis, la famille n&rsquo;a cess\u00e9 de se mobiliser pour demander des explications. Notamment aupr\u00e8s des autorit\u00e9s. Au d\u00e9but de l&rsquo;\u00e9t\u00e9, Jeanne Barseghian, maire de Strasbourg, confirme aux proches l&rsquo;existence d&rsquo;archives de trois cam\u00e9ras de surveillance dans le quartier o\u00f9 s&rsquo;est produit le drame.<\/p>\n<p>D&rsquo;apr\u00e8s l&rsquo;\u00e9dile, la vid\u00e9osurveillance aurait \u00e9t\u00e9 transmise aux autorit\u00e9s dans le cadre de l&rsquo;enqu\u00eate initiale. Pourtant, la proc\u00e9dure n&rsquo;en fait pas mention.<\/p>\n<p>\u00ab\u00a0Au vu de la gravit\u00e9 des faits, on peut s&rsquo;interroger sur pourquoi [la vid\u00e9osurveillance] ne figure pas dans la proc\u00e9dure. Il ne s&rsquo;agit pas de tirer de conclusions trop h\u00e2tives, mais c&rsquo;est un \u00e9l\u00e9ment troublant\u00a0\u00bb, a d\u00e9clar\u00e9 Me Brengarth, \u00e0 France 3 Alsace. Il a ajout\u00e9 \u00ab\u00a0ne pas fermer l&rsquo;hypoth\u00e8se\u00a0\u00bb d&rsquo;une potentielle bavure polici\u00e8re, au vu des r\u00e9v\u00e9lations de la ville de Strasbourg. \u00ab\u00a0Mais il pourrait aussi s&rsquo;agir d&rsquo;une mauvaise transmission.\u00a0\u00bb<\/p>\n<p>Le conseil de la famille Weiss a demand\u00e9 au parquet une copie des images de surveillance, ou \u00e0 d\u00e9faut, la r\u00e9ouverture de l&rsquo;enqu\u00eate. C&rsquo;est la deuxi\u00e8me option qu&rsquo;a pour l&rsquo;instant choisie la procureure.<\/p>\n<p>\u00ab\u00a0Le parquet a pris ses responsabilit\u00e9s et \u00e7a doit \u00eatre relev\u00e9, a relev\u00e9 Me Brengarth. Dans ce genre de dossier, il faut une mobilisation tr\u00e8s forte [des proches] car il y a une r\u00e9ticence syst\u00e9mique \u00e0 admettre le principe m\u00eame qu&rsquo;il puisse y avoir une faute commise par des fonctionnaires de police ou de gendarmerie.\u00a0\u00bb<\/p>\n<p>Les suites de l&rsquo;ouverture de ce compl\u00e9ment d&rsquo;enqu\u00eate ne seront pas connues avant plusieurs mois.<\/p>\n","protected":false},"excerpt":{"rendered":"Le parquet de Strasbourg a ouvert un compl\u00e9ment d&rsquo;enqu\u00eate concernant la noyade d&rsquo;Enzo Weiss. En avril 2023, le&hellip;\n","protected":false},"author":2,"featured_media":452257,"comment_status":"","ping_status":"","sticky":false,"template":"","format":"standard","meta":{"footnotes":""},"categories":[2820],"tags":[1111,11,1777,674,1011,27,775,12,25,640],"class_list":{"0":"post-452256","1":"post","2":"type-post","3":"status-publish","4":"format-standard","5":"has-post-thumbnail","7":"category-strasbourg","8":"tag-actu","9":"tag-actualites","10":"tag-eu","11":"tag-europe","12":"tag-fr","13":"tag-france","14":"tag-grand-est","15":"tag-news","16":"tag-republique-francaise","17":"tag-strasbourg"},"share_on_mastodon":{"url":"https:\/\/pubeurope.com\/@fr\/115349351609795272","error":""},"_links":{"self":[{"href":"https:\/\/www.europesays.com\/fr\/wp-json\/wp\/v2\/posts\/452256","targetHints":{"allow":["GET"]}}],"collection":[{"href":"https:\/\/www.europesays.com\/fr\/wp-json\/wp\/v2\/posts"}],"about":[{"href":"https:\/\/www.europesays.com\/fr\/wp-json\/wp\/v2\/types\/post"}],"author":[{"embeddable":true,"href":"https:\/\/www.europesays.com\/fr\/wp-json\/wp\/v2\/users\/2"}],"replies":[{"embeddable":true,"href":"https:\/\/www.europesays.com\/fr\/wp-json\/wp\/v2\/comments?post=452256"}],"version-history":[{"count":0,"href":"https:\/\/www.europesays.com\/fr\/wp-json\/wp\/v2\/posts\/452256\/revisions"}],"wp:featuredmedia":[{"embeddable":true,"href":"https:\/\/www.europesays.com\/fr\/wp-json\/wp\/v2\/media\/452257"}],"wp:attachment":[{"href":"https:\/\/www.europesays.com\/fr\/wp-json\/wp\/v2\/media?parent=452256"}],"wp:term":[{"taxonomy":"category","embeddable":true,"href":"https:\/\/www.europesays.com\/fr\/wp-json\/wp\/v2\/categories?post=452256"},{"taxonomy":"post_tag","embeddable":true,"href":"https:\/\/www.europesays.com\/fr\/wp-json\/wp\/v2\/tags?post=452256"}],"curies":[{"name":"wp","href":"https:\/\/api.w.org\/{rel}","templated":true}]}}