{"id":452258,"date":"2025-10-10T10:16:14","date_gmt":"2025-10-10T10:16:14","guid":{"rendered":"https:\/\/www.europesays.com\/fr\/452258\/"},"modified":"2025-10-10T10:16:14","modified_gmt":"2025-10-10T10:16:14","slug":"nice-un-nouveau-parking-va-ouvrir-dans-les-prochaines-semaines-en-centre-ville","status":"publish","type":"post","link":"https:\/\/www.europesays.com\/fr\/452258\/","title":{"rendered":"Nice. Un nouveau parking va ouvrir dans les prochaines semaines en centre-ville"},"content":{"rendered":"<p>            Par<br \/>\n        <strong><br \/>\n            <a href=\"https:\/\/actu.fr\/auteur\/ugo-maillard\" title=\"Consulter tous les articles de Ugo Maillard\" target=\"_blank\" rel=\"noopener\">Ugo Maillard<\/a><br \/>\n        <\/strong><\/p>\n<p>        Publi\u00e9 le<\/p>\n<p>            10 oct. 2025 \u00e0 11h16        <\/p>\n<p>C\u2019est un ouvrage qui pourrait bien changer la vie de tout un quartier. En travaux depuis de longs mois, un parking va voir le jour dans le secteur du boulevard Gambetta, de Nice (<a href=\"https:\/\/actu.fr\/provence-alpes-cote-d-azur\/alpes-maritimes_06\" target=\"_blank\" rel=\"noopener\">Alpes-Maritimes<\/a>). Le parking Tzarewich doit \u00eatre inaugur\u00e9 \u00ab\u2009avant le 31\u00a0d\u00e9cembre 2025\u2009\u00bb, assurent les services de la ville \u00e0 la r\u00e9daction d\u2019<a href=\"https:\/\/actu.fr\/nice\/\" target=\"_blank\" rel=\"noopener\">actu Nice<\/a>. Une visite de chantier a \u00e9t\u00e9 organis\u00e9e le jeudi 9\u00a0octobre. Voici \u00e0 quoi va ressembler ce <strong>nouveau parking-relais<\/strong>.<\/p>\n<p>Un parking de 265 places<\/p>\n<p class=\" wall-content\">Au croisement du boulevard Gambetta et du boulevard du Tzarewicth, un nouveau parking-relais sur <strong>trois niveaux<\/strong> va voir le jour d\u2019ici \u00e0 la fin d\u2019ann\u00e9e 2025. L\u2019entr\u00e9e se fera du c\u00f4t\u00e9 Gambetta, tandis que la sortie sera situ\u00e9e sur la rue Cluvier.<\/p>\n<p>    <a href=\"https:\/\/www.google.com\/maps\/embed?pb=!1m18!1m12!1m3!1d2884.370859343352!2d7.256872283453362!3d43.70284142790489!2m3!1f0!2f0!3f0!3m2!1i1024!2i768!4f13.1!3m3!1m2!1s0x12cdd19f60b01af5%3A0xd76044a4fe318f8d!2sParc%20Auto%20Tzarewitch!5e0!3m2!1sfr!2sfr!4v1760084698579!5m2!1sfr!2sfr\" title=\"Ouvrie le lien\" target=\"_blank\" rel=\"noopener\">Cliquez ici pour visualiser le contenu<\/a><\/p>\n<p class=\" wall-content\">Cet ouvrage \u00e0 ciel ouvert vient moderniser un lieu de stationnement sous-utilis\u00e9. \u00ab\u2009Le but est d\u2019embellir et d\u2019apaiser le quartier. Le parking va venir soulager le quartier des flux de v\u00e9hicules venus des secteurs collinaires\u2009\u00bb, d\u00e9taille Christian Estrosi, maire de Nice.<\/p>\n<p class=\" wall-content\">Concr\u00e8tement, 265 places seront accessibles avec 53 places avec des bornes de recharge \u00e9lectrique et neuf places r\u00e9serv\u00e9es aux personnes \u00e0 mobilit\u00e9 r\u00e9duite. Le parking Tzarewitch sera ouvert 7J\/7.<\/p>\n<p>Un prix \u00e9quivalent \u00e0 un ticket<\/p>\n<p class=\" wall-content\">Pour ce qui est de ces conditions d\u2019acc\u00e8s, il suffira de faire valider un ticket de transports en commun, utilis\u00e9 dans la journ\u00e9e, soit une d\u00e9pense de trois euros.<\/p>\n<p>Votre r\u00e9gion, votre actu !<\/p>\n<p>Recevez chaque jour les infos qui comptent pour vous.<\/p>\n<p>\t<a href=\"https:\/\/actu.fr\/newsletter\" class=\"ac-btn ac-btn--corner ac-btn--medium ac-btn--blue800\" target=\"_blank\" rel=\"noopener\">S&rsquo;incrire<\/a><\/p>\n<p class=\" wall-content\">\u00ab\u2009Ce parking permet d\u2019utiliser le Bus \u00e0 haut niveau de service, mais \u00e9galement le r\u00e9seau de tramway avec l\u2019arr\u00eat Alsace-Lorraine ou encore rejoindre la gare de Nice-Ville\u2009\u00bb, indiquent les services de la municipalit\u00e9.<\/p>\n<p class=\" wall-content\">\u00c0 noter qu\u2019un abonnement pour les soirs et les week-ends sera propos\u00e9 aux habitants du quartier.<\/p>\n<p class=\" wall-content\">Personnalisez votre actualit\u00e9 en ajoutant vos villes et m\u00e9dias en favori avec <a href=\"https:\/\/moncompte.actu.fr\" title=\"D\u00e9couvez Mon Actu\" rel=\"nofollow noopener\" data-trk=\"{&quot;cta&quot;:{&quot;action&quot;:&quot;https:\\\/\\\/moncompte.actu.fr&quot;,&quot;category&quot;:&quot;mon compte&quot;,&quot;from&quot;:&quot;article footer&quot;,&quot;name&quot;:&quot;Mon actu&quot;,&quot;type&quot;:&quot;cta&quot;}}\" target=\"_blank\">Mon Actu<\/a>.<\/p>\n","protected":false},"excerpt":{"rendered":"Par Ugo Maillard Publi\u00e9 le 10 oct. 2025 \u00e0 11h16 C\u2019est un ouvrage qui pourrait bien changer la&hellip;\n","protected":false},"author":2,"featured_media":452259,"comment_status":"","ping_status":"","sticky":false,"template":"","format":"standard","meta":{"footnotes":""},"categories":[2819],"tags":[1111,11,1777,674,1011,27,12,2401,882,25,104,6173],"class_list":{"0":"post-452258","1":"post","2":"type-post","3":"status-publish","4":"format-standard","5":"has-post-thumbnail","7":"category-nice","8":"tag-actu","9":"tag-actualites","10":"tag-eu","11":"tag-europe","12":"tag-fr","13":"tag-france","14":"tag-news","15":"tag-nice","16":"tag-provence-alpes-cote-dazur","17":"tag-republique-francaise","18":"tag-societe","19":"tag-stationnement"},"share_on_mastodon":{"url":"https:\/\/pubeurope.com\/@fr\/115349355575522438","error":""},"_links":{"self":[{"href":"https:\/\/www.europesays.com\/fr\/wp-json\/wp\/v2\/posts\/452258","targetHints":{"allow":["GET"]}}],"collection":[{"href":"https:\/\/www.europesays.com\/fr\/wp-json\/wp\/v2\/posts"}],"about":[{"href":"https:\/\/www.europesays.com\/fr\/wp-json\/wp\/v2\/types\/post"}],"author":[{"embeddable":true,"href":"https:\/\/www.europesays.com\/fr\/wp-json\/wp\/v2\/users\/2"}],"replies":[{"embeddable":true,"href":"https:\/\/www.europesays.com\/fr\/wp-json\/wp\/v2\/comments?post=452258"}],"version-history":[{"count":0,"href":"https:\/\/www.europesays.com\/fr\/wp-json\/wp\/v2\/posts\/452258\/revisions"}],"wp:featuredmedia":[{"embeddable":true,"href":"https:\/\/www.europesays.com\/fr\/wp-json\/wp\/v2\/media\/452259"}],"wp:attachment":[{"href":"https:\/\/www.europesays.com\/fr\/wp-json\/wp\/v2\/media?parent=452258"}],"wp:term":[{"taxonomy":"category","embeddable":true,"href":"https:\/\/www.europesays.com\/fr\/wp-json\/wp\/v2\/categories?post=452258"},{"taxonomy":"post_tag","embeddable":true,"href":"https:\/\/www.europesays.com\/fr\/wp-json\/wp\/v2\/tags?post=452258"}],"curies":[{"name":"wp","href":"https:\/\/api.w.org\/{rel}","templated":true}]}}