{"id":452262,"date":"2025-10-10T10:18:14","date_gmt":"2025-10-10T10:18:14","guid":{"rendered":"https:\/\/www.europesays.com\/fr\/452262\/"},"modified":"2025-10-10T10:18:14","modified_gmt":"2025-10-10T10:18:14","slug":"les-deux-agresseurs-presumes-interpelles","status":"publish","type":"post","link":"https:\/\/www.europesays.com\/fr\/452262\/","title":{"rendered":"les deux agresseurs pr\u00e9sum\u00e9s interpell\u00e9s"},"content":{"rendered":"<p>            Par<br \/>\n        <strong><br \/>\n            <a href=\"https:\/\/actu.fr\/auteur\/redaction-nantes\" title=\"Consulter tous les articles de R\u00e9daction Nantes\" target=\"_blank\" rel=\"noopener\">R\u00e9daction Nantes<\/a><br \/>\n        <\/strong><\/p>\n<p>        Publi\u00e9 le<\/p>\n<p>            10 oct. 2025 \u00e0 11h45        <\/p>\n<p>Une violente altercation s\u2019est produite dans un busway sur l\u2019\u00eele de Nantes, lundi 6\u00a0octobre 2025, <a href=\"https:\/\/actu.fr\/pays-de-la-loire\/nantes_44109\/coup-de-couteau-donne-dans-un-bus-a-nantes-un-adolescent-de-16-ans-blesse_63263944.html\" target=\"_blank\" rel=\"noopener\">comme le r\u00e9v\u00e9lait actu Nantes<\/a>. Vers 12h30, <strong>une rixe<\/strong> a \u00e9clat\u00e9 \u00e0 l\u2019int\u00e9rieur du v\u00e9hicule de la ligne 5 et au moins un<strong> coup de couteau<\/strong> a \u00e9t\u00e9 port\u00e9 \u00e0 un adolescent de 16\u00a0ans.<\/p>\n<p>Sous contr\u00f4le judiciaire<\/p>\n<p class=\" wall-content\">Le lendemain des faits, <strong>deux adolescents ont \u00e9t\u00e9 interpell\u00e9s,<\/strong> confie une source polici\u00e8re \u00e0 actu Nantes. Les deux suspects ont ensuite \u00e9t\u00e9 plac\u00e9s<strong> sous contr\u00f4le judiciaire.<\/strong> L\u2019un d\u2019entre eux \u00e9tait d\u00e9j\u00e0 connu des services de police.<\/p>\n<p class=\" wall-content\">Personnalisez votre actualit\u00e9 en ajoutant vos villes et m\u00e9dias en favori avec <a href=\"https:\/\/moncompte.actu.fr\" title=\"D\u00e9couvez Mon Actu\" rel=\"nofollow noopener\" data-trk=\"{&quot;cta&quot;:{&quot;action&quot;:&quot;https:\\\/\\\/moncompte.actu.fr&quot;,&quot;category&quot;:&quot;mon compte&quot;,&quot;from&quot;:&quot;article footer&quot;,&quot;name&quot;:&quot;Mon actu&quot;,&quot;type&quot;:&quot;cta&quot;}}\" target=\"_blank\">Mon Actu<\/a>.<\/p>\n","protected":false},"excerpt":{"rendered":"Par R\u00e9daction Nantes Publi\u00e9 le 10 oct. 2025 \u00e0 11h45 Une violente altercation s\u2019est produite dans un busway&hellip;\n","protected":false},"author":2,"featured_media":452263,"comment_status":"","ping_status":"","sticky":false,"template":"","format":"standard","meta":{"footnotes":""},"categories":[2818],"tags":[1111,11,1777,674,118,1011,27,303,766,12,2636,1072,25],"class_list":{"0":"post-452262","1":"post","2":"type-post","3":"status-publish","4":"format-standard","5":"has-post-thumbnail","7":"category-nantes","8":"tag-actu","9":"tag-actualites","10":"tag-eu","11":"tag-europe","12":"tag-faits-divers","13":"tag-fr","14":"tag-france","15":"tag-justice","16":"tag-nantes","17":"tag-news","18":"tag-pays-de-la-loire","19":"tag-police","20":"tag-republique-francaise"},"share_on_mastodon":{"url":"https:\/\/pubeurope.com\/@fr\/115349363392062439","error":""},"_links":{"self":[{"href":"https:\/\/www.europesays.com\/fr\/wp-json\/wp\/v2\/posts\/452262","targetHints":{"allow":["GET"]}}],"collection":[{"href":"https:\/\/www.europesays.com\/fr\/wp-json\/wp\/v2\/posts"}],"about":[{"href":"https:\/\/www.europesays.com\/fr\/wp-json\/wp\/v2\/types\/post"}],"author":[{"embeddable":true,"href":"https:\/\/www.europesays.com\/fr\/wp-json\/wp\/v2\/users\/2"}],"replies":[{"embeddable":true,"href":"https:\/\/www.europesays.com\/fr\/wp-json\/wp\/v2\/comments?post=452262"}],"version-history":[{"count":0,"href":"https:\/\/www.europesays.com\/fr\/wp-json\/wp\/v2\/posts\/452262\/revisions"}],"wp:featuredmedia":[{"embeddable":true,"href":"https:\/\/www.europesays.com\/fr\/wp-json\/wp\/v2\/media\/452263"}],"wp:attachment":[{"href":"https:\/\/www.europesays.com\/fr\/wp-json\/wp\/v2\/media?parent=452262"}],"wp:term":[{"taxonomy":"category","embeddable":true,"href":"https:\/\/www.europesays.com\/fr\/wp-json\/wp\/v2\/categories?post=452262"},{"taxonomy":"post_tag","embeddable":true,"href":"https:\/\/www.europesays.com\/fr\/wp-json\/wp\/v2\/tags?post=452262"}],"curies":[{"name":"wp","href":"https:\/\/api.w.org\/{rel}","templated":true}]}}