{"id":452278,"date":"2025-10-10T10:26:15","date_gmt":"2025-10-10T10:26:15","guid":{"rendered":"https:\/\/www.europesays.com\/fr\/452278\/"},"modified":"2025-10-10T10:26:15","modified_gmt":"2025-10-10T10:26:15","slug":"marseille-la-ville-annonce-un-grand-changement-sur-le-vieux-port-des-nuisances-multiples","status":"publish","type":"post","link":"https:\/\/www.europesays.com\/fr\/452278\/","title":{"rendered":"Marseille. La Ville annonce un grand changement sur le Vieux-Port : \u00ab\u00a0Des nuisances multiples\u00a0\u00bb"},"content":{"rendered":"<p>            Par<br \/>\n        <strong><br \/>\n            <a href=\"https:\/\/actu.fr\/auteur\/thibault-nadal-actu-fr\" title=\"Consulter tous les articles de Thibault Nadal\" target=\"_blank\" rel=\"noopener\">Thibault Nadal<\/a><br \/>\n        <\/strong><\/p>\n<p>        Publi\u00e9 le<\/p>\n<p>            10 oct. 2025 \u00e0 11h59        <\/p>\n<p>La Ville a d\u00e9cid\u00e9 de s\u00e9vir. Dans un communiqu\u00e9 transmis \u00e0 <a href=\"https:\/\/actu.fr\/marseille\/\" target=\"_blank\" rel=\"noopener\">actu Marseille<\/a> ce vendredi 10\u00a0octobre 2025, elle r\u00e9v\u00e8le qu\u2019elle vient de <strong>prendre un arr\u00eat\u00e9<\/strong> pour interdire le stationnement des cars de tourisme sur une partie du <a href=\"https:\/\/actu.fr\/tag\/vieux-port\" target=\"_blank\" rel=\"noopener\">Vieux-Port<\/a>.<\/p>\n<p>Lutter contre les nuisances<\/p>\n<p class=\" wall-content\">Dans le d\u00e9tail, les bus ne pourront plus stationner sur <strong>les quais de la Fraternit\u00e9 et du Port<\/strong> d\u00e8s ce vendredi.<\/p>\n<p>    <a href=\"https:\/\/www.google.com\/maps\/embed?pb=!1m18!1m12!1m3!1d1451.9521524248823!2d5.373477227492435!3d43.29532567679697!2m3!1f0!2f0!3f0!3m2!1i1024!2i768!4f13.1!3m3!1m2!1s0x12c9c0bf4d132ba1%3A0x61117f2dcdcf46d0!2sQuai%20des%20Belges%2C%20Marseille!5e0!3m2!1sfr!2sfr!4v1760089554235!5m2!1sfr!2sfr\" title=\"Ouvrie le lien\" target=\"_blank\" rel=\"noopener\">Cliquez ici pour visualiser le contenu<\/a><\/p>\n<p class=\" wall-content\">Avec cet arr\u00eat\u00e9, sign\u00e9 par Marie Batoux adjointe de Beno\u00eet Payan en charge des Mobilit\u00e9s, la municipalit\u00e9 souhaite lutter contre \u00ab\u2009les multiples nuisances\u2009\u00bb provoqu\u00e9es par les bus. \u00ab\u2009Chaque jour, des dizaines de bus de tourisme stationnent longuement sur le Vieux-Port, souvent moteurs allum\u00e9s, g\u00e9n\u00e9rant<strong> des nuisances sonores<\/strong>,<strong> une pollution de l\u2019air et une d\u00e9gradation visuelle<\/strong> de ce lieu embl\u00e9matique de Marseille\u2009\u00bb, \u00e9crit la Ville dans son communiqu\u00e9.<\/p>\n<blockquote class=\"ac-article-quote wall-content\">\n<p>Cette mesure est une r\u00e9ponse concr\u00e8te aux attentes exprim\u00e9es par les riverains et les acteurs du centre-ville. Elle participe d\u2019une vision \u00e0 long terme pour une ville plus respirable et un centre-ville plus accueillant.<\/p>\n<p>    <strong>Marie Batoux<\/strong><br \/>\n        Adjointe au maire en charge des Mobilit\u00e9s    <\/p><\/blockquote>\n<p class=\" wall-content\">La mairie affirme travailler \u00e0 \u00ab\u2009des alternatives de stationnement adapt\u00e9es aux cars de tourisme en dehors du centre-ville avec des solutions de rabattement, afin de continuer \u00e0 accueillir les visiteurs tout en prot\u00e9geant les habitants\u2009\u00bb.<\/p>\n<p class=\" wall-content\">Personnalisez votre actualit\u00e9 en ajoutant vos villes et m\u00e9dias en favori avec <a href=\"https:\/\/moncompte.actu.fr\" title=\"D\u00e9couvez Mon Actu\" rel=\"nofollow noopener\" data-trk=\"{&quot;cta&quot;:{&quot;action&quot;:&quot;https:\\\/\\\/moncompte.actu.fr&quot;,&quot;category&quot;:&quot;mon compte&quot;,&quot;from&quot;:&quot;article footer&quot;,&quot;name&quot;:&quot;Mon actu&quot;,&quot;type&quot;:&quot;cta&quot;}}\" target=\"_blank\">Mon Actu<\/a>.<\/p>\n","protected":false},"excerpt":{"rendered":"Par Thibault Nadal Publi\u00e9 le 10 oct. 2025 \u00e0 11h59 La Ville a d\u00e9cid\u00e9 de s\u00e9vir. Dans un&hellip;\n","protected":false},"author":2,"featured_media":452279,"comment_status":"","ping_status":"","sticky":false,"template":"","format":"standard","meta":{"footnotes":""},"categories":[2814],"tags":[1111,11,1777,674,1011,27,884,12,882,25,104,602,1179],"class_list":{"0":"post-452278","1":"post","2":"type-post","3":"status-publish","4":"format-standard","5":"has-post-thumbnail","7":"category-marseille","8":"tag-actu","9":"tag-actualites","10":"tag-eu","11":"tag-europe","12":"tag-fr","13":"tag-france","14":"tag-marseille","15":"tag-news","16":"tag-provence-alpes-cote-dazur","17":"tag-republique-francaise","18":"tag-societe","19":"tag-tourisme","20":"tag-vieux-port"},"share_on_mastodon":{"url":"https:\/\/pubeurope.com\/@fr\/115349394856595933","error":""},"_links":{"self":[{"href":"https:\/\/www.europesays.com\/fr\/wp-json\/wp\/v2\/posts\/452278","targetHints":{"allow":["GET"]}}],"collection":[{"href":"https:\/\/www.europesays.com\/fr\/wp-json\/wp\/v2\/posts"}],"about":[{"href":"https:\/\/www.europesays.com\/fr\/wp-json\/wp\/v2\/types\/post"}],"author":[{"embeddable":true,"href":"https:\/\/www.europesays.com\/fr\/wp-json\/wp\/v2\/users\/2"}],"replies":[{"embeddable":true,"href":"https:\/\/www.europesays.com\/fr\/wp-json\/wp\/v2\/comments?post=452278"}],"version-history":[{"count":0,"href":"https:\/\/www.europesays.com\/fr\/wp-json\/wp\/v2\/posts\/452278\/revisions"}],"wp:featuredmedia":[{"embeddable":true,"href":"https:\/\/www.europesays.com\/fr\/wp-json\/wp\/v2\/media\/452279"}],"wp:attachment":[{"href":"https:\/\/www.europesays.com\/fr\/wp-json\/wp\/v2\/media?parent=452278"}],"wp:term":[{"taxonomy":"category","embeddable":true,"href":"https:\/\/www.europesays.com\/fr\/wp-json\/wp\/v2\/categories?post=452278"},{"taxonomy":"post_tag","embeddable":true,"href":"https:\/\/www.europesays.com\/fr\/wp-json\/wp\/v2\/tags?post=452278"}],"curies":[{"name":"wp","href":"https:\/\/api.w.org\/{rel}","templated":true}]}}