{"id":452281,"date":"2025-10-10T10:28:10","date_gmt":"2025-10-10T10:28:10","guid":{"rendered":"https:\/\/www.europesays.com\/fr\/452281\/"},"modified":"2025-10-10T10:28:10","modified_gmt":"2025-10-10T10:28:10","slug":"la-rue-de-premier-film-renouvelee-a-lyon","status":"publish","type":"post","link":"https:\/\/www.europesays.com\/fr\/452281\/","title":{"rendered":"la rue de Premier-Film renouvel\u00e9e \u00e0 Lyon"},"content":{"rendered":"<p dir=\"ltr\">Ce vendredi matin, dans la rue du Premier-Film dans le 8\u1d49 arrondissement de Lyon, marquait la fin de la premi\u00e8re phase des travaux de la rue embl\u00e9matique. En face de l\u2019Institut Lumi\u00e8re, la M\u00e9tropole de Lyon et la Ville ont port\u00e9 le r\u00e9am\u00e9nagement de cette rue au \u201cc\u0153ur battant du quartier Monplaisir\u201d.<\/p>\n<p dir=\"ltr\">\u201cAvant, les voitures roulaient ici et cela donnait une atmosph\u00e8re difficile. On veut retrouver l\u2019\u00e2me, le fant\u00f4me des ouvriers qui travaillaient ici avant\u201d, a d\u00e9clar\u00e9 Thierry Fr\u00e9maux, directeur de l\u2019Institut Lumi\u00e8re. \u201cOn sent d\u00e9j\u00e0 que les gens ont du plaisir \u00e0 la descendre en allant du haut au bas du quartier\u201d, a-t-il ajout\u00e9.<\/p>\n<p dir=\"ltr\">\u201cOn a la chance d\u2019\u00eatre le berceau du septi\u00e8me art, et tout le monde nous l\u2019envie. On c\u00e9l\u00e8bre aussi une nouvelle fa\u00e7on de venir dans le hangar, cette rue vient desservir un passage pour tous les habitants du quartier et maintenant qu\u2019elle est termin\u00e9e on voit beaucoup de gens circuler. Cette nouvelle rue modeler permet de montrer le monde du cin\u00e9ma d\u2019hier et d\u2019aujourd\u2019hui, une rue apais\u00e9e et une rue aux enfants. Un climat bien plus favorable est cr\u00e9\u00e9\u201d, a d\u00e9clar\u00e9 Gregory Doucet. Le maire de Lyon a \u00e9galement pr\u00e9cis\u00e9 que six arbres seront plant\u00e9s prochainement dans la rue.<\/p>\n<p dir=\"ltr\">\u201cLa rue ressemblera bien plus \u00e0 celle de 1895, que lorsqu\u2019elle a \u00e9t\u00e9 refaite en 1992. Cela a permis de diviser par trois la circulation, ce qui a donn\u00e9 un bel objectif : \u201cv\u00e9g\u00e9taliser et apaiser\u201d.<\/p>\n<p dir=\"ltr\">Les travaux vont encore se poursuivre d\u2019ici l&rsquo;ann\u00e9e prochaine.<\/p>\n","protected":false},"excerpt":{"rendered":"Ce vendredi matin, dans la rue du Premier-Film dans le 8\u1d49 arrondissement de Lyon, marquait la fin de&hellip;\n","protected":false},"author":2,"featured_media":452282,"comment_status":"","ping_status":"","sticky":false,"template":"","format":"standard","meta":{"footnotes":""},"categories":[1889],"tags":[1111,11,2813,2190,2430,1109,251,1112,2811,1777,674,118,1011,27,1922,1110,1114,2428,2810,12,241,316,25,2812,517,800],"class_list":{"0":"post-452281","1":"post","2":"type-post","3":"status-publish","4":"format-standard","5":"has-post-thumbnail","7":"category-lyon","8":"tag-actu","9":"tag-actualites","10":"tag-article","11":"tag-asvel","12":"tag-auvergne-rhone-alpes","13":"tag-breves","14":"tag-culture","15":"tag-depeches","16":"tag-economique","17":"tag-eu","18":"tag-europe","19":"tag-faits-divers","20":"tag-fr","21":"tag-france","22":"tag-info","23":"tag-informations","24":"tag-infos","25":"tag-lyon","26":"tag-lyonmag","27":"tag-news","28":"tag-ol","29":"tag-politique","30":"tag-republique-francaise","31":"tag-sociale","32":"tag-sport","33":"tag-transports"},"share_on_mastodon":{"url":"https:\/\/pubeurope.com\/@fr\/115349404095150902","error":""},"_links":{"self":[{"href":"https:\/\/www.europesays.com\/fr\/wp-json\/wp\/v2\/posts\/452281","targetHints":{"allow":["GET"]}}],"collection":[{"href":"https:\/\/www.europesays.com\/fr\/wp-json\/wp\/v2\/posts"}],"about":[{"href":"https:\/\/www.europesays.com\/fr\/wp-json\/wp\/v2\/types\/post"}],"author":[{"embeddable":true,"href":"https:\/\/www.europesays.com\/fr\/wp-json\/wp\/v2\/users\/2"}],"replies":[{"embeddable":true,"href":"https:\/\/www.europesays.com\/fr\/wp-json\/wp\/v2\/comments?post=452281"}],"version-history":[{"count":0,"href":"https:\/\/www.europesays.com\/fr\/wp-json\/wp\/v2\/posts\/452281\/revisions"}],"wp:featuredmedia":[{"embeddable":true,"href":"https:\/\/www.europesays.com\/fr\/wp-json\/wp\/v2\/media\/452282"}],"wp:attachment":[{"href":"https:\/\/www.europesays.com\/fr\/wp-json\/wp\/v2\/media?parent=452281"}],"wp:term":[{"taxonomy":"category","embeddable":true,"href":"https:\/\/www.europesays.com\/fr\/wp-json\/wp\/v2\/categories?post=452281"},{"taxonomy":"post_tag","embeddable":true,"href":"https:\/\/www.europesays.com\/fr\/wp-json\/wp\/v2\/tags?post=452281"}],"curies":[{"name":"wp","href":"https:\/\/api.w.org\/{rel}","templated":true}]}}