{"id":452290,"date":"2025-10-10T10:33:10","date_gmt":"2025-10-10T10:33:10","guid":{"rendered":"https:\/\/www.europesays.com\/fr\/452290\/"},"modified":"2025-10-10T10:33:10","modified_gmt":"2025-10-10T10:33:10","slug":"une-femme-degrade-la-sepulture-du-soldat-inconnu-et-mord-un-policier-durant-son-interpellation","status":"publish","type":"post","link":"https:\/\/www.europesays.com\/fr\/452290\/","title":{"rendered":"Une femme d\u00e9grade la s\u00e9pulture du Soldat inconnu et mord un policier durant son interpellation"},"content":{"rendered":"<p class=\"mb-4 text-lg md:leading-8 break-words\">Profanation et r\u00e9bellion. Alors qu&rsquo;elle circulait pr\u00e8s de<a href=\"https:\/\/fr.news.yahoo.com\/quatre-affiches-pro-russes-coll%C3%A9es-155339346.html\" data-ylk=\"slk:l&#039;Arc de Triomphe;elm:context_link;itc:0;sec:content-canvas;outcm:mb_qualified_link;_E:mb_qualified_link;ct:story;\" class=\"link  yahoo-link\" target=\"_blank\" rel=\"noopener\"> l&rsquo;Arc de Triomphe<\/a> \u00e0 Paris, ce jeudi 9 octobre, une femme a quitt\u00e9 son v\u00e9hicule pour profaner la tombe du Soldat inconnu situ\u00e9e sous le monument, a appris BFMTV aupr\u00e8s d&rsquo;une source polici\u00e8re et du parquet de Paris, confirmant une information de <a href=\"https:\/\/www.parismatch.com\/actu\/faits-divers\/info-match-paris-une-avocate-interpellee-apres-avoir-profane-la-tombe-du-soldat-inconnu-258394\" rel=\"nofollow noopener\" target=\"_blank\" data-ylk=\"slk:Paris Match.;elm:context_link;itc:0;sec:content-canvas\" class=\"link \">Paris Match.<\/a><\/p>\n<p class=\"mb-4 text-lg md:leading-8 break-words\">Rep\u00e9r\u00e9e par une patrouille de police, la suspecte, qui avait stationn\u00e9 sommairement son v\u00e9hicule autour de l&rsquo;Arc de Triomphe, a tent\u00e9 de prendre la fuite en refusant d&rsquo;obtemp\u00e9rer. Voyant que la femme essayait de regagner sa voiture pour d\u00e9guerpir, un policier s\u2019est plac\u00e9 entre l&rsquo;avant du v\u00e9hicule et la suspecte. Furieuse, la fuyarde a refus\u00e9 de se rendre et s\u2019est d\u00e9battue violemment.<\/p>\n<p>La suspecte plac\u00e9e en infirmerie psychiatrique<\/p>\n<p class=\"mb-4 text-lg md:leading-8 break-words\">Plusieurs agents sont alors intervenus pour tenter de la ma\u00eetriser, mais elle a fini par mordre l&rsquo;un d&rsquo;entre eux au bras, tout en prof\u00e9rant des insultes. Pour r\u00e9ussir \u00e0 l&rsquo;arr\u00eater, un des policiers a \u00e9t\u00e9 contraint de sortir son arme, indique une source polici\u00e8re \u00e0 BFMTV.<\/p>\n<p class=\"mb-4 text-lg md:leading-8 break-words\">Elle a finalement \u00e9t\u00e9 arr\u00eat\u00e9e et admise \u00e0 l\u2019infirmerie psychiatrique de la pr\u00e9fecture de police (IPPP) pour une \u00e9valuation de son \u00e9tat mental. Selon Paris Match, la suspecte a \u00e9t\u00e9 soumise \u00e0 un d\u00e9pistage de stup\u00e9fiants qui s&rsquo;est av\u00e9r\u00e9 positif.<\/p>\n<p class=\"mb-4 text-lg md:leading-8 break-words\">En juillet dernier, un homme avait d\u00e9j\u00e0 \u00e9t\u00e9 interpell\u00e9 pour la \u00ab\u00a0violation ou la profanation d&rsquo;un monument \u00e9difi\u00e9 \u00e0 la m\u00e9moire des morts\u00a0\u00bb, apr\u00e8s s&rsquo;\u00eatre <a href=\"https:\/\/fr.news.yahoo.com\/inacceptable-ministre-patricia-mirall%C3%A8s-saisit-162525502.html\" data-ylk=\"slk:allum\u00e9 une cigarette;elm:context_link;itc:0;sec:content-canvas;outcm:mb_qualified_link;_E:mb_qualified_link;ct:story;\" class=\"link  yahoo-link\" target=\"_blank\" rel=\"noopener\">allum\u00e9 une cigarette<\/a> sur la tombe du Soldat inconnu.<\/p>\n<p class=\"mb-4 text-lg md:leading-8 break-words\"><a href=\"https:\/\/www.bfmtv.com\/police-justice\/une-femme-degrade-la-sepulture-du-soldat-inconnu-et-mord-un-policier-durant-son-interpellation_AN-202510100470.html#xtor=AL-68\" rel=\"nofollow noopener\" target=\"_blank\" data-ylk=\"slk:Article original publi\u00e9 sur BFMTV.com;elm:context_link;itc:0;sec:content-canvas\" class=\"link \">Article original publi\u00e9 sur BFMTV.com<\/a><\/p>\n","protected":false},"excerpt":{"rendered":"Profanation et r\u00e9bellion. Alors qu&rsquo;elle circulait pr\u00e8s de l&rsquo;Arc de Triomphe \u00e0 Paris, ce jeudi 9 octobre, une&hellip;\n","protected":false},"author":2,"featured_media":452291,"comment_status":"","ping_status":"","sticky":false,"template":"","format":"standard","meta":{"footnotes":""},"categories":[1888],"tags":[1111,1928,11,1927,1777,674,1011,27,38986,12,1926,626,1925,48216,4524,25,19445],"class_list":{"0":"post-452290","1":"post","2":"type-post","3":"status-publish","4":"format-standard","5":"has-post-thumbnail","7":"category-paris","8":"tag-actu","9":"tag-actu-paris","10":"tag-actualites","11":"tag-actualites-paris","12":"tag-eu","13":"tag-europe","14":"tag-fr","15":"tag-france","16":"tag-larc-de-triomphe","17":"tag-news","18":"tag-news-paris","19":"tag-paris","20":"tag-paris-news","21":"tag-patrouille-de-police","22":"tag-prefecture-de-police","23":"tag-republique-francaise","24":"tag-tombe-du-soldat-inconnu"},"share_on_mastodon":{"url":"https:\/\/pubeurope.com\/@fr\/115349422356994037","error":""},"_links":{"self":[{"href":"https:\/\/www.europesays.com\/fr\/wp-json\/wp\/v2\/posts\/452290","targetHints":{"allow":["GET"]}}],"collection":[{"href":"https:\/\/www.europesays.com\/fr\/wp-json\/wp\/v2\/posts"}],"about":[{"href":"https:\/\/www.europesays.com\/fr\/wp-json\/wp\/v2\/types\/post"}],"author":[{"embeddable":true,"href":"https:\/\/www.europesays.com\/fr\/wp-json\/wp\/v2\/users\/2"}],"replies":[{"embeddable":true,"href":"https:\/\/www.europesays.com\/fr\/wp-json\/wp\/v2\/comments?post=452290"}],"version-history":[{"count":0,"href":"https:\/\/www.europesays.com\/fr\/wp-json\/wp\/v2\/posts\/452290\/revisions"}],"wp:featuredmedia":[{"embeddable":true,"href":"https:\/\/www.europesays.com\/fr\/wp-json\/wp\/v2\/media\/452291"}],"wp:attachment":[{"href":"https:\/\/www.europesays.com\/fr\/wp-json\/wp\/v2\/media?parent=452290"}],"wp:term":[{"taxonomy":"category","embeddable":true,"href":"https:\/\/www.europesays.com\/fr\/wp-json\/wp\/v2\/categories?post=452290"},{"taxonomy":"post_tag","embeddable":true,"href":"https:\/\/www.europesays.com\/fr\/wp-json\/wp\/v2\/tags?post=452290"}],"curies":[{"name":"wp","href":"https:\/\/api.w.org\/{rel}","templated":true}]}}