{"id":452294,"date":"2025-10-10T10:35:11","date_gmt":"2025-10-10T10:35:11","guid":{"rendered":"https:\/\/www.europesays.com\/fr\/452294\/"},"modified":"2025-10-10T10:35:11","modified_gmt":"2025-10-10T10:35:11","slug":"une-avocate-hospitalisee-en-psychiatrie-apres-avoir-arrache-les-fleurs-de-la-tombe-du-soldat-inconnu","status":"publish","type":"post","link":"https:\/\/www.europesays.com\/fr\/452294\/","title":{"rendered":"une avocate hospitalis\u00e9e en psychiatrie apr\u00e8s avoir arrach\u00e9 les fleurs de la tombe du soldat inconnu"},"content":{"rendered":"<p>\n    \u00c2g\u00e9e de 51 ans, la p\u00e9naliste a \u00e9galement mordu un policier qui tentait de l\u2019interpeller.<\/p>\n<p class=\"fig-paragraph\">C\u2019est une sc\u00e8ne des plus incongrues qui s\u2019est d\u00e9roul\u00e9e jeudi apr\u00e8s-midi sur une s\u00e9pulture sacr\u00e9e \u00e0 Paris. Vers 15h45, une femme a \u00e9t\u00e9 interpell\u00e9e pour avoir\u00a0<a href=\"http:\/\/www.lefigaro.fr\/actualite-france\/au-cimetiere-de-bagneux-les-passants-rendent-hommage-a-robert-badinter-dont-la-tombe-a-ete-profanee-20251009\" target=\"_blank\" data-fig-type=\"Article\" rel=\"noopener nofollow\" data-gtm-custom-categorie=\"navigation\" data-gtm-custom-action=\"crossclick\" data-gtm-custom-label=\"Contextuel\" data-gtm-event=\"customEventSPE\" data-fig-domain=\"LEFIGARO\">profan\u00e9 la tombe du soldat inconnu<\/a>\u00a0sous l\u2019Arc de triomphe, selon une information de\u00a0<a href=\"https:\/\/www.parismatch.com\/actu\/faits-divers\/info-match-paris-une-avocate-interpellee-apres-avoir-profane-la-tombe-du-soldat-inconnu-258394\" target=\"_blank\" rel=\"sponsored noopener nofollow\" data-gtm-custom-categorie=\"navigation\" data-gtm-custom-action=\"crossclick\" data-gtm-custom-label=\"Contextuel\" data-gtm-event=\"customEventSPE\">Paris Match<\/a>\u00a0confirm\u00e9e au Figaro. Elle a \u00e9t\u00e9 rep\u00e9r\u00e9e par des policiers alors qu\u2019elle \u00e9tait en train d\u2019arracher violemment des fleurs des bouquets dispos\u00e9s autour du site.<\/p>\n<p class=\"fig-paragraph\">Face aux agents qui tentaient de l\u2019interpeller, la femme est mont\u00e9e dans sa voiture et a tent\u00e9 de prendre la fuite. D\u2019apr\u00e8s nos confr\u00e8res, elle a fait d\u00e9marrer son v\u00e9hicule et a avanc\u00e9 \u00e0 faible allure vers les fonctionnaires, touchant les jambes de l\u2019un d\u2019entre eux \u00e0 des fins d\u2019intimidation.<\/p>\n<p>                                    <a class=\"fig-a11y-skip a11y-hidden\" href=\"#fig-a11y-skip-main-inarticle\"><br \/>\n        Passer la publicit\u00e9<br \/>\n    <\/a><\/p>\n<p class=\"fig-paragraph\">Les policiers ont eu besoin de renfort pour arriver \u00e0 ma\u00eetriser la profanatrice. Quand ils sont parvenus \u00e0 l\u2019extraire de sa voiture, cette derni\u00e8re se d\u00e9battait avec v\u00e9h\u00e9mence et a m\u00eame mordu l\u2019un des agents au poignet. C\u2019est en contr\u00f4lant son identit\u00e9 qu\u2019ils se sont aper\u00e7us qu\u2019ils avaient face \u00e0 eux une avocate inscrite au barreau de Meaux.<\/p>\n<p class=\"fig-paragraph\">Positive aux tests de drogue et d\u2019alcool, elle s\u2019est vue notifier son placement en garde \u00e0 vue diff\u00e9r\u00e9e et a \u00e9t\u00e9 conduite \u00e0 l\u2019infirmerie psychiatrique de la pr\u00e9fecture de police de Paris, nous pr\u00e9cise le parquet. Une enqu\u00eate a \u00e9t\u00e9 ouverte pour \u00abviolation de s\u00e9pulture\u00bb, \u00abrefus d\u2019obtemp\u00e9rer\u00bb, \u00abviolences volontaires sur personne d\u00e9positaire de l\u2019autorit\u00e9 publique\u00bb, \u00aboutrage et r\u00e9bellion\u00bb et \u00abconduite sous stup\u00e9fiants\u00bb.<\/p>\n","protected":false},"excerpt":{"rendered":"\u00c2g\u00e9e de 51 ans, la p\u00e9naliste a \u00e9galement mordu un policier qui tentait de l\u2019interpeller. C\u2019est une sc\u00e8ne&hellip;\n","protected":false},"author":2,"featured_media":452295,"comment_status":"","ping_status":"","sticky":false,"template":"","format":"standard","meta":{"footnotes":""},"categories":[1888],"tags":[11,1777,674,1011,27,12,626,25],"class_list":{"0":"post-452294","1":"post","2":"type-post","3":"status-publish","4":"format-standard","5":"has-post-thumbnail","7":"category-paris","8":"tag-actualites","9":"tag-eu","10":"tag-europe","11":"tag-fr","12":"tag-france","13":"tag-news","14":"tag-paris","15":"tag-republique-francaise"},"share_on_mastodon":{"url":"https:\/\/pubeurope.com\/@fr\/115349430416955134","error":""},"_links":{"self":[{"href":"https:\/\/www.europesays.com\/fr\/wp-json\/wp\/v2\/posts\/452294","targetHints":{"allow":["GET"]}}],"collection":[{"href":"https:\/\/www.europesays.com\/fr\/wp-json\/wp\/v2\/posts"}],"about":[{"href":"https:\/\/www.europesays.com\/fr\/wp-json\/wp\/v2\/types\/post"}],"author":[{"embeddable":true,"href":"https:\/\/www.europesays.com\/fr\/wp-json\/wp\/v2\/users\/2"}],"replies":[{"embeddable":true,"href":"https:\/\/www.europesays.com\/fr\/wp-json\/wp\/v2\/comments?post=452294"}],"version-history":[{"count":0,"href":"https:\/\/www.europesays.com\/fr\/wp-json\/wp\/v2\/posts\/452294\/revisions"}],"wp:featuredmedia":[{"embeddable":true,"href":"https:\/\/www.europesays.com\/fr\/wp-json\/wp\/v2\/media\/452295"}],"wp:attachment":[{"href":"https:\/\/www.europesays.com\/fr\/wp-json\/wp\/v2\/media?parent=452294"}],"wp:term":[{"taxonomy":"category","embeddable":true,"href":"https:\/\/www.europesays.com\/fr\/wp-json\/wp\/v2\/categories?post=452294"},{"taxonomy":"post_tag","embeddable":true,"href":"https:\/\/www.europesays.com\/fr\/wp-json\/wp\/v2\/tags?post=452294"}],"curies":[{"name":"wp","href":"https:\/\/api.w.org\/{rel}","templated":true}]}}