{"id":452300,"date":"2025-10-10T10:38:17","date_gmt":"2025-10-10T10:38:17","guid":{"rendered":"https:\/\/www.europesays.com\/fr\/452300\/"},"modified":"2025-10-10T10:38:17","modified_gmt":"2025-10-10T10:38:17","slug":"pour-contrer-le-super-bowl-de-bad-bunny-lasso-de-charlie-kirk-veut-un-spectacle-100-americain","status":"publish","type":"post","link":"https:\/\/www.europesays.com\/fr\/452300\/","title":{"rendered":"Pour contrer le Super Bowl de Bad Bunny, l\u2019asso de Charlie Kirk veut un spectacle \u00ab\u00a0100\u00a0% am\u00e9ricain\u00a0\u00bb"},"content":{"rendered":"<p>        <img decoding=\"async\" loading=\"lazy\" src=\"https:\/\/www.europesays.com\/fr\/wp-content\/uploads\/2025\/10\/e5996c3_upload-1-gmeomgc5nww5-gettyimages-2153919468.jpg\"  width=\"728\" height=\"409\" alt=\"Une association conservatrice organise un concert en riposte au show du Super Bowl de Bad Bunny (ici en 2024\u00a0\u00e0 Miami)\"\/>  <\/p>\n<p>Alexander Tamargo \/ WireImage<\/p>\n<p>Une association conservatrice organise un concert en riposte au show du Super Bowl de Bad Bunny (ici en 2024\u00a0\u00e0 Miami)<\/p>\n<p class=\"asset asset-text\">NATIONALISME &#8211; Ils n\u2019ont pas franchement envie d\u2019esquisser des pas de danse au rythme de Dakiti ou NUEVAYol. L\u2019annonce de la <a href=\"https:\/\/www.huffingtonpost.fr\/culture\/article\/la-reponse-parfaite-de-bad-bunny-a-la-rage-des-trumpistes-avant-son-show-au-super-bowl_255608.html\" target=\"_blank\" rel=\"noopener\">pr\u00e9sence de Bad Bunny<\/a> pour animer le show de la mi-temps du prochain Super Bowl fait <a href=\"https:\/\/www.huffingtonpost.fr\/culture\/article\/avec-son-super-bowl-bad-bunny-n-a-pas-fini-de-faire-rager-les-trumpistes_255500.html\" target=\"_blank\" rel=\"noopener\">enrager les trumpistes<\/a> depuis plusieurs jours. L\u2019association \u00e0 but non lucratif Turning Point USA, fond\u00e9e par le conservateur <a href=\"https:\/\/www.huffingtonpost.fr\/international\/article\/obseques-de-charlie-kirk-meme-pour-l-extreme-droite-la-censure-de-donald-trump-va-trop-loin_255026.html\" target=\"_blank\" rel=\"noopener\">Charlie Kirk d\u00e9c\u00e9d\u00e9 le 10\u00a0septembre<\/a>, a m\u00eame imagin\u00e9 une r\u00e9ponse musicale pr\u00e9sent\u00e9e comme \u00ab\u00a0patriotique\u00a0\u00bb.<\/p>\n<p class=\"asset asset-text\">Sur ses r\u00e9seaux sociaux, Turning Point a fait une annonce le jeudi 9\u00a0octobre au soir. L\u2019association a partag\u00e9 le flyer annon\u00e7ant un \u00e9v\u00e8nement\u00a0: un spectacle musical \u00ab\u00a0100\u00a0% am\u00e9ricain\u00a0\u00bb pour c\u00e9l\u00e9brer \u00ab\u00a0la foi, la famille et la libert\u00e9.\u00a0\u00bb Un show qui se d\u00e9roulera pile poil au m\u00eame moment que celui de Bad Bunny \u00e0\u00a0Santa Clara en Californie le 8\u00a0f\u00e9vrier prochain.<\/p>\n<p>         <img decoding=\"async\" loading=\"lazy\" src=\"https:\/\/www.europesays.com\/fr\/wp-content\/uploads\/2025\/10\/432a8cc_upload-1-y5tyhwzaqjjz-hts.jpg\"  width=\"728\" height=\"923\" alt=\"L\u2019affiche publi\u00e9e par Turning Point USA ce jeudi 9\u00a0octobre. \"\/>  <\/p>\n<p>X Turning Point USA<\/p>\n<p>L\u2019affiche publi\u00e9e par Turning Point USA ce jeudi 9\u00a0octobre. <\/p>\n<p class=\"asset asset-text\">Si on se rend sur le site en question, on est invit\u00e9 \u00e0 choisir un ou plusieurs genres musicaux qu\u2019on aimerait voir lors de cette soir\u00e9e\u00a0parmi lesquels, le rock, la country, la pop, l\u2019americana, la musique chr\u00e9tienne ou plus simplement \u00ab\u00a0n\u2019importe quoi en anglais\u00a0\u00bb.<\/p>\n<p>         <img decoding=\"async\" loading=\"lazy\" src=\"https:\/\/www.europesays.com\/fr\/wp-content\/uploads\/2025\/10\/029d651_upload-1-tng3nvfsusj2-genres.jpg\"  width=\"728\" height=\"522\" alt=\"La liste des choix offerts par Turning Point USA sur son site\"\/>  <\/p>\n<p>Turning Point USA<\/p>\n<p>La liste des choix offerts par Turning Point USA sur son site<\/p>\n<p class=\"asset asset-text\">Cette annonce de Turning Point USA se veut une riposte au choix fait par la NFL avec JAY-Z et Roc Nation, coproducteurs du show de la mi-temps, d\u2019avoir nomm\u00e9 Bad Bunny. Le nom de l\u2019artiste portoricain superstar du reggaeton a suscit\u00e9 une avalanche de r\u00e9actions n\u00e9gatives du c\u00f4t\u00e9 du clan MAGA et des R\u00e9publicains au sens \u00e9largi. En cause de ce m\u00e9contentement, il y a plusieurs raisons. Notamment le fait qu\u2019il chante en espagnol et qu\u2019il a refus\u00e9 de jouer aux \u00c9tats-Unis ces derniers mois, pr\u00e9f\u00e9rant tenir une r\u00e9sidence \u00e0 Porto Rico (tr\u00e8s lucrative pour l\u2019\u00eele) en raison notamment des raids men\u00e9s par la police de l\u2019immigration ICE.<\/p>\n<p>                     La fronde anti-Bad Bunny    <\/p>\n<p class=\"asset asset-text\">Et pour cause, Bad Bunny \u00e9tait un soutien actif de\u00a0<a href=\"https:\/\/www.huffingtonpost.fr\/international\/article\/kamala-harris-effectue-son-retour-mais-est-elle-toujours-la-democrate-la-mieux-placee-dans-son-camp-clx1_255190.html\" target=\"_blank\" rel=\"noopener\">Kamala Harris<\/a>\u00a0lors de la campagne pr\u00e9sidentielle, apr\u00e8s que Donald Trump a qualifi\u00e9 Porto Rico d\u2019\u00ab\u00a0\u00eele flottante d\u2019ordures\u00a0\u00bb. Le chanteur n\u2019a jamais cach\u00e9 ses convictions politiques, et s\u2019exprime souvent, en chansons ou publiquement, pour les droits des personnes LGBT +, contre la transphobie, le racisme ou la politique anti-immigration du gouvernement.<\/p>\n<p class=\"asset asset-text\">Les soutiens de Trump avaient imm\u00e9diatement agit\u00e9 une menace apr\u00e8s l\u2019annonce de son nom, affirmant que l\u2019ICE serait pr\u00e9sente pendant le Super-Bowl pour y arr\u00eater les immigr\u00e9s ill\u00e9gaux. Bad Bunny chantera quoiqu\u2019il en soit le 8\u00a0f\u00e9vrier prochain \u00e0 Santa Clara lors de la mi-temps du Super Bowl. Sur le plateau du Saturday Night Live le 4\u00a0octobre, il a m\u00eame avec humour r\u00e9pondu aux\u00a0<a href=\"https:\/\/www.huffingtonpost.fr\/culture\/article\/bad-bunny-au-super-bowl-les-trumpistes-ne-veulent-pas-de-cet-artiste-demoniaque-et-multiplient-les-attaques_255452.html\" target=\"_blank\" rel=\"noopener\">attaques des trumpistes\u00a0<\/a>sur sa pr\u00e9sence en disant en espagnol \u00ab\u00a0C\u2019est plus qu\u2019une victoire pour moi, c\u2019est une victoire pour nous tous. Notre empreinte et notre contribution dans ce pays, personne ne pourra jamais les effacer\u00a0\u00bb, avant de pr\u00e9ciser en anglais \u00ab\u00a0si vous n\u2019avez pas compris ce que je viens de dire, vous avez quatre mois pour apprendre\u00a0\u00bb.<\/p>\n<p class=\"asset asset-text\">L\u2019association \u00e0 but non lucratif Turning Point USA, fond\u00e9e en 2012\u00a0par Charlie Kirk n\u2019a encore annonc\u00e9 pour ce concert aucun nom, m\u00eame si certains circulent d\u00e9j\u00e0 comme Jason Aldean, Kid Rock, John Rich, Lee Greenwood, Chris Stapleton, Creed ou encore Carrie Underwood. Elle n\u2019a pas non plus communiqu\u00e9 sur un \u00e9ventuel lieu o\u00f9 pourrait se tenir ce concert g\u00e9ant.<\/p>\n","protected":false},"excerpt":{"rendered":"Alexander Tamargo \/ WireImage Une association conservatrice organise un concert en riposte au show du Super Bowl de&hellip;\n","protected":false},"author":2,"featured_media":452301,"comment_status":"","ping_status":"","sticky":false,"template":"","format":"standard","meta":{"footnotes":""},"categories":[1589],"tags":[11,18274,251,73,1866,873,12,45530,1864,1865,1863,308],"class_list":{"0":"post-452300","1":"post","2":"type-post","3":"status-publish","4":"format-standard","5":"has-post-thumbnail","7":"category-etats-unis","8":"tag-actualites","9":"tag-bad-bunny","10":"tag-culture","11":"tag-etats-unis","12":"tag-etats-unis-damerique","13":"tag-musique","14":"tag-news","15":"tag-super-bowl","16":"tag-united-states","17":"tag-united-states-of-america","18":"tag-us","19":"tag-usa"},"share_on_mastodon":{"url":"https:\/\/pubeurope.com\/@fr\/115349442161580447","error":""},"_links":{"self":[{"href":"https:\/\/www.europesays.com\/fr\/wp-json\/wp\/v2\/posts\/452300","targetHints":{"allow":["GET"]}}],"collection":[{"href":"https:\/\/www.europesays.com\/fr\/wp-json\/wp\/v2\/posts"}],"about":[{"href":"https:\/\/www.europesays.com\/fr\/wp-json\/wp\/v2\/types\/post"}],"author":[{"embeddable":true,"href":"https:\/\/www.europesays.com\/fr\/wp-json\/wp\/v2\/users\/2"}],"replies":[{"embeddable":true,"href":"https:\/\/www.europesays.com\/fr\/wp-json\/wp\/v2\/comments?post=452300"}],"version-history":[{"count":0,"href":"https:\/\/www.europesays.com\/fr\/wp-json\/wp\/v2\/posts\/452300\/revisions"}],"wp:featuredmedia":[{"embeddable":true,"href":"https:\/\/www.europesays.com\/fr\/wp-json\/wp\/v2\/media\/452301"}],"wp:attachment":[{"href":"https:\/\/www.europesays.com\/fr\/wp-json\/wp\/v2\/media?parent=452300"}],"wp:term":[{"taxonomy":"category","embeddable":true,"href":"https:\/\/www.europesays.com\/fr\/wp-json\/wp\/v2\/categories?post=452300"},{"taxonomy":"post_tag","embeddable":true,"href":"https:\/\/www.europesays.com\/fr\/wp-json\/wp\/v2\/tags?post=452300"}],"curies":[{"name":"wp","href":"https:\/\/api.w.org\/{rel}","templated":true}]}}