{"id":452302,"date":"2025-10-10T10:39:14","date_gmt":"2025-10-10T10:39:14","guid":{"rendered":"https:\/\/www.europesays.com\/fr\/452302\/"},"modified":"2025-10-10T10:39:14","modified_gmt":"2025-10-10T10:39:14","slug":"vp-optimiste-sur-la-transmission-denergie-en-allemagne-et-le-secteur-de-leau-au-royaume-uni","status":"publish","type":"post","link":"https:\/\/www.europesays.com\/fr\/452302\/","title":{"rendered":"Vp optimiste sur la transmission d\u00e9nergie en Allemagne et le secteur de l&rsquo;eau au Royaume-Uni"},"content":{"rendered":"<p>(Alliance News) &#8211; Vp PLC a d\u00e9clar\u00e9 vendredi b\u00e9n\u00e9ficier du soutien des initiatives du gouvernement britannique en faveur de la construction d&rsquo;infrastructures, tout en soulignant une activit\u00e9 atone dans le secteur ferroviaire.<\/p>\n<p>\nLa soci\u00e9t\u00e9 de location de mat\u00e9riel, bas\u00e9e \u00e0 Harrogate, en Angleterre, a indiqu\u00e9 que le niveau d&rsquo;activit\u00e9 dans le segment de la transmission d&rsquo;\u00e9nergie de sa division Infrastructure restait \u00ab\u00a0solide\u00a0\u00bb, en particulier en Allemagne. Au sein de la m\u00eame division, les perspectives pour le secteur de l&rsquo;eau sont jug\u00e9es \u00ab\u00a0extr\u00eamement positives\u00a0\u00bb, Vp citant la transition vers une nouvelle p\u00e9riode r\u00e9glementaire au Royaume-Uni.<\/p>\n<p>\nParall\u00e8lement, Vp a not\u00e9 que l&rsquo;activit\u00e9 dans le segment ferroviaire de l&rsquo;Infrastructure demeurait faible en raison du d\u00e9marrage lent et prolong\u00e9 du CP7 de Network Rail. Ce plan de d\u00e9ploiement, pr\u00e9vu par Network Rail, vise \u00e0 renouveler l&rsquo;infrastructure ferroviaire principale de Grande-Bretagne entre d\u00e9but avril 2024 et fin mars 2029.<\/p>\n<p>\nDans la division Construction, la performance du segment de la construction sp\u00e9cialis\u00e9e \u00ab\u00a0reste solide\u00a0\u00bb, mais le march\u00e9 de la construction g\u00e9n\u00e9rale \u00ab\u00a0demeure difficile\u00a0\u00bb.<\/p>\n<p>\nVp pr\u00e9voit de publier des r\u00e9sultats pour l&rsquo;exercice financier se terminant fin mars conformes aux attentes du march\u00e9, avec un chiffre d&rsquo;affaires et un b\u00e9n\u00e9fice attendus en l\u00e9g\u00e8re hausse au second semestre financier.<\/p>\n<p>\nLa soci\u00e9t\u00e9 cite un consensus d&rsquo;analystes pr\u00e9voyant un chiffre d&rsquo;affaires annuel de 386,1 millions de livres sterling, soit une progression de 1,6% par rapport aux 380,0 millions de livres sterling de l&rsquo;exercice 2025.<\/p>\n<p>\nPar ailleurs, le b\u00e9n\u00e9fice avant imp\u00f4ts, amortissements, d\u00e9pr\u00e9ciation du goodwill, des marques commerciales, des relations clients et des \u00e9l\u00e9ments exceptionnels est attendu \u00e0 37,3 millions de livres sterling, en hausse de 1,7% par rapport aux 36,7 millions de livres sterling de l&rsquo;exercice 2024.<\/p>\n<p>\nVp pr\u00e9cise que, dans des march\u00e9s de niche, la construction de logements a profit\u00e9 des modifications de son mod\u00e8le op\u00e9rationnel apport\u00e9es lors du dernier exercice.<\/p>\n<p>\nLa directrice g\u00e9n\u00e9rale Anna Bielby a d\u00e9clar\u00e9 : \u00ab\u00a0Malgr\u00e9 les d\u00e9fis rencontr\u00e9s sur certains de nos march\u00e9s finaux, le premier semestre de l&rsquo;exercice financier a de nouveau d\u00e9montr\u00e9 la solidit\u00e9 et la r\u00e9silience de notre mod\u00e8le commercial diversifi\u00e9. Nous restons optimistes pour le second semestre et pr\u00e9voyons une hausse de l&rsquo;activit\u00e9 dans des secteurs tels que le ferroviaire et l&rsquo;eau, port\u00e9e par la mont\u00e9e en puissance des programmes d&rsquo;investissement \u00e0 long terme, l&rsquo;infrastructure b\u00e9n\u00e9ficiant notamment des initiatives de relance du gouvernement britannique. Avec une strat\u00e9gie claire, un bilan solide et un pipeline d&rsquo;opportunit\u00e9s en croissance, nous sommes bien positionn\u00e9s pour continuer \u00e0 cr\u00e9er de la valeur durable pour nos actionnaires.\u00a0\u00bb<\/p>\n<p>\nL&rsquo;action Vp a progress\u00e9 de 2,9% \u00e0 592,68 pence vendredi matin \u00e0 la Bourse de Londres.<\/p>\n<p>\nPar Tom Budszus, r\u00e9dacteur en chef Alliance News<\/p>\n<p>\nCommentaires et questions : newsroom@alliancenews.com<\/p>\n<p>\nCopyright 2025 Alliance News Ltd. Tous droits r\u00e9serv\u00e9s.<\/p>\n<p><\/p>\n","protected":false},"excerpt":{"rendered":"(Alliance News) &#8211; Vp PLC a d\u00e9clar\u00e9 vendredi b\u00e9n\u00e9ficier du soutien des initiatives du gouvernement britannique en faveur&hellip;\n","protected":false},"author":2,"featured_media":2490,"comment_status":"","ping_status":"","sticky":false,"template":"","format":"standard","meta":{"footnotes":""},"categories":[1588],"tags":[11,340,1777,674,12,473,1853,1851,1850,1852],"class_list":{"0":"post-452302","1":"post","2":"type-post","3":"status-publish","4":"format-standard","5":"has-post-thumbnail","7":"category-royaume-uni","8":"tag-actualites","9":"tag-bourse","10":"tag-eu","11":"tag-europe","12":"tag-news","13":"tag-royaume-uni","14":"tag-royaume-uni-de-grande-bretagne-et-dirlande-du-nord","15":"tag-uk","16":"tag-united-kingdom","17":"tag-united-kingdom-of-great-britain-and-northern-ireland"},"share_on_mastodon":{"url":"https:\/\/pubeurope.com\/@fr\/115349445950973974","error":""},"_links":{"self":[{"href":"https:\/\/www.europesays.com\/fr\/wp-json\/wp\/v2\/posts\/452302","targetHints":{"allow":["GET"]}}],"collection":[{"href":"https:\/\/www.europesays.com\/fr\/wp-json\/wp\/v2\/posts"}],"about":[{"href":"https:\/\/www.europesays.com\/fr\/wp-json\/wp\/v2\/types\/post"}],"author":[{"embeddable":true,"href":"https:\/\/www.europesays.com\/fr\/wp-json\/wp\/v2\/users\/2"}],"replies":[{"embeddable":true,"href":"https:\/\/www.europesays.com\/fr\/wp-json\/wp\/v2\/comments?post=452302"}],"version-history":[{"count":0,"href":"https:\/\/www.europesays.com\/fr\/wp-json\/wp\/v2\/posts\/452302\/revisions"}],"wp:featuredmedia":[{"embeddable":true,"href":"https:\/\/www.europesays.com\/fr\/wp-json\/wp\/v2\/media\/2490"}],"wp:attachment":[{"href":"https:\/\/www.europesays.com\/fr\/wp-json\/wp\/v2\/media?parent=452302"}],"wp:term":[{"taxonomy":"category","embeddable":true,"href":"https:\/\/www.europesays.com\/fr\/wp-json\/wp\/v2\/categories?post=452302"},{"taxonomy":"post_tag","embeddable":true,"href":"https:\/\/www.europesays.com\/fr\/wp-json\/wp\/v2\/tags?post=452302"}],"curies":[{"name":"wp","href":"https:\/\/api.w.org\/{rel}","templated":true}]}}