{"id":452305,"date":"2025-10-10T10:41:16","date_gmt":"2025-10-10T10:41:16","guid":{"rendered":"https:\/\/www.europesays.com\/fr\/452305\/"},"modified":"2025-10-10T10:41:16","modified_gmt":"2025-10-10T10:41:16","slug":"volkswagen-les-ventes-augmentent-legerement-au-t3-portees-par-leurope-et-les-ve-10-10-2025-a-1216","status":"publish","type":"post","link":"https:\/\/www.europesays.com\/fr\/452305\/","title":{"rendered":"Volkswagen-Les ventes augmentent l\u00e9g\u00e8rement au T3, port\u00e9es par l&rsquo;Europe et les VE &#8211; 10\/10\/2025 \u00e0 12:16"},"content":{"rendered":"<p>\n BERLIN, 10 octobre &#8211; Volkswagen<br \/>\n <a href=\"https:\/\/www.boursorama.com\/cours\/1zVOW\/\" rel=\"nofollow noopener\" target=\"_blank\"><br \/>\n  VOWG.DE<br \/>\n <\/a><br \/>\n a fait \u00e9tat<br \/>\nvendredi d&rsquo;une augmentation de 1% de ses livraisons mondiales au<br \/>\ntroisi\u00e8me trimestre, les nouveaux mod\u00e8les ayant favoris\u00e9 les<br \/>\nventes en Europe de l&rsquo;Ouest.\n<\/p>\n<p>\n Les ventes en Europe et Am\u00e9rique du Sud ont permis au<br \/>\nconstructeur automobile allemand de contrer la pression de la<br \/>\nChine et des \u00c9tats-Unis, a d\u00e9clar\u00e9 Marco Schubert, membre du<br \/>\ncomit\u00e9 ex\u00e9cutif \u00e9largi du groupe pour les ventes, dans un<br \/>\ncommuniqu\u00e9.\n<\/p>\n<p>\n Les livraisons du groupe en Chine sont affich\u00e9es en baisse<br \/>\nde 7% sur le trimestre.\n<\/p>\n<p>\n Les livraisons de v\u00e9hicules \u00e9lectriques (VE) \u00e0 batterie sont<br \/>\nelles en hausse de 33,1% entre juillet et septembre, pour<br \/>\natteindre 252.100 v\u00e9hicules.\n<\/p>\n<p>\n En Europe et Am\u00e9rique du Nord, les livraisons de VE de<br \/>\nVolkswagen affichent respectivement une hausse de 60% et 213,5%<br \/>\ntandis qu&rsquo;elles sont en recul de 55% en Chine.\n<\/p>\n<p>\n Marco Schubert a expliqu\u00e9 que cela \u00e9tait li\u00e9 aux conditions<br \/>\nde march\u00e9 variables dans ces trois r\u00e9gions.\n<\/p>\n<p>\n La division Porsche AG de Volkswagen a enregistr\u00e9 une baisse<br \/>\nde 26% de ses ventes en Chine au cours des neuf premiers mois de<br \/>\nl&rsquo;ann\u00e9e, a annonc\u00e9 jeudi le constructeur de voitures de sport.\n<\/p>\n<p>\n Le groupe a revu ses pr\u00e9visions \u00e0 la baisse en septembre et<br \/>\na d\u00e9clar\u00e9 qu&rsquo;il subirait une perte de 5,1 milliards d&rsquo;euros en<br \/>\nraison des plans de Porsche AG visant \u00e0 retarder le lancement de<br \/>\nmod\u00e8les enti\u00e8rement \u00e9lectriques en raison de la faiblesse de la<br \/>\ndemande, de la pression exerc\u00e9e par un march\u00e9 chinois difficile<br \/>\net des tarifs douaniers am\u00e9ricains.\n<\/p>\n<p>\n (R\u00e9dig\u00e9 par Bernadette Hogg et Ilona Wissenbach, version<br \/>\nfran\u00e7aise Etienne Breban, \u00e9dit\u00e9 par Kate Entringer)<\/p>\n","protected":false},"excerpt":{"rendered":"BERLIN, 10 octobre &#8211; Volkswagen VOWG.DE a fait \u00e9tat vendredi d&rsquo;une augmentation de 1% de ses livraisons mondiales&hellip;\n","protected":false},"author":2,"featured_media":15273,"comment_status":"","ping_status":"","sticky":false,"template":"","format":"standard","meta":{"footnotes":""},"categories":[1586],"tags":[400,11,398,408,405,1777,674,1011,27,403,402,399,404,12,25,401,406,407],"class_list":{"0":"post-452305","1":"post","2":"type-post","3":"status-publish","4":"format-standard","5":"has-post-thumbnail","7":"category-europe","8":"tag-action-cac-40","9":"tag-actualites","10":"tag-bourse-de-paris","11":"tag-boursorama","12":"tag-cotations","13":"tag-eu","14":"tag-europe","15":"tag-fr","16":"tag-france","17":"tag-indices-devises","18":"tag-investir","19":"tag-investissement","20":"tag-marche-boursier","21":"tag-news","22":"tag-republique-francaise","23":"tag-sicav","24":"tag-trackers","25":"tag-warrants"},"share_on_mastodon":{"url":"https:\/\/pubeurope.com\/@fr\/115349453895524159","error":""},"_links":{"self":[{"href":"https:\/\/www.europesays.com\/fr\/wp-json\/wp\/v2\/posts\/452305","targetHints":{"allow":["GET"]}}],"collection":[{"href":"https:\/\/www.europesays.com\/fr\/wp-json\/wp\/v2\/posts"}],"about":[{"href":"https:\/\/www.europesays.com\/fr\/wp-json\/wp\/v2\/types\/post"}],"author":[{"embeddable":true,"href":"https:\/\/www.europesays.com\/fr\/wp-json\/wp\/v2\/users\/2"}],"replies":[{"embeddable":true,"href":"https:\/\/www.europesays.com\/fr\/wp-json\/wp\/v2\/comments?post=452305"}],"version-history":[{"count":0,"href":"https:\/\/www.europesays.com\/fr\/wp-json\/wp\/v2\/posts\/452305\/revisions"}],"wp:featuredmedia":[{"embeddable":true,"href":"https:\/\/www.europesays.com\/fr\/wp-json\/wp\/v2\/media\/15273"}],"wp:attachment":[{"href":"https:\/\/www.europesays.com\/fr\/wp-json\/wp\/v2\/media?parent=452305"}],"wp:term":[{"taxonomy":"category","embeddable":true,"href":"https:\/\/www.europesays.com\/fr\/wp-json\/wp\/v2\/categories?post=452305"},{"taxonomy":"post_tag","embeddable":true,"href":"https:\/\/www.europesays.com\/fr\/wp-json\/wp\/v2\/tags?post=452305"}],"curies":[{"name":"wp","href":"https:\/\/api.w.org\/{rel}","templated":true}]}}