{"id":452306,"date":"2025-10-10T10:42:14","date_gmt":"2025-10-10T10:42:14","guid":{"rendered":"https:\/\/www.europesays.com\/fr\/452306\/"},"modified":"2025-10-10T10:42:14","modified_gmt":"2025-10-10T10:42:14","slug":"avant-de-se-marier-avec-elisabeth-il-y-a-eu-anne-aujourdhui-agee-de-101-ans-nous-avons-eu-deux-enfants-morts","status":"publish","type":"post","link":"https:\/\/www.europesays.com\/fr\/452306\/","title":{"rendered":"avant de se marier avec Elisabeth, il y a eu Anne aujourd\u2019hui \u00e2g\u00e9e de 101 ans, \u201cNous avons eu deux enfants morts\u201d"},"content":{"rendered":"<p>Le jeudi 9 octobre 2025, la France a rendu hommage \u00e0 <a href=\"https:\/\/www.mariefrance.fr\/news-people\/robert-badinter-jour-funeste-raconte-livres-dhistoire-vie-bascule-serais-mort-1211020.html\" target=\"_blank\" rel=\"noopener nofollow\">Robert Badinter<\/a>, <strong>figure<br \/>\nmajeure de la justice et artisan de l\u2019abolition de la peine de<br \/>\nmort<\/strong>, \u00e0 l\u2019occasion de son entr\u00e9e au Panth\u00e9on. Mais alors<br \/>\nque la c\u00e9r\u00e9monie nationale se d\u00e9roule sous le signe du souvenir et<br \/>\ndu respect, une voix inattendue s\u2019est \u00e9lev\u00e9e : celle d\u2019Anne Vernon,<br \/>\nla premi\u00e8re \u00e9pouse de l\u2019ancien garde des Sceaux.<\/p>\n<p>\u00c0 101 ans, <strong>l\u2019ancienne com\u00e9dienne a accept\u00e9 de revenir<br \/>\nsur leur histoire<\/strong>. Interrog\u00e9e par <a href=\"https:\/\/www.purepeople.com\/article\/cetait-un-preux-chevalier-la-premiere-epouse-de-robert-badinter-actrice-aujourdhui-agee-de-101-ans-sexprime-sur-leur-histoire-pour-son-entree-au-pantheon_a543429\/1\" target=\"_blank\" rel=\"nofollow noopener\">Pure People<\/a>,<br \/>\nelle d\u00e9crit celui qu\u2019elle a aim\u00e9 comme un \u00ab preux chevalier<br \/>\n\u00bb, nourri de litt\u00e9rature et de valeurs morales. Une confession<br \/>\nintime, \u00e0 la crois\u00e9e de l\u2019hommage public et du souvenir<br \/>\npersonnel.<\/p>\n<p>L\u2019hommage national \u00e0 Robert Badinter<\/p>\n<p>Ce jeudi, l\u2019\u00e9motion \u00e9tait palpable au Panth\u00e9on. <a href=\"https:\/\/www.mariefrance.fr\/news-people\/robert-badinter-appartement-tres-chic-paris-faisait-etage-part-femme-elisabeth-deux-esprits-libres-1210981.html\" target=\"_blank\" rel=\"noopener nofollow\">Robert Badinter<\/a>, d\u00e9c\u00e9d\u00e9 en<br \/>\nf\u00e9vrier 2024, rejoint les grandes figures de la R\u00e9publique lors<br \/>\nd\u2019une c\u00e9r\u00e9monie pr\u00e9sid\u00e9e par Emmanuel Macron. Et la date n\u2019a rien<br \/>\ndu hasard. En effet, <strong>elle co\u00efncide avec l\u2019anniversaire de<br \/>\nl\u2019abolition de la peine de mort<\/strong>, vot\u00e9e en 1981, combat<br \/>\ndont il fut l\u2019infatigable d\u00e9fenseur. Son c\u00e9notaphe, expos\u00e9 la<br \/>\nveille au Conseil constitutionnel, a \u00e9t\u00e9 transport\u00e9 en cort\u00e8ge<br \/>\njusqu\u2019au Panth\u00e9on. Il \u00e9tait accompagn\u00e9 de lectures de ses<br \/>\nplaidoiries embl\u00e9matiques et d\u2019un texte de Victor Hugo, lu par<br \/>\nGuillaume Gallienne. Le chanteur Julien Clerc a \u00e9galement<br \/>\ninterpr\u00e9t\u00e9 L\u2019Assassin assassin\u00e9, symbole de ce combat<br \/>\nhumaniste.<\/p>\n<p>Mais dans l\u2019ombre des hommages officiels, Anne Vernon, premi\u00e8re<br \/>\n\u00e9pouse de Robert Badinter, a choisi de sortir du silence. Actrice<br \/>\npopulaire des ann\u00e9es 1940, elle fut sa compagne pendant une dizaine<br \/>\nd\u2019ann\u00e9es. \u00c0 101 ans, elle se souvient d\u2019un homme \u00ab courageux et<br \/>\nloyal \u00bb, marqu\u00e9 par son parcours d\u2019immigr\u00e9 venu de Moldavie et<br \/>\ndevenu, dit-elle, \u00ab un vrai Fran\u00e7ais \u00bb.<\/p>\n<p><img loading=\"lazy\" decoding=\"async\" aria-describedby=\"caption-attachment-925041\" itemprop=\"thumbnailUrl\" class=\"size-large wp-image-925041 img-responsive\" src=\"https:\/\/www.europesays.com\/fr\/wp-content\/uploads\/2025\/10\/shutterstock_editorial_444670c-736x1200.jpg\" alt=\"Robert Badinter, un homme politque connu\u00a0\" width=\"736\" height=\"1200\"\/> \u00a9 Shutterstock<\/p>\n<p id=\"caption-attachment-925041\" class=\"wp-caption-text\">Robert<br \/>\nBadinter est d\u00e9crit comme un \u00ab\u00a0preux chevalier\u00a0\u00bb par sa premi\u00e8re<br \/>\n\u00e9pouse.<\/p>\n<p>Robert Badinter et Anne Vernon : une histoire d\u2019amour marqu\u00e9e<br \/>\npar le drame<\/p>\n<p>Avant de partager la vie d\u2019\u00c9lisabeth Badinter, l\u2019ancien ministre<br \/>\nde la Justice a connu <strong>une union aussi passionn\u00e9e que<br \/>\ntragique<\/strong>. En f\u00e9vrier 2024, dans les colonnes de<br \/>\nNice-Matin, Anne Vernon s\u2019\u00e9tait d\u00e9j\u00e0 confi\u00e9e sur cette p\u00e9riode<br \/>\ndouloureuse. \u00ab Nous avons eu deux enfants, morts quelques jours<br \/>\napr\u00e8s la naissance, au huiti\u00e8me mois. Contamin\u00e9s, je pense par l\u2019un<br \/>\nde mes reins malades \u00bb, avait-elle r\u00e9v\u00e9l\u00e9. Une perte<br \/>\nirr\u00e9parable qui a profond\u00e9ment marqu\u00e9 leur couple. \u00ab Cela a<br \/>\npes\u00e9 sur notre mariage \u00bb, explique-t-elle avec pudeur.<\/p>\n<p>Elle se souvient aussi d\u2019une phrase de son \u00e9poux, rest\u00e9e grav\u00e9e<br \/>\n: \u00ab On a tu\u00e9 tellement de juifs. Il faut que j\u2019aie des enfants.<br \/>\n\u00bb Des mots lourds de sens pour Robert Badinter, issu d\u2019une<br \/>\nfamille juive de Bessarabie ayant fui les pers\u00e9cutions. Pour Anne<br \/>\nVernon, il devenait impossible de revivre un tel drame.<br \/>\n<strong>Leur s\u00e9paration fut in\u00e9vitable<\/strong>. Malgr\u00e9 cette<br \/>\n\u00e9preuve, elle garde de lui l\u2019image d\u2019un homme anim\u00e9 par une foi<br \/>\nin\u00e9branlable dans la justice et la dignit\u00e9 humaine. \u00ab Il \u00e9tait<br \/>\nnourri de Victor Hugo, d\u2019Alexandre Dumas\u2026 C\u2019\u00e9tait un preux<br \/>\nchevalier \u00bb, a-t-elle d\u00e9clar\u00e9 sur TF1.<\/p>\n<p><img loading=\"lazy\" decoding=\"async\" aria-describedby=\"caption-attachment-924625\" class=\"size-full wp-image-924625 img-responsive\" src=\"https:\/\/www.europesays.com\/fr\/wp-content\/uploads\/2025\/10\/2-159.jpg\" alt=\"&lt;p&gt;Robert Badinter&lt;\/p&gt;\" width=\"1200\" height=\"630\"\/> \u00a9 shutterstock<\/p>\n<p id=\"caption-attachment-924625\" class=\"wp-caption-text\">La<br \/>\npremi\u00e8re femme de Robert Badinter lui a rendu un hommage tr\u00e8s<br \/>\npersonnel.<\/p>\n<p>Robert Badinter : entre hommage<br \/>\nsolennel et h\u00e9ritage moral<\/p>\n<p>Si Robert Badinter repose toujours au cimeti\u00e8re de Bagneux, son<br \/>\ncercueil arriv\u00e9 au Panth\u00e9on n\u2019est pas totalement vide. Cinq objets<br \/>\ny ont \u00e9t\u00e9 d\u00e9pos\u00e9s : sa robe d\u2019avocat, une copie de son c\u00e9l\u00e8bre<br \/>\ndiscours sur la peine de mort, et trois livres, dont Idiss, \u0153uvre<br \/>\nd\u00e9di\u00e9e \u00e0 sa grand-m\u00e8re. <strong>Lors de la c\u00e9r\u00e9monie, pr\u00e8s de 1 000<br \/>\npersonnes ont assist\u00e9 \u00e0 l\u2019hommage<\/strong> : 500 invit\u00e9s officiels,<br \/>\ndont le dessinateur Plantu et le com\u00e9dien Vincent Lindon. Mais<br \/>\naussi, 500 coll\u00e9giens et lyc\u00e9ens venus honorer sa m\u00e9moire.<br \/>\nPlusieurs anciens gardes des Sceaux, de Rachida Dati \u00e0 <a href=\"https:\/\/www.mariefrance.fr\/news-people\/eric-dupond-moretti-isabelle-boulay-ouvrent-portes-grandiose-villa-15-million-euros-nice-1156205.html\" target=\"_blank\" rel=\"noopener nofollow\">\u00c9ric Dupond-Moretti<\/a>, \u00e9taient<br \/>\n\u00e9galement pr\u00e9sents. \u00c9lisabeth Badinter, son \u00e9pouse depuis 1966 et<br \/>\nm\u00e8re de leurs trois enfants a supervis\u00e9 chaque d\u00e9tail de cette<br \/>\npanth\u00e9onisation.<\/p>\n<blockquote class=\"twitter-tweet\"><p><a class=\"twitter-link\" rel=\"noindex, nofollow noopener\" href=\"https:\/\/twitter.com\/mariefrancemag\/status\/1976258226229276995\" target=\"_blank\"><\/p><\/blockquote>\n<p>Mais cette journ\u00e9e d\u2019hommage a \u00e9t\u00e9 ternie par une nouvelle<br \/>\ntriste : la profanation de la tombe de Robert Badinter, d\u00e9couverte<br \/>\nla veille au cimeti\u00e8re de Bagneux. <strong>Une inscription haineuse<br \/>\na \u00e9t\u00e9 retrouv\u00e9e sur sa s\u00e9pulture<\/strong>, entra\u00eenant l\u2019ouverture<br \/>\nd\u2019une enqu\u00eate pour profanation. De son vivant, Robert Badinter<br \/>\nrefusait tout culte de la personnalit\u00e9. Son combat, disait-il,<br \/>\nappartenait \u00e0 tous ceux qui croient en la justice. Et si<br \/>\naujourd\u2019hui la France c\u00e9l\u00e8bre le symbole, Anne Vernon, elle, se<br \/>\nsouvient simplement de l\u2019homme. Celui qu\u2019elle a aim\u00e9, perdu, et<br \/>\nqu\u2019elle appelle encore \u00ab mon preux chevalier \u00bb.<\/p>\n<p><script async src=\"https:\/\/platform.twitter.com\/widgets.js\" charset=\"utf-8\"><\/script><\/p>\n","protected":false},"excerpt":{"rendered":"Le jeudi 9 octobre 2025, la France a rendu hommage \u00e0 Robert Badinter, figure majeure de la justice&hellip;\n","protected":false},"author":2,"featured_media":452307,"comment_status":"","ping_status":"","sticky":false,"template":"","format":"standard","meta":{"footnotes":""},"categories":[1586],"tags":[11,21303,1777,674,1779,1011,27,12,25,1778,364],"class_list":{"0":"post-452306","1":"post","2":"type-post","3":"status-publish","4":"format-standard","5":"has-post-thumbnail","7":"category-europe","8":"tag-actualites","9":"tag-buzz_nonli","10":"tag-eu","11":"tag-europe","12":"tag-european-union","13":"tag-fr","14":"tag-france","15":"tag-news","16":"tag-republique-francaise","17":"tag-ue","18":"tag-union-europeenne"},"share_on_mastodon":{"url":"https:\/\/pubeurope.com\/@fr\/115349458674976154","error":""},"_links":{"self":[{"href":"https:\/\/www.europesays.com\/fr\/wp-json\/wp\/v2\/posts\/452306","targetHints":{"allow":["GET"]}}],"collection":[{"href":"https:\/\/www.europesays.com\/fr\/wp-json\/wp\/v2\/posts"}],"about":[{"href":"https:\/\/www.europesays.com\/fr\/wp-json\/wp\/v2\/types\/post"}],"author":[{"embeddable":true,"href":"https:\/\/www.europesays.com\/fr\/wp-json\/wp\/v2\/users\/2"}],"replies":[{"embeddable":true,"href":"https:\/\/www.europesays.com\/fr\/wp-json\/wp\/v2\/comments?post=452306"}],"version-history":[{"count":0,"href":"https:\/\/www.europesays.com\/fr\/wp-json\/wp\/v2\/posts\/452306\/revisions"}],"wp:featuredmedia":[{"embeddable":true,"href":"https:\/\/www.europesays.com\/fr\/wp-json\/wp\/v2\/media\/452307"}],"wp:attachment":[{"href":"https:\/\/www.europesays.com\/fr\/wp-json\/wp\/v2\/media?parent=452306"}],"wp:term":[{"taxonomy":"category","embeddable":true,"href":"https:\/\/www.europesays.com\/fr\/wp-json\/wp\/v2\/categories?post=452306"},{"taxonomy":"post_tag","embeddable":true,"href":"https:\/\/www.europesays.com\/fr\/wp-json\/wp\/v2\/tags?post=452306"}],"curies":[{"name":"wp","href":"https:\/\/api.w.org\/{rel}","templated":true}]}}